{"id":6613,"date":"2022-03-23T20:06:53","date_gmt":"2022-03-24T02:06:53","guid":{"rendered":"https:\/\/www.buroperiodistico.com.mx\/?p=6613"},"modified":"2022-03-23T20:06:53","modified_gmt":"2022-03-24T02:06:53","slug":"de-primerala-dama-de-la-noticia-por-arabela-garcia-6","status":"publish","type":"post","link":"https:\/\/www.buroperiodistico.com.mx\/?p=6613","title":{"rendered":"DE PRIMERA\u2026LA DAMA DE LA NOTICIA\/ POR ARABELA GARCIA"},"content":{"rendered":"<ul>\n<li><strong><em>PROXIMO DOMINGO DE REGISTROS<\/em><\/strong><\/li>\n<li><strong><em>LA ENCUESTITIS Y LAS MENTIRITIS<\/em><\/strong><\/li>\n<\/ul>\n<p>Luego que se dio el impasse al t\u00e9rmino de la campana que llevaron a cabo los candidatos rumbo a la gobernatura, no pararon de exponer resultados de diversas casas encuestadoras a fin de seguir permeado en el \u00e1nimo de los tamaulipecos, aun considerando que el INE los trae bien cortitos.<\/p>\n<p>La encuesta final es la que se llevar\u00e1 a cabo el 5 de junio a final del d\u00eda cuando todos los tamaulipecos emitan el voto y se lleve a cabo un conteo preliminar que genere alguna expectativa, por ahora son meras especulaciones de quienes llevan alg\u00fan inter\u00e9s a favor de alg\u00fan grupo pol\u00edtico.<\/p>\n<p>Los tres participantes son hartamente conocidos en el estado, aunque ARTURO DIEZ GUTIERREZ, andaba desaparecido del panorama pol\u00edtico, ahora con su campa\u00f1a interna y con sus mensajes publicitarios a logrado colocarse, sin embargo, hay que reconocer que tano AMERICO VILLARREAL como CESAR VERASTEGUI OSTOS, llevan ventaja, su vigencia en diferentes escenarios los pondera con mayores n\u00fameros en las encuestas.<\/p>\n<p>No hay nada para nadie, ya hemos observado otras campa\u00f1as y los n\u00fameros cambian de un momento a otro, las estrategias en pol\u00edtica tienen mayor poder que la de un mago y parece ser seg\u00fan los videntes y este g\u00e9nero que podr\u00eda haber muchas sorpresas.<\/p>\n<p>Est\u00e1n en juego no solo los destinos de Tamaulipas, sino de cinco estados m\u00e1s as\u00ed que el juego no solo es para este estado, los partidos tendr\u00e1n que repartir un pastel mucho mas grade y por tal los intereses ser\u00e1n mayores.<\/p>\n<p>Para transformar un pa\u00eds se requiere que todos los engranes giren en un mismo sentido y el gobierno federal ha batallado para que esto suceda, claro est\u00e1 que no ser\u00e1 f\u00e1cil, sin embargo, su podr\u00eda ha logrado que el barco se balance m\u00e1s a su favor, pero no todos los grupos est\u00e1n en ese mismo sentido as\u00ed que por el otro estiran a ir por otro rumbo.<\/p>\n<p>As\u00ed ser\u00e1n en parte lo que veremos a la hora de la decisi\u00f3n sino es que antes de las campanas el estire y e afloje, no todos los mexicanos est\u00e1n de acuerdo con la 4T, pero otros est\u00e1n a favor, la fuerza se mide en cada elecci\u00f3n<\/p>\n<p>Una parte de lo que hemos podido observar es que muchos que estaban a favor de Morena se cambiaron a otro banco pol\u00edtico, lo mismo sucede en otros colores a favor o en contra, a cuesti\u00f3n es que el chapulineo es una de las practicas mas modernas de estos tiempos pol\u00edticos.<\/p>\n<p>Sin pena, ni gloria, tantos personajes de gran nivel pol\u00edtico hasta operadores de cualquier \u00e1rea se venden al mejor postor, pero su brincoteo no genera credibilidad a quien los ve desde la barrera y en este caso el electorado que solo cumple la funci\u00f3n decisiva les dar\u00e1 su merecido.<\/p>\n<p>PROXIMO DOMINGO los registros en diferentes horarios, esta agendada la presencia de los \u00fanicos tres candidatos a gobernador que registraron tanto por las alianzas como por Movimiento Ciudadano, ya que no hubo independientes.<\/p>\n<p>Este 27 de marzo, se registran ante el Instituto Electoral de Tamaulipas (Ietam) como candidatos los tres aspirantes a la gubernatura de Tamaulipas: Arturo D\u00edez Guti\u00e9rrez Navarro, C\u00e9sar Ver\u00e1stegui Ostos y Am\u00e9rico Villarreal Anaya. De acuerdo con el Ietam, los partidos ya agendaron su espacio para ser recibidos por el Consejo General del instituto, encabezados por el presidente, Juan Jos\u00e9 Ramos Charre.<\/p>\n<p>El primer turno solicitado es a las 10 de la ma\u00f1ana, por Arturo D\u00edez Guti\u00e9rrez Navarro, del Partido Movimiento Ciudadano (PMC), partido que va solo.<\/p>\n<p>A las 12:00 horas, est\u00e1 agendado C\u00e9sar Ver\u00e1stegui \u201cEl Truco\u201d, candidato de la coalici\u00f3n \u201cVa por Tamaulipas\u201d, integrada por el Partido Acci\u00f3n Nacional (PAN), el Partido Revolucionario Institucional (PRI) y el Partido de la Revoluci\u00f3n Democr\u00e1tica (PRD).<\/p>\n<p>Est\u00e1n citando a las 15:30 horas en la Plaza del 15 Hidalgo de Ciudad Victoria para el registro de Am\u00e9rico Villarreal Anaya de \u201cJuntos Haremos Historia en Tamaulipas\u00bb, integrado por el Movimiento de Regeneraci\u00f3n Nacional (Morena), Partido del Trabajo (PT) y el Partido Verde Ecologista de M\u00e9xico (PVEM).<\/p>\n<p>Previo al registro el IETAM ya anuncio que se llevaran a cabo dos debates&lt; el primero el 24 de abril\u00a0 y el segundo el 22 de mayo, queda\u00a0 pendiente log\u00edstica.<\/p>\n<p>El IETAM emitir\u00e1 a m\u00e1s tardar el 31 de marzo los criterios, esto es fechas, sedes, tem\u00e1ticas y las reglas para la realizaci\u00f3n de los dos debates obligatorios que deber\u00e1n realizar los candidatos<\/p>\n<p>Contra las adversidades, AMERICO VILLARREAL ANAYA, llego a la candidatura, la pregunta es y para donde se va a ladear como dicen en el rancho\u00a0 MAKI ORTIZ, la \u00fanica que se inconformo con el procedimiento, como si fuera novata la exalcaldesa de Reynosa quien debe conformarse con la alcald\u00eda de su ciudad natal que de todos es\u00a0 bien sabido que la que manda y dirige todo es ella y no su hijo CARLOS que mas bien lo tiene como un monigote y a quien mas le vale que gane la elecci\u00f3n de AMERICO, porque ahora si como dicen no se la va a acabar.<\/p>\n<p>Ahora si nos toca, haciendo alusi\u00f3n a las mujeres, MAKI ORTIZ logro permear en el gremio feminista pero el punto es cuando las mujeres con ese pensamiento solo lo dicen para ganar adeptos, pero la realidad es que son m\u00e1s mis\u00f3ginas que los mismos hombres, porque es incapaz de apoyar a las mujeres.<\/p>\n<p>Bueno dicen que siendo artista y pol\u00edtica salen los defectos as\u00ed que las verdades duelen, pero tambi\u00e9n sirven para hacerse promoci\u00f3n como las de la far\u00e1ndula escandalosa, quienes dicen a favor o en contra pero que hablen.<\/p>\n<p>Sugerencias y comentarios arabelagarcia01@hotmail.com<\/p>\n","protected":false},"excerpt":{"rendered":"<p>PROXIMO DOMINGO DE REGISTROS LA ENCUESTITIS Y LAS MENTIRITIS Luego que se dio el impasse&#8230;<\/p>\n","protected":false},"author":1,"featured_media":216,"comment_status":"open","ping_status":"open","sticky":false,"template":"","format":"standard","meta":{"footnotes":"","jetpack_publicize_message":"","jetpack_publicize_feature_enabled":true,"jetpack_social_post_already_shared":false,"jetpack_social_options":{"image_generator_settings":{"template":"highway","default_image_id":0,"font":"","enabled":false},"version":2}},"categories":[23],"tags":[],"class_list":["post-6613","post","type-post","status-publish","format-standard","has-post-thumbnail","hentry","category-columnas"],"jetpack_publicize_connections":[],"_links":{"self":[{"href":"https:\/\/www.buroperiodistico.com.mx\/index.php?rest_route=\/wp\/v2\/posts\/6613","targetHints":{"allow":["GET"]}}],"collection":[{"href":"https:\/\/www.buroperiodistico.com.mx\/index.php?rest_route=\/wp\/v2\/posts"}],"about":[{"href":"https:\/\/www.buroperiodistico.com.mx\/index.php?rest_route=\/wp\/v2\/types\/post"}],"author":[{"embeddable":true,"href":"https:\/\/www.buroperiodistico.com.mx\/index.php?rest_route=\/wp\/v2\/users\/1"}],"replies":[{"embeddable":true,"href":"https:\/\/www.buroperiodistico.com.mx\/index.php?rest_route=%2Fwp%2Fv2%2Fcomments&post=6613"}],"version-history":[{"count":0,"href":"https:\/\/www.buroperiodistico.com.mx\/index.php?rest_route=\/wp\/v2\/posts\/6613\/revisions"}],"wp:featuredmedia":[{"embeddable":true,"href":"https:\/\/www.buroperiodistico.com.mx\/index.php?rest_route=\/wp\/v2\/media\/216"}],"wp:attachment":[{"href":"https:\/\/www.buroperiodistico.com.mx\/index.php?rest_route=%2Fwp%2Fv2%2Fmedia&parent=6613"}],"wp:term":[{"taxonomy":"category","embeddable":true,"href":"https:\/\/www.buroperiodistico.com.mx\/index.php?rest_route=%2Fwp%2Fv2%2Fcategories&post=6613"},{"taxonomy":"post_tag","embeddable":true,"href":"https:\/\/www.buroperiodistico.com.mx\/index.php?rest_route=%2Fwp%2Fv2%2Ftags&post=6613"}],"curies":[{"name":"wp","href":"https:\/\/api.w.org\/{rel}","templated":true}]}}