{"id":6611,"date":"2022-03-23T20:04:51","date_gmt":"2022-03-24T02:04:51","guid":{"rendered":"https:\/\/www.buroperiodistico.com.mx\/?p=6611"},"modified":"2022-03-23T20:04:51","modified_gmt":"2022-03-24T02:04:51","slug":"en-concreto-por-angel-a-guerra-53","status":"publish","type":"post","link":"https:\/\/www.buroperiodistico.com.mx\/?p=6611","title":{"rendered":"EN CONCRETO\/ Por: \u00c1ngel A. Guerra"},"content":{"rendered":"<p style=\"text-align: center;\"><strong><em>Congreso: primer round<\/em><\/strong><\/p>\n<ul>\n<li><strong><em>PAN arrebata a Morena principales Comisiones<\/em><\/strong><\/li>\n<li><strong><em>Zipizape en el Pleno; \u2018agarre\u2019 entre legisladores<\/em><\/strong><\/li>\n<li><strong><em>\u00darsula por Zertuche; Armando, al Comit\u00e9 de AVA<\/em><\/strong><\/li>\n<li><strong><em>Reynosa: Carlos da un c\u00e1lido abrazo a migrantes<\/em><\/strong><\/li>\n<li><strong><em>El \u2018pleitazo\u2019, oscuro presagio rumbo a la elecci\u00f3n<\/em><\/strong><\/li>\n<\/ul>\n<p>Diputados del Partido Acci\u00f3n Nacional provocaron ayer un brote de violencia en el Palacio Legislativo, luego que la presidencia de la Junta de Coordinaci\u00f3n Pol\u00edtica &#8211;ahora en manos del PAN&#8211; anunci\u00f3 la redistribuci\u00f3n de las principales Comisiones entre los miembros de su bancada, provocando la reacci\u00f3n de los Legisladores de Morena, que fueron desalojados de esas posiciones.<\/p>\n<p>El despojo desat\u00f3 una batalla campal en plena sesi\u00f3n ordinaria, luego que el diputado del PAN, CARLOS FERNANDEZ ALTAMIRANO se tirone\u00f3 con el morenista JOS\u00c9 ALBERTO GRANADOS FAVILA, provocando una reacci\u00f3n colectiva que agit\u00f3 los \u00e1nimos y crisp\u00f3 los pu\u00f1os de los legisladores de ambas bancadas.<\/p>\n<p>El zipizape legislativo alcanz\u00f3 su cl\u00edmax al momento de votar la modificaci\u00f3n de las presidencias de las Comisiones, pues diputados de Morena tomaron la Mesa Directiva e intentaron suspender la votaci\u00f3n, pero el proceso ya estaba en marcha y se aprob\u00f3 por mayor\u00eda de votos.<\/p>\n<p>Las principales Comisiones son las de Finanzas, Planeaci\u00f3n, Presupuesto y Deuda P\u00fablica; Gobernaci\u00f3n, Auditor\u00eda Superior as\u00ed como la Instructora, las cuales ya hab\u00edan sido distribuidas entre los morenistas bajo el liderazgo del Dr. ARMANDO ZERTUCHE ZUANI, quien perdi\u00f3 la Junta de Coordinaci\u00f3n Pol\u00edtica por la traici\u00f3n de 2 diputadas que habr\u00edan sido \u201ccompradas\u201d por el PAN.<\/p>\n<p>Este primer enfrentamiento f\u00edsico entre panistas y morenistas se produjo 24 horas despu\u00e9s de que el precandidato de Morena a gobernador, Dr. AM\u00c9RICO VILLARREAL ANAYA, denunci\u00f3 ante la representaci\u00f3n de la Fiscal\u00eda General de la Rep\u00fablica, la ofensiva medi\u00e1tica desplegada por sus adversarios [muy probablemente orquestada desde la Coordinaci\u00f3n de Comunicaci\u00f3n Social del gobierno cabecista], por lo que pidi\u00f3 la intervenci\u00f3n de la Fiscal\u00eda federal para proceder contra los responsables de esta cobarde agresi\u00f3n.<\/p>\n<p>Al mismo tiempo, el choque entre diputados de PAN y Morena ocurri\u00f3 a 24 horas de que la Suprema Corte de Justicia de la Naci\u00f3n dictamine el Juicio de Procedencia que se instruye contra el gobernador FRANCISCO N [que se pronunciar\u00e1 hoy jueves, 24 de marzo], quien es presunto responsable de los delitos de delincuencia organizada, uso de recursos de procedencia il\u00edcita y defraudaci\u00f3n fiscal equiparada.<\/p>\n<p>Pero ocurre tambi\u00e9n, a 75 d\u00edas de la elecci\u00f3n constitucional para el cambio de gobernador, por lo que este primer choque violento entre panistas y morenistas, agita la atm\u00f3sfera pol\u00edtica de Tamaulipas rumbo a los comicios de junio y se convierte en un ominoso presagio.<\/p>\n<p>Este espacio insiste en la necesidad de que intervenga en Tamaulipas la Secretaria de Gobernaci\u00f3n, a efecto de impedir que la sangre llegue al r\u00edo.<\/p>\n<p>Ello ocurre al mismo tiempo que Morena acuerda el cambio del Coordinador de su Bancada en el Congreso local: sale el Dr. ARMANZDO ZERTUCHE ZUANI y asume \u00daRSULA SALAZAR MOJICA.<\/p>\n<p>Es un hecho que el Dr. ARMANDO ZERTUCHE ZUANI ocupar\u00e1 una posici\u00f3n estrat\u00e9gica en el Comit\u00e9 de Campa\u00f1a del precandidato de Morena a gobernador, Dr. AM\u00c8RICO VILLARREAL ANAYA.<\/p>\n<p><strong><em>BIT\u00c1CORA LEGISLATIVA:<\/em><\/strong><\/p>\n<p>&#8211;El Diputado \u00c1NGEL DE JES\u00daS COVARRUBIAS VILLAVERDE comunic\u00f3 que a partir de este 22 de marzo, su separaci\u00f3n del Grupo Parlamentario al que pertenece para integrarse a la Fracci\u00f3n Parlamentaria del PRI.<\/p>\n<p>&#8211;La fracci\u00f3n Parlamentaria del PRI comunic\u00f3 que aceptaron este 22 de marzo, la integraci\u00f3n del Diputado \u00c1NGEL DE JES\u00daS COVARRUBIAS VILLAVERDE, por lo que a partir de esta fecha fungir\u00e1n como Grupo Parlamentario en este Congreso.<\/p>\n<p>Iniciativas:<\/p>\n<p>&#8211;La Diputada IMELDA SANMIGUEL S\u00c1NCHEZ dio lectura a la Iniciativa de Punto de Acuerdo impulsada por la Junta de Coordinaci\u00f3n Pol\u00edtica, <strong>por la que se modifican<\/strong> la integraci\u00f3n de las Comisiones de la Legislatura 65.<\/p>\n<p>An\u00e1lisis de la propuesta:<\/p>\n<p>&#8211;Diputado ISIDRO VARGAS FERN\u00c1NDEZ: En contra de la propuesta, ya que manifest\u00f3 no se realiz\u00f3 reuni\u00f3n de la Junta de Coordinaci\u00f3n Pol\u00edtica y es reciente la conformaci\u00f3n del PRI como Grupo Parlamentario. Plante\u00f3 una moci\u00f3n suspensiva de este acuerdo de la JUCOPO.<\/p>\n<p>&#8211;Diputado F\u00c9LIX FERNANDO GARC\u00cdA AGUIAR: Se llev\u00f3 a cabo en tiempo y forma la Junta de Coordinaci\u00f3n Pol\u00edtica, donde particip\u00f3 el Diputado ARMANDO ZERTUCHE, a quien pidi\u00f3 confirmara si estuvo presente en dicha reuni\u00f3n.<\/p>\n<p>&#8211;Diputado ARMANDO ZERTUCHE: Agradeci\u00f3 le hiciera esa pregunta, afirmando que si particip\u00f3 y solicit\u00f3 observaciones para que esta moci\u00f3n suspensiva que plante\u00f3 su compa\u00f1ero Isidro Vargas sea considerada.<\/p>\n<p>&#8211;Diputado F\u00c9LIX FERNANDO GARC\u00cdA AGUIAR: Insisti\u00f3 en que a las 12 del d\u00eda se recibi\u00f3 el oficio del cambio en la coordinaci\u00f3n de Morena, lo que valida la reuni\u00f3n convocada en tiempo y forma.<\/p>\n<p>&#8211;Diputado EDGAR MELHEM SALINAS: hizo hincapi\u00e9 en el tema del voto ponderado, dejando de manifiesto que la reuni\u00f3n de la Junta de Coordinaci\u00f3n Pol\u00edtica tuvo legalidad.<\/p>\n<p>Diputado HUMBERTO PRIETO HERRERA: En contra del acuerdo para modificar las comisiones y pidi\u00f3 apegarse al reglamento que nada tiene que ver con el voto ponderado.<\/p>\n<p>&#8211;Diputado ARMANDO ZERTUCHE: Recalc\u00f3 que se debe reconsiderar la reuni\u00f3n de la JUCOPO donde particip\u00f3 el PRI, ya que debe tomarse en cuenta hasta la otra semana, pues se inform\u00f3 este d\u00eda en la sesi\u00f3n el cambio de fracci\u00f3n a Grupo Parlamentario. Pidi\u00f3 apoyar la moci\u00f3n suspensiva.<\/p>\n<p><strong>Se reanuda la sesi\u00f3n:<\/strong><\/p>\n<p>&#8211;Diputado F\u00c9LIX FERNANDO GARC\u00cdA AGUIAR: Propuso, una vez efectuada la reuni\u00f3n de la JUCOPO, someter a votaci\u00f3n el acuerdo de la JUCOPO para la modificaci\u00f3n de las Comisiones.<\/p>\n<p>&#8211;Se aprob\u00f3 por 20 voto a favor.<\/p>\n<p style=\"text-align: center;\"><strong><em>PVEM PRESENTA A AM\u00c9RICO COMO <\/em><em>SU CANDIDATO OFICIAL A LA GUBERNATURA<\/em><\/strong><\/p>\n<p><strong>Ciudad de M\u00e9xico.-<\/strong> Concatenando temas, en sesi\u00f3n de trabajo llevada a cabo en el Comit\u00e9 Ejecutivo Nacional del Partido Verde Ecologista de M\u00e9xico y en presencia del l\u00edder nacional Ecologista, ARTURO ESCOBAR y VEGA, se llev\u00f3 a cabo la validaci\u00f3n oficial de la candidatura al gobierno del estado de Tamaulipas, en favor del doctor AM\u00c9RICO VILLARREAL ANAYA.<\/p>\n<p>\u201cNos llena de emoci\u00f3n hacer este anuncio en donde se da cumplimento a la validaci\u00f3n oficial de la candidatura por parte de este Instituto Pol\u00edtico, en favor del doctor Am\u00e9rico Villarreal Anaya,\u201d se\u00f1al\u00f3 ARTURO ESCOBAR y VEGA.<\/p>\n<p>MANUEL MU\u00d1OZ CANO, dirigente estatal del Verde, se\u00f1al\u00f3 que \u201cEl Verde Tamaulipas ser\u00e1 el principal aliado de Morena en los 43 municipios del estado y juntos defender\u00e1n el proceso electoral m\u00e1s importante de las \u00faltimas d\u00e9cadas.\u201d<\/p>\n<p>Acompa\u00f1ados tambi\u00e9n del Delegado Nacional del CEN en Tamaulipas, KARL HEINZ BECKER HERN\u00c1NDEZ, MU\u00d1OZ CANO se\u00f1al\u00f3 que como parte de los acuerdos a los que se sujetaron los partidos Morena, Verde y PT mediante la celebraci\u00f3n del convenio de candidatura com\u00fan a la gubernatura del estado de Tamaulipas, este partido proceder\u00e1 a ratificar a AM\u00c9RICO VILLARREAL ANAYA ante de la Comisi\u00f3n Coordinadora de la Candidatura com\u00fan, \u201cJuntos hacemos historia en Tamaulipas\u201d.<\/p>\n<p style=\"text-align: center;\"><strong><em>CARLOS PE\u00d1A DA C\u00c1LIDO <\/em><em>ABRAZO A LOS MIGRANTES<\/em><\/strong><\/p>\n<p>En Reynosa, entre tanto, el presidente municipal CARLOS PE\u00d1A ORTIZ encabez\u00f3 un recorrido de supervisi\u00f3n por la obra en construcci\u00f3n de lo que ser\u00e1 el nuevo albergue para los migrantes en tr\u00e1nsito, una obra humanitaria que proyecta la sensibilidad del gobierno municipal, que dotar\u00e1 de espacio digno, seguro, higi\u00e9nico, c\u00e1lido y permanente a cualquier habitante del planeta que haga escala en Reynosa mientras cruza a Estados Unidos.<\/p>\n<p>En este nuevo espacio, que se erige en una superficie de una hect\u00e1rea de la colonia Carmen Serd\u00e1n, totalmente bardeado y provisto de los servicios p\u00fablicos b\u00e1sicos \u2013agua, luz, drenaje&#8211;, ubicado al poniente de la ciudad, permitir\u00e1 a los migrantes que sobreviven hacinados en la Plaza de la Rep\u00fablica, disponer de un lugar digno mientras esperan la resoluci\u00f3n del gobierno norteamericano sobre su solicitud de asilo humanitario.<\/p>\n<p style=\"text-align: center;\"><strong><em>CONF\u00cdA EN LA BUENA <\/em><em>VOLUNTAD DEL GOBERNADOR<\/em><\/strong><\/p>\n<p>En conferencia de prensa en el sitio en construcci\u00f3n, el Presidente CARLOS PE\u00d1A ORTIZ, inform\u00f3 en compa\u00f1\u00eda de asociaciones civiles y grupos de apoyo a migrantes, el avance de la construcci\u00f3n del Centro Migratorio Senda de Vida 2, lugar que se encuentran acondicionando para la reubicaci\u00f3n de las familias migrantes de Plaza de la Rep\u00fablica.<\/p>\n<p>\u201cA pesar de que el Gobierno Municipal no tiene nada que ver en el tema de migraci\u00f3n, nosotros tenemos que darle prioridad a este tema, ya que es tema que le preocupa a todos los reynosenses\u201d, coment\u00f3 el Presidente, raz\u00f3n por lo que en conjunto con asociaciones civiles se encuentran invirtiendo en la construcci\u00f3n del nuevo albergue, donde el Gobierno Municipal ha cubierto el 90% de los gastos.<\/p>\n<p>\u201cSe observa un mal manejo de la informaci\u00f3n hacia el Gobierno del Estado\u201d, se\u00f1al\u00f3 el Presidente durante la rueda de prensa: \u201cesto debido a que el Director del Instituto Estatal del Migrante, ha sido puntual en que no permitir\u00e1n el traslado y reubicaci\u00f3n por \u00f3rdenes del Gobernador al ser un tema pol\u00edtico\u201d.<\/p>\n<p>A lo cual, puntualizo:<\/p>\n<p>\u201cYo creo que el Gobernador no es necio, yo creo que el Gobernador es una persona que tiene visi\u00f3n, persona que puede sacar adelante las prioridades de los reynoseses y por eso estoy seguro que est\u00e1n mal inform\u00e1ndolo\u201d, se\u00f1al\u00f3 CARLOS PE\u00d1A, al invitarlo a que apoye y se sume en el traslado, dando soluci\u00f3n a la problem\u00e1tica que afecta a muchos ciudadanos.<\/p>\n<p>Junto al Presidente lo acompa\u00f1aron representantes involucrados en la construcci\u00f3n del nuevo albergue Senda de Vida 2, la Hermana NORMA PIMENTEL, Misioneros de Jes\u00fas; Pastor HECTOR SILVA, Senda de Vida; Regidora ROSARIO RODR\u00cdGUEZ VEL\u00c1ZQUEZ, Coordinadora de la Comisi\u00f3n del tema migratorio; JOS\u00c9 LUIS M\u00c1RQUEZ S\u00c1NCHEZ, Secretario de Ayuntamiento; AVELINA ESCOBAR ISASSI, Directora del Sistema DIF y ELIACIB LEIJA GARZA Coordinador de Servicios P\u00fablicos Primarios.<\/p>\n<p style=\"text-align: center;\"><strong><em>MENORES DE NUEVO LAREDO <\/em><em>COMPLETAN ESQUEMA DE VACUNACI\u00d3N<\/em><\/strong><\/p>\n<p>Cambio de orientaci\u00f3n tem\u00e1tica para compartirle que, en beneficio a la salud de los ni\u00f1os y ni\u00f1as de Nuevo Laredo y para elevar su protecci\u00f3n inmunol\u00f3gica ante el regreso a clases, contin\u00faan las campa\u00f1as de vacunaci\u00f3n binacional en contra del Covid-19, esta vez enfocadas en menores de 5 a 11 a\u00f1os previamente registrados.<\/p>\n<p>Durante el inicio de esta semana de vacunaci\u00f3n, se han aplicado 2 mil 840 dosis para menores.<\/p>\n<p>La alcaldesa CARMEN LILIA CANTUROSAS VILLARREAL, realiz\u00f3 un recorrido para supervisar las gestiones y el servicio a la ciudadan\u00eda en el Centro Cultural, donde los ni\u00f1os fueron trasladados hacia el Puente Internacional Ju\u00e1rez-Lincoln para aplicarles la vacuna en la ciudad vecina de Laredo sin necesidad de visa.<\/p>\n<p>\u201cAsist\u00ed para supervisar la vacunaci\u00f3n de nuestros ni\u00f1os y la aplicaci\u00f3n de refuerzo para los padres que acompa\u00f1an a los peque\u00f1os, continuaremos con las convocatorias y esto seguir\u00e1 mientras la poblaci\u00f3n siga necesitando del gobierno para gestionar las vacunas\u201d, coment\u00f3.<\/p>\n<p>La alcaldesa se\u00f1al\u00f3 que para la administraci\u00f3n municipal es prioridad la salud y el bienestar de los ni\u00f1os y ni\u00f1as de Nuevo Laredo, por lo que se realizar\u00e1n estudios en las instituciones educativas para determinar cu\u00e1ntos alumnos se encuentran en situaci\u00f3n de rezago por vacunas anti Covid-19.<\/p>\n<p>\u201cVamos a estar preguntando en las escuelas, para que nos manden cuantos ni\u00f1os faltan por vacunar, esta jornada ser\u00e1 enfocada y directamente a ellos, porque para nosotros como gobierno municipal es importante que tengan la vacuna y tener la confianza de que van protegidos a tomar sus clases\u201d, destac\u00f3.<\/p>\n<p style=\"text-align: center;\"><strong><em>PRIMER ENCUENTRO <\/em><em>DE MUJERES UNIVERSITARIAS<\/em><\/strong><\/p>\n<p>A prop\u00f3sito de Nuevo Laredo, en el marco del D\u00eda Internacional de la Mujer, el Club de Mujeres de la Facultad de Comercio, Administraci\u00f3n y Ciencias Sociales de la Universidad Aut\u00f3noma de Tamaulipas (UAT) y el Instituto Municipal de la Mujer (INMUJER), presentaron el \u00abPrimer Encuentro de Mujeres Universitarias\u00bb, con la participaci\u00f3n de 5 panelistas.<\/p>\n<p>En el Auditorio Siglo XXI de la UAT, JULIA ELIDA ORTEGA DE LOS SANTOS, segunda regidora, presidenta de la Comisi\u00f3n de Educaci\u00f3n y quien estuvo en representaci\u00f3n de la alcaldesa CARMEN LILIA CANTUROSAS VILLARREAL, se\u00f1al\u00f3 que esta actividad impulsa al intercambio acad\u00e9mico y fomenta la participaci\u00f3n femenina en los debates de g\u00e9nero, con el fin de aumentar la plena participaci\u00f3n de las mujeres y definir conjuntamente programas de empoderamiento y liderazgo.<\/p>\n<p>\u00abEn la historia de M\u00e9xico y el mundo, mujeres ilustres han dejado huella en su paso, mujeres que a pesar de las adversidades de g\u00e9nero en sus tiempos, pudieron romper barreras para dejar su contribuci\u00f3n al desarrollo social generacional\u00bb, coment\u00f3 ORTEGA DE LOS SANTOS.<\/p>\n<p>Con el panel titulado \u00abMujeres Profesionistas Exitosas\u00bb, las ponentes participantes fueron LEIZA DEYANIRA L\u00d3PEZ C\u00d3RDOVA, presidenta de la Barra de Abogados de Nuevo Laredo; MAR\u00cdA DOLORES P\u00c9REZ CRUZ, presidenta del Colegio de Arquitectos de Nuevo Laredo y NOHEM\u00cd SELENE ALARC\u00d3N LUNA, directora de Facultad de Enfermer\u00eda de la UAT campus Nuevo Laredo.<\/p>\n<p>As\u00ed como YURITZI LLAMAS MANGIN, catedr\u00e1tica de la UAT y MARTHA LORENA VILLA HERN\u00c1NDEZ,\u00a0 representante del Corporativo Global y Log\u00edstica en los Estados Unidos.<\/p>\n<p>Las conferencistas respondieron a cada una de las preguntas hechas por las alumnas de la UAT, LIZETH L\u00d3PEZ y NATHALIA S\u00c1NCHEZ, sobre temas como lo que le falta a la mujer neolaredense para romper con los estereotipos sociales y culturales hasta la forma de apoyarse mutuamente para salir adelante.<\/p>\n<p style=\"text-align: center;\"><strong><em>TAMPIQUE\u00d1OS RECUPERAN VISTA <\/em><em>CON CIRUG\u00cdAS A BAJO COSTO<\/em><\/strong><\/p>\n<p>Mientras que en Tampico, para mejorar la salud de 26 pacientes con problemas de la vista, el Sistema DIF Tampico en coordinaci\u00f3n con la cl\u00ednica Oftavisi\u00f3n llev\u00f3 a cabo la campa\u00f1a de cirug\u00eda de cataratas a bajo costo.<\/p>\n<p>A\u00cdDA F\u00c9RES de NADER, Presidenta del organismo dio a conocer que mediante esta campa\u00f1a se atiende y respalda a las personas afectadas con este padecimiento, junto con m\u00e9dicos especialistas en problemas de la vista.<\/p>\n<p>\u201cEstamos trabajando siempre en equipo, en esta ocasi\u00f3n con esta cl\u00ednica reconocida para beneficio de las personas m\u00e1s vulnerables que requieren atender su salud visual, estamos muy al pendiente de cada uno y tengan la seguridad de que est\u00e1n siendo bien atendidos\u00bb, dijo.<\/p>\n<p style=\"text-align: center;\"><strong><em>PROPONE MELHEM SEM\u00c1FORO <\/em><em>PARA EL CUIDADO DEL AGUA<\/em><\/strong><\/p>\n<p>A prop\u00f3sito del Congreso, el Grupo Parlamentario del PRI propuso iniciativa con proyecto de Decreto para reformar la Ley de Aguas del estado, a efecto de promover la cultura del agua para fomentar un cambio de h\u00e1bitos hac\u00eda su utilizaci\u00f3n nacional entre los usuarios de los servicios p\u00fablicos<strong>, <\/strong>as\u00ed como elaborar el sem\u00e1foro del cuidado del agua, en el que se establecer\u00e1n las medidas de acuerdo con el color del sem\u00e1foro, tomando en cuenta la disponibilidad del l\u00edquido en cada municipio o regi\u00f3n del Estado.<\/p>\n<p>Y ojo, se reforma el art\u00edculo 17, numeral 2, de la Ley de Aguas del estado, para que los municipios tengan a su cargo los servicios p\u00fablicos en todos los asentamientos humanos de su circunscripci\u00f3n territorial, los cuales podr\u00e1n ser prestados directamente por la dependencia municipal que corresponda, <strong>o bien <\/strong>\u2013mucho ojo&#8211;, por los prestaadores de los servicios en los t\u00e9rminos dispuestos por esa Ley.<\/p>\n<p>De otro lado, y sin perjuicio de lo establecido en el p\u00e1rrafo anterior, en t\u00e9rminos de lo dispuesto por el art\u00edculo 132 de la Constituci\u00f3n Pol\u00edtica del Estado, los ayuntamientos, \u00a1ojo!, <strong>\u201ccuando sea necesario\u201d,<\/strong> podr\u00e1n celebrar convenios con el Estado para que \u00e9ste, a trav\u00e9s de la Comisi\u00f3n, se haga cargo temporalmente, en forma parcial o total, de los servicios p\u00fablicos de agua potable, alcantarillado sanitario, drenaje pluvial, tratamiento y reuso de aguas residuales y reuso de las aguas residuales tratadas, o bien se presten o ejerzan coordinadamente por el Estado y el propio Municipio.<\/p>\n<p style=\"text-align: center;\"><strong><em>MONTSERRAT: \u2018MUJERES PRIORIDAD<\/em><em>PARA C\u00c9SAR VER\u00c1STEGUI\u2019<\/em><\/strong><\/p>\n<p>\u201cLas mujeres priistas de Tamaulipas han estado en las buenas, en las malas, pero con C\u00c9SAR estaremos en las mejores\u201d, afirm\u00f3 la dirigente del Organismo Nacional de Mujeres del PRI en el pa\u00eds, diputada federal MONTSERRAT ARCOS VEL\u00c1ZQUEZ.<\/p>\n<p>La legisladora se\u00f1al\u00f3 que C\u00c9SAR VER\u00c1STEGUI OSTOS es un hombre que tiene bien claro que las mujeres son capaces de construir gobiernos con sensibilidad y resultados: \u201cEst\u00e1 medido: las mujeres tenemos la capacidad de ser eficaces y eficientes y es muy importante que nos priorice dentro de su agenda pol\u00edtica\u201d.<\/p>\n<p>Afirm\u00f3 que las mujeres priistas saben reconocer el espacio que tienen en el proyecto del candidato de la alianza \u201cVa por Tamaulipas\u201d y lo sabr\u00e1n agradecer con resultados electorales.<\/p>\n<p style=\"text-align: center;\"><strong><em>PRESIDE RECTOR FIRMA CONVENIO <\/em><em>UAT-COMISI\u00d3N DE SALUD FRONTERIZA<\/em><\/strong><\/p>\n<p>Por \u00faltimo, la Universidad Aut\u00f3noma de Tamaulipas (UAT) y la Comisi\u00f3n de Salud Fronteriza M\u00e9xico-Estados Unidos, formalizaron mediante la firma del convenio marco de colaboraci\u00f3n el acuerdo por contribuir en la formaci\u00f3n humana y profesional, el intercambio acad\u00e9mico y el desarrollo de proyectos cient\u00edficos y tecnol\u00f3gicos.<\/p>\n<p>La ceremonia de firma de convenio, celebrada en el Sal\u00f3n Ejecutivo del Centro de Gesti\u00f3n del Conocimiento del Campus Victoria, fue presidida por el C. P. GUILLERMO MENDOZA CAVAZOS, Rector de la UAT, y la Dra. MAR\u00cdA GUDELIA RANGEL G\u00d3MEZ, Presidenta Ejecutiva de la Secci\u00f3n Mexicana de la Comisi\u00f3n de Salud Fronteriza.<\/p>\n<p>Firmaron como testigos de honor la Dra. GLORIA MOLINA GAMBOA, Secretaria de Salud del Estado; el Dr. FLAVIANO BENAVIDES GONZ\u00c1LEZ, Director de la Facultad de Medicina Veterinaria y Zootecnia (FMVZ); y el Dr. EDUARDO ARVIZU S\u00c1NCHEZ, Secretario General de la UAT.<\/p>\n<p>Luego de realizar el acuerdo, el Rector MENDOZA CAVAZOS manifest\u00f3 que la Universidad tiene la capacidad y obligaci\u00f3n de incidir en la sociedad y colaborar con proyectos que busquen dar soluci\u00f3n pertinente a la problem\u00e1tica de salud p\u00fablica.<\/p>\n<p>Subray\u00f3 tambi\u00e9n la importancia de formalizar la colaboraci\u00f3n que la Universidad ha estado haciendo en esta red de trabajo, a trav\u00e9s de la Facultad de Medicina Veterinaria y Zootecnia, por lo que este acuerdo \u2014a\u00f1adi\u00f3\u2014 ampliar\u00e1 la participaci\u00f3n de diferentes disciplinas, fortaleciendo a la casa de estudios.<\/p>\n<p>Por hoy es todo, nos leemos ma\u00f1ana.<\/p>\n","protected":false},"excerpt":{"rendered":"<p>Congreso: primer round PAN arrebata a Morena principales Comisiones Zipizape en el Pleno; \u2018agarre\u2019 entre&#8230;<\/p>\n","protected":false},"author":1,"featured_media":168,"comment_status":"open","ping_status":"open","sticky":false,"template":"","format":"standard","meta":{"footnotes":"","jetpack_publicize_message":"","jetpack_publicize_feature_enabled":true,"jetpack_social_post_already_shared":false,"jetpack_social_options":{"image_generator_settings":{"template":"highway","default_image_id":0,"font":"","enabled":false},"version":2}},"categories":[23],"tags":[],"class_list":["post-6611","post","type-post","status-publish","format-standard","has-post-thumbnail","hentry","category-columnas"],"jetpack_publicize_connections":[],"_links":{"self":[{"href":"https:\/\/www.buroperiodistico.com.mx\/index.php?rest_route=\/wp\/v2\/posts\/6611","targetHints":{"allow":["GET"]}}],"collection":[{"href":"https:\/\/www.buroperiodistico.com.mx\/index.php?rest_route=\/wp\/v2\/posts"}],"about":[{"href":"https:\/\/www.buroperiodistico.com.mx\/index.php?rest_route=\/wp\/v2\/types\/post"}],"author":[{"embeddable":true,"href":"https:\/\/www.buroperiodistico.com.mx\/index.php?rest_route=\/wp\/v2\/users\/1"}],"replies":[{"embeddable":true,"href":"https:\/\/www.buroperiodistico.com.mx\/index.php?rest_route=%2Fwp%2Fv2%2Fcomments&post=6611"}],"version-history":[{"count":0,"href":"https:\/\/www.buroperiodistico.com.mx\/index.php?rest_route=\/wp\/v2\/posts\/6611\/revisions"}],"wp:featuredmedia":[{"embeddable":true,"href":"https:\/\/www.buroperiodistico.com.mx\/index.php?rest_route=\/wp\/v2\/media\/168"}],"wp:attachment":[{"href":"https:\/\/www.buroperiodistico.com.mx\/index.php?rest_route=%2Fwp%2Fv2%2Fmedia&parent=6611"}],"wp:term":[{"taxonomy":"category","embeddable":true,"href":"https:\/\/www.buroperiodistico.com.mx\/index.php?rest_route=%2Fwp%2Fv2%2Fcategories&post=6611"},{"taxonomy":"post_tag","embeddable":true,"href":"https:\/\/www.buroperiodistico.com.mx\/index.php?rest_route=%2Fwp%2Fv2%2Ftags&post=6611"}],"curies":[{"name":"wp","href":"https:\/\/api.w.org\/{rel}","templated":true}]}}