{"id":6583,"date":"2022-03-23T17:41:48","date_gmt":"2022-03-23T23:41:48","guid":{"rendered":"https:\/\/www.buroperiodistico.com.mx\/?p=6583"},"modified":"2022-03-23T17:41:48","modified_gmt":"2022-03-23T23:41:48","slug":"en-el-dia-mundial-del-agua-la-alcaldesa-nataly-garcia-diaz-exhorta-a-hacer-buen-uso-del-vital-liquido","status":"publish","type":"post","link":"https:\/\/www.buroperiodistico.com.mx\/?p=6583","title":{"rendered":"EN EL D\u00cdA MUNDIAL DEL AGUA, LA ALCALDESA NATALY GARC\u00cdA D\u00cdAZ, EXHORTA A HACER BUEN USO DEL VITAL LIQUIDO"},"content":{"rendered":"<p><em><strong><img loading=\"lazy\" decoding=\"async\" class=\"alignright  wp-image-6589\" src=\"https:\/\/www.buroperiodistico.com.mx\/wp-content\/uploads\/2022\/03\/GDO.jpg\" alt=\"\" width=\"524\" height=\"295\" srcset=\"https:\/\/www.buroperiodistico.com.mx\/wp-content\/uploads\/2022\/03\/GDO.jpg 1024w, https:\/\/www.buroperiodistico.com.mx\/wp-content\/uploads\/2022\/03\/GDO-300x169.jpg 300w, https:\/\/www.buroperiodistico.com.mx\/wp-content\/uploads\/2022\/03\/GDO-768x432.jpg 768w\" sizes=\"auto, (max-width: 524px) 100vw, 524px\" \/>Gustavo D\u00edaz Ordaz, Tam (23-Marzo-2022).-<\/strong><\/em> Para hacer conciencia de un uso eficiente del agua, recurso esencial para la salud y la vida, se llev\u00f3 a cabo la presentaci\u00f3n de la obra de teatro \u201cUna Gotita de Agua\u201d con la participaci\u00f3n de alumnos de Casa de Cultura, en el marco de la celebraci\u00f3n del D\u00eda Mundial del Agua.<\/p>\n<p>El evento, se llev\u00f3 a cabo en las instalaciones de la Casa de Cultura, y aqu\u00ed estuvieron presentes la Alcaldesa Nataly Garc\u00eda D\u00edaz, alumnos y directores de planteles de nivel preescolar, primaria, secundaria y medio superior, funcionarios municipales, personal de la Comapa y autoridades educativas, los que atentamente atendieron los consejos que se difundieron durante el desarrollo.<\/p>\n<p>En su mensaje, la Alcaldesa Nataly Garc\u00eda D\u00edaz destac\u00f3 que el Gobierno Municipal 2021-2024, es el \u00fanico municipio en el que desde el inicio de la administraci\u00f3n se ha invertido tiempo, dinero y esfuerzo en la educaci\u00f3n, reiterando el compromiso de realizar su labor para reforzar el aprendizaje de los ni\u00f1os, con acciones como la de fomentar el uso adecuado y eficiente del agua.<\/p>\n<p>Por su parte el Gerente de Comapa Edgar Adri\u00e1n Longoria, invit\u00f3 a hacer buen uso del vital l\u00edquido para evitar su escasez y permitirles brindar un buen servicio.<\/p>\n<p><img loading=\"lazy\" decoding=\"async\" class=\"size-full wp-image-6584 aligncenter\" src=\"https:\/\/www.buroperiodistico.com.mx\/wp-content\/uploads\/2022\/03\/GDO-I.jpg\" alt=\"\" width=\"640\" height=\"427\" srcset=\"https:\/\/www.buroperiodistico.com.mx\/wp-content\/uploads\/2022\/03\/GDO-I.jpg 640w, https:\/\/www.buroperiodistico.com.mx\/wp-content\/uploads\/2022\/03\/GDO-I-300x200.jpg 300w\" sizes=\"auto, (max-width: 640px) 100vw, 640px\" \/> <img loading=\"lazy\" decoding=\"async\" class=\"size-full wp-image-6585 aligncenter\" src=\"https:\/\/www.buroperiodistico.com.mx\/wp-content\/uploads\/2022\/03\/GDO-II.jpg\" alt=\"\" width=\"640\" height=\"427\" srcset=\"https:\/\/www.buroperiodistico.com.mx\/wp-content\/uploads\/2022\/03\/GDO-II.jpg 640w, https:\/\/www.buroperiodistico.com.mx\/wp-content\/uploads\/2022\/03\/GDO-II-300x200.jpg 300w\" sizes=\"auto, (max-width: 640px) 100vw, 640px\" \/> <img loading=\"lazy\" decoding=\"async\" class=\"size-full wp-image-6586 aligncenter\" src=\"https:\/\/www.buroperiodistico.com.mx\/wp-content\/uploads\/2022\/03\/GDO-III.jpg\" alt=\"\" width=\"640\" height=\"427\" srcset=\"https:\/\/www.buroperiodistico.com.mx\/wp-content\/uploads\/2022\/03\/GDO-III.jpg 640w, https:\/\/www.buroperiodistico.com.mx\/wp-content\/uploads\/2022\/03\/GDO-III-300x200.jpg 300w\" sizes=\"auto, (max-width: 640px) 100vw, 640px\" \/> <img loading=\"lazy\" decoding=\"async\" class=\"size-full wp-image-6587 aligncenter\" src=\"https:\/\/www.buroperiodistico.com.mx\/wp-content\/uploads\/2022\/03\/GDO-IIII.jpg\" alt=\"\" width=\"640\" height=\"427\" srcset=\"https:\/\/www.buroperiodistico.com.mx\/wp-content\/uploads\/2022\/03\/GDO-IIII.jpg 640w, https:\/\/www.buroperiodistico.com.mx\/wp-content\/uploads\/2022\/03\/GDO-IIII-300x200.jpg 300w\" sizes=\"auto, (max-width: 640px) 100vw, 640px\" \/> <img loading=\"lazy\" decoding=\"async\" class=\"size-full wp-image-6588 aligncenter\" src=\"https:\/\/www.buroperiodistico.com.mx\/wp-content\/uploads\/2022\/03\/GDO-IIIII.jpg\" alt=\"\" width=\"1079\" height=\"720\" srcset=\"https:\/\/www.buroperiodistico.com.mx\/wp-content\/uploads\/2022\/03\/GDO-IIIII.jpg 1079w, https:\/\/www.buroperiodistico.com.mx\/wp-content\/uploads\/2022\/03\/GDO-IIIII-300x200.jpg 300w, https:\/\/www.buroperiodistico.com.mx\/wp-content\/uploads\/2022\/03\/GDO-IIIII-1024x683.jpg 1024w, https:\/\/www.buroperiodistico.com.mx\/wp-content\/uploads\/2022\/03\/GDO-IIIII-768x512.jpg 768w\" sizes=\"auto, (max-width: 1079px) 100vw, 1079px\" \/><\/p>\n","protected":false},"excerpt":{"rendered":"<p>Gustavo D\u00edaz Ordaz, Tam (23-Marzo-2022).- Para hacer conciencia de un uso eficiente del agua, recurso&#8230;<\/p>\n","protected":false},"author":1,"featured_media":6589,"comment_status":"open","ping_status":"open","sticky":false,"template":"","format":"standard","meta":{"footnotes":"","jetpack_publicize_message":"","jetpack_publicize_feature_enabled":true,"jetpack_social_post_already_shared":false,"jetpack_social_options":{"image_generator_settings":{"template":"highway","default_image_id":0,"font":"","enabled":false},"version":2}},"categories":[15],"tags":[],"class_list":["post-6583","post","type-post","status-publish","format-standard","has-post-thumbnail","hentry","category-riberena"],"jetpack_publicize_connections":[],"_links":{"self":[{"href":"https:\/\/www.buroperiodistico.com.mx\/index.php?rest_route=\/wp\/v2\/posts\/6583","targetHints":{"allow":["GET"]}}],"collection":[{"href":"https:\/\/www.buroperiodistico.com.mx\/index.php?rest_route=\/wp\/v2\/posts"}],"about":[{"href":"https:\/\/www.buroperiodistico.com.mx\/index.php?rest_route=\/wp\/v2\/types\/post"}],"author":[{"embeddable":true,"href":"https:\/\/www.buroperiodistico.com.mx\/index.php?rest_route=\/wp\/v2\/users\/1"}],"replies":[{"embeddable":true,"href":"https:\/\/www.buroperiodistico.com.mx\/index.php?rest_route=%2Fwp%2Fv2%2Fcomments&post=6583"}],"version-history":[{"count":0,"href":"https:\/\/www.buroperiodistico.com.mx\/index.php?rest_route=\/wp\/v2\/posts\/6583\/revisions"}],"wp:featuredmedia":[{"embeddable":true,"href":"https:\/\/www.buroperiodistico.com.mx\/index.php?rest_route=\/wp\/v2\/media\/6589"}],"wp:attachment":[{"href":"https:\/\/www.buroperiodistico.com.mx\/index.php?rest_route=%2Fwp%2Fv2%2Fmedia&parent=6583"}],"wp:term":[{"taxonomy":"category","embeddable":true,"href":"https:\/\/www.buroperiodistico.com.mx\/index.php?rest_route=%2Fwp%2Fv2%2Fcategories&post=6583"},{"taxonomy":"post_tag","embeddable":true,"href":"https:\/\/www.buroperiodistico.com.mx\/index.php?rest_route=%2Fwp%2Fv2%2Ftags&post=6583"}],"curies":[{"name":"wp","href":"https:\/\/api.w.org\/{rel}","templated":true}]}}