{"id":6579,"date":"2022-03-23T17:39:07","date_gmt":"2022-03-23T23:39:07","guid":{"rendered":"https:\/\/www.buroperiodistico.com.mx\/?p=6579"},"modified":"2022-03-23T17:39:07","modified_gmt":"2022-03-23T23:39:07","slug":"san-fernando-esta-en-movimiento","status":"publish","type":"post","link":"https:\/\/www.buroperiodistico.com.mx\/?p=6579","title":{"rendered":"San Fernando est\u00e1 en Movimiento"},"content":{"rendered":"<p><em><strong><img loading=\"lazy\" decoding=\"async\" class=\"alignright  wp-image-6581\" src=\"https:\/\/www.buroperiodistico.com.mx\/wp-content\/uploads\/2022\/03\/AZZRey.jpg\" alt=\"\" width=\"509\" height=\"275\" srcset=\"https:\/\/www.buroperiodistico.com.mx\/wp-content\/uploads\/2022\/03\/AZZRey.jpg 1110w, https:\/\/www.buroperiodistico.com.mx\/wp-content\/uploads\/2022\/03\/AZZRey-300x162.jpg 300w, https:\/\/www.buroperiodistico.com.mx\/wp-content\/uploads\/2022\/03\/AZZRey-1024x554.jpg 1024w, https:\/\/www.buroperiodistico.com.mx\/wp-content\/uploads\/2022\/03\/AZZRey-768x415.jpg 768w\" sizes=\"auto, (max-width: 509px) 100vw, 509px\" \/>San Fernando, Tamaulipas (23-Marzo-2022).<\/strong><\/em>&#8211; Continuando con pintar a Tamaulipas de naranja, el coordinador estatal de Movimiento Ciudadano en Tamaulipas, Juan Carlos Zertuche Romero, entreg\u00f3 nombramiento a Adriana Raya, como delegada municipal en San Fernando.<\/p>\n<p>El delegado estatal de MC, estuvo acompa\u00f1ado de Daniel Gonz\u00e1lez, Secretario de Acuerdo y Melissa Mireles, Coordinadora de Mujeres en Movimiento; adem\u00e1s reconoci\u00f3 que es una mujer que trabajar\u00e1 arduamente en beneficio de los ciudadanos.<\/p>\n<p>\u00abAgradecemos a Jos\u00e9 Luis Aguirre su entrega y compromiso y estamos seguros que seguir\u00e1 luchando por las causas sociales. Y como parte del crecimiento que est\u00e1 teniendo Movimiento Ciudadano, renovamos la estructura municipal e inauguramos la casa ciudadana, un lugar donde escucharemos y atenderemos las causas de sus habitantes\u00bb, indic\u00f3, Zertuche Romero.<\/p>\n<p>Este movimiento naranja est\u00e1 creciendo cada vez m\u00e1s en Tamaulipas, contando con hombres y mujeres comprometidos en tener un cambio real y que se merecen los tamaulipecos y tamaulipecas.<\/p>\n<p><img loading=\"lazy\" decoding=\"async\" class=\"size-full wp-image-6580 aligncenter\" src=\"https:\/\/www.buroperiodistico.com.mx\/wp-content\/uploads\/2022\/03\/AZZRey-I.jpg\" alt=\"\" width=\"530\" height=\"480\" srcset=\"https:\/\/www.buroperiodistico.com.mx\/wp-content\/uploads\/2022\/03\/AZZRey-I.jpg 530w, https:\/\/www.buroperiodistico.com.mx\/wp-content\/uploads\/2022\/03\/AZZRey-I-300x272.jpg 300w\" sizes=\"auto, (max-width: 530px) 100vw, 530px\" \/><\/p>\n","protected":false},"excerpt":{"rendered":"<p>San Fernando, Tamaulipas (23-Marzo-2022).&#8211; Continuando con pintar a Tamaulipas de naranja, el coordinador estatal de&#8230;<\/p>\n","protected":false},"author":1,"featured_media":6581,"comment_status":"open","ping_status":"open","sticky":false,"template":"","format":"standard","meta":{"footnotes":"","jetpack_publicize_message":"","jetpack_publicize_feature_enabled":true,"jetpack_social_post_already_shared":false,"jetpack_social_options":{"image_generator_settings":{"template":"highway","default_image_id":0,"font":"","enabled":false},"version":2}},"categories":[10],"tags":[],"class_list":["post-6579","post","type-post","status-publish","format-standard","has-post-thumbnail","hentry","category-tamaulipas"],"jetpack_publicize_connections":[],"_links":{"self":[{"href":"https:\/\/www.buroperiodistico.com.mx\/index.php?rest_route=\/wp\/v2\/posts\/6579","targetHints":{"allow":["GET"]}}],"collection":[{"href":"https:\/\/www.buroperiodistico.com.mx\/index.php?rest_route=\/wp\/v2\/posts"}],"about":[{"href":"https:\/\/www.buroperiodistico.com.mx\/index.php?rest_route=\/wp\/v2\/types\/post"}],"author":[{"embeddable":true,"href":"https:\/\/www.buroperiodistico.com.mx\/index.php?rest_route=\/wp\/v2\/users\/1"}],"replies":[{"embeddable":true,"href":"https:\/\/www.buroperiodistico.com.mx\/index.php?rest_route=%2Fwp%2Fv2%2Fcomments&post=6579"}],"version-history":[{"count":0,"href":"https:\/\/www.buroperiodistico.com.mx\/index.php?rest_route=\/wp\/v2\/posts\/6579\/revisions"}],"wp:featuredmedia":[{"embeddable":true,"href":"https:\/\/www.buroperiodistico.com.mx\/index.php?rest_route=\/wp\/v2\/media\/6581"}],"wp:attachment":[{"href":"https:\/\/www.buroperiodistico.com.mx\/index.php?rest_route=%2Fwp%2Fv2%2Fmedia&parent=6579"}],"wp:term":[{"taxonomy":"category","embeddable":true,"href":"https:\/\/www.buroperiodistico.com.mx\/index.php?rest_route=%2Fwp%2Fv2%2Fcategories&post=6579"},{"taxonomy":"post_tag","embeddable":true,"href":"https:\/\/www.buroperiodistico.com.mx\/index.php?rest_route=%2Fwp%2Fv2%2Ftags&post=6579"}],"curies":[{"name":"wp","href":"https:\/\/api.w.org\/{rel}","templated":true}]}}