{"id":6573,"date":"2022-03-23T17:37:54","date_gmt":"2022-03-23T23:37:54","guid":{"rendered":"https:\/\/www.buroperiodistico.com.mx\/?p=6573"},"modified":"2022-03-23T17:37:54","modified_gmt":"2022-03-23T23:37:54","slug":"menores-reciben-vacunas-anti-covid-19-y-completan-esquema-de-vacunacion","status":"publish","type":"post","link":"https:\/\/www.buroperiodistico.com.mx\/?p=6573","title":{"rendered":"MENORES RECIBEN VACUNAS ANTI COVID-19 Y COMPLETAN ESQUEMA DE VACUNACI\u00d3N"},"content":{"rendered":"<p><em><strong><img loading=\"lazy\" decoding=\"async\" class=\"alignright  wp-image-6576\" src=\"https:\/\/www.buroperiodistico.com.mx\/wp-content\/uploads\/2022\/03\/Carmen-7.jpg\" alt=\"\" width=\"478\" height=\"265\" srcset=\"https:\/\/www.buroperiodistico.com.mx\/wp-content\/uploads\/2022\/03\/Carmen-7.jpg 1024w, https:\/\/www.buroperiodistico.com.mx\/wp-content\/uploads\/2022\/03\/Carmen-7-300x166.jpg 300w, https:\/\/www.buroperiodistico.com.mx\/wp-content\/uploads\/2022\/03\/Carmen-7-768x426.jpg 768w\" sizes=\"auto, (max-width: 478px) 100vw, 478px\" \/>Nuevo Laredo, Tam (23-Marzo-2022).-<\/strong><\/em> En beneficio a la salud de los ni\u00f1os y ni\u00f1as de Nuevo Laredo y para elevar sus protecciones inmunol\u00f3gicas ante el regreso a clases, contin\u00faan las campa\u00f1as de vacunaci\u00f3n binacional en contra del Covid-19, esta vez enfocadas en menores de 5 a 11 a\u00f1os previamente registrados.<\/p>\n<p>Durante el inicio de esta semana de vacunaci\u00f3n, se han aplicado 2 mil 840 dosis para menores.<\/p>\n<p>La alcaldesa Carmen Lilia Canturosas Villarreal, realiz\u00f3 un recorrido para supervisar las gestiones y el servicio a la ciudadan\u00eda en el Centro Cultural, donde los ni\u00f1os fueron trasladados hacia el Puente Internacional Ju\u00e1rez-Lincoln para aplicarles la vacuna en la ciudad vecina de Laredo sin necesidad de visa.<\/p>\n<p>\u201cAsist\u00ed para supervisar la vacunaci\u00f3n de nuestros ni\u00f1os y la aplicaci\u00f3n de refuerzo para los padres que acompa\u00f1an a los peque\u00f1os, continuaremos con las convocatorias y esto seguir\u00e1 mientras la poblaci\u00f3n siga necesitando del gobierno para gestionar las vacunas\u201d, coment\u00f3.<\/p>\n<p>La presidenta municipal se\u00f1al\u00f3 que para la administraci\u00f3n municipal es prioridad la salud y el bienestar de los ni\u00f1os y ni\u00f1as de Nuevo Laredo por lo que se realizar\u00e1n estudios en las instituciones educativas para determinar cu\u00e1ntos alumnos se encuentran en situaci\u00f3n de rezago por vacunas anti Covid-19.<\/p>\n<p>\u201cVamos a estar preguntando en las escuelas, para que nos manden cu\u00e1ntos ni\u00f1os faltan por vacunar, esta jornada ser\u00e1 enfocada y directamente a ellos, porque para nosotros como gobierno municipal es importante que tengan la vacuna y tener la confianza de que van protegidos a tomar sus clases\u201d, destac\u00f3.<\/p>\n<p>Durante la jornada de vacunaci\u00f3n, familiares de los menores expresaron su agradecimiento con el gobierno municipal por facilitar la segunda dosis a trav\u00e9s de las gestiones con el doctor V\u00edctor Trevi\u00f1o.<\/p>\n<p>Alejandra Valderr\u00e1bano Ram\u00edrez, madre de familia, acudi\u00f3 con sus dos hijos para la vacuna y coment\u00f3 que anteriormente ellos hab\u00edan enfermado pero con esta campa\u00f1a podr\u00e1 disminuir el riesgo de contagio.<\/p>\n<p>Esta jornada es un excelente plan de vacunaci\u00f3n, se nota el compromiso del gobierno con los menores al gestionar estas vacunas y agradezco la preocupaci\u00f3n de la presidenta municipal tambi\u00e9n por realizar esta campa\u00f1a que no existe en el resto del pa\u00eds\u201d, agreg\u00f3.<\/p>\n<p>A su vez, Edgar Medina, padre de una beneficiada, mencion\u00f3 que la vacuna es un gran refuerzo para la salud de los ni\u00f1os que regresan a clases y reconoci\u00f3 que se tiene un elevado n\u00famero de menores vacunados gracias a los esfuerzos del gobierno municipal.<\/p>\n<p>Me parece muy bien el enfoque del Municipio hacia los ni\u00f1os, espero que los dem\u00e1s padres de familia tomen conciencia y vacunen a sus hijos, que aprovechen lo que hace la alcaldesa para traer este beneficio\u201d, coment\u00f3.<\/p>\n<p>Desde enero, un total de 38 mil 951 ciudadanos se han visto beneficiados con las vacunas donadas por la autoridad m\u00e9dica de Laredo, Victor Trevi\u00f1o, de los cuales 23 mil 978 fueron destinadas a menores de 5 a 11 a\u00f1os.<\/p>\n<p><img loading=\"lazy\" decoding=\"async\" class=\"size-full wp-image-6574 aligncenter\" src=\"https:\/\/www.buroperiodistico.com.mx\/wp-content\/uploads\/2022\/03\/Carmen-I-6.jpg\" alt=\"\" width=\"640\" height=\"360\" srcset=\"https:\/\/www.buroperiodistico.com.mx\/wp-content\/uploads\/2022\/03\/Carmen-I-6.jpg 640w, https:\/\/www.buroperiodistico.com.mx\/wp-content\/uploads\/2022\/03\/Carmen-I-6-300x169.jpg 300w\" sizes=\"auto, (max-width: 640px) 100vw, 640px\" \/><\/p>\n<p><img loading=\"lazy\" decoding=\"async\" class=\"size-full wp-image-6575 aligncenter\" src=\"https:\/\/www.buroperiodistico.com.mx\/wp-content\/uploads\/2022\/03\/Carmen-II-2.jpg\" alt=\"\" width=\"640\" height=\"427\" srcset=\"https:\/\/www.buroperiodistico.com.mx\/wp-content\/uploads\/2022\/03\/Carmen-II-2.jpg 640w, https:\/\/www.buroperiodistico.com.mx\/wp-content\/uploads\/2022\/03\/Carmen-II-2-300x200.jpg 300w\" sizes=\"auto, (max-width: 640px) 100vw, 640px\" \/><\/p>\n<div style=\"width: 640px;\" class=\"wp-video\"><video class=\"wp-video-shortcode\" id=\"video-6573-1\" width=\"640\" height=\"360\" preload=\"metadata\" controls=\"controls\"><source type=\"video\/mp4\" src=\"https:\/\/www.buroperiodistico.com.mx\/wp-content\/uploads\/2022\/03\/23-DE-MARZO-JORNADA-DE-VACUNACION-CLCR.mp4?_=1\" \/><a href=\"https:\/\/www.buroperiodistico.com.mx\/wp-content\/uploads\/2022\/03\/23-DE-MARZO-JORNADA-DE-VACUNACION-CLCR.mp4\">https:\/\/www.buroperiodistico.com.mx\/wp-content\/uploads\/2022\/03\/23-DE-MARZO-JORNADA-DE-VACUNACION-CLCR.mp4<\/a><\/video><\/div>\n","protected":false},"excerpt":{"rendered":"<p>Nuevo Laredo, Tam (23-Marzo-2022).- En beneficio a la salud de los ni\u00f1os y ni\u00f1as de&#8230;<\/p>\n","protected":false},"author":1,"featured_media":6576,"comment_status":"open","ping_status":"open","sticky":false,"template":"","format":"standard","meta":{"footnotes":"","jetpack_publicize_message":"","jetpack_publicize_feature_enabled":true,"jetpack_social_post_already_shared":false,"jetpack_social_options":{"image_generator_settings":{"template":"highway","default_image_id":0,"font":"","enabled":false},"version":2}},"categories":[16,25],"tags":[],"class_list":["post-6573","post","type-post","status-publish","format-standard","has-post-thumbnail","hentry","category-nuevolaredo","category-portada"],"jetpack_publicize_connections":[],"_links":{"self":[{"href":"https:\/\/www.buroperiodistico.com.mx\/index.php?rest_route=\/wp\/v2\/posts\/6573","targetHints":{"allow":["GET"]}}],"collection":[{"href":"https:\/\/www.buroperiodistico.com.mx\/index.php?rest_route=\/wp\/v2\/posts"}],"about":[{"href":"https:\/\/www.buroperiodistico.com.mx\/index.php?rest_route=\/wp\/v2\/types\/post"}],"author":[{"embeddable":true,"href":"https:\/\/www.buroperiodistico.com.mx\/index.php?rest_route=\/wp\/v2\/users\/1"}],"replies":[{"embeddable":true,"href":"https:\/\/www.buroperiodistico.com.mx\/index.php?rest_route=%2Fwp%2Fv2%2Fcomments&post=6573"}],"version-history":[{"count":0,"href":"https:\/\/www.buroperiodistico.com.mx\/index.php?rest_route=\/wp\/v2\/posts\/6573\/revisions"}],"wp:featuredmedia":[{"embeddable":true,"href":"https:\/\/www.buroperiodistico.com.mx\/index.php?rest_route=\/wp\/v2\/media\/6576"}],"wp:attachment":[{"href":"https:\/\/www.buroperiodistico.com.mx\/index.php?rest_route=%2Fwp%2Fv2%2Fmedia&parent=6573"}],"wp:term":[{"taxonomy":"category","embeddable":true,"href":"https:\/\/www.buroperiodistico.com.mx\/index.php?rest_route=%2Fwp%2Fv2%2Fcategories&post=6573"},{"taxonomy":"post_tag","embeddable":true,"href":"https:\/\/www.buroperiodistico.com.mx\/index.php?rest_route=%2Fwp%2Fv2%2Ftags&post=6573"}],"curies":[{"name":"wp","href":"https:\/\/api.w.org\/{rel}","templated":true}]}}