{"id":6561,"date":"2022-03-23T17:26:23","date_gmt":"2022-03-23T23:26:23","guid":{"rendered":"https:\/\/www.buroperiodistico.com.mx\/?p=6561"},"modified":"2022-03-23T17:26:23","modified_gmt":"2022-03-23T23:26:23","slug":"senador-faustino-lopez-vargas-participa-en-reunion-de-trabajo-con-el-secretario-de-marina","status":"publish","type":"post","link":"https:\/\/www.buroperiodistico.com.mx\/?p=6561","title":{"rendered":"Senador Faustino L\u00f3pez Vargas participa en reuni\u00f3n de trabajo con el secretario de Marina"},"content":{"rendered":"<ul>\n<li><strong><em>Reconoce el legislador la labor del personal en acciones de seguridad nacional.<\/em><\/strong><\/li>\n<\/ul>\n<p><strong><img loading=\"lazy\" decoding=\"async\" class=\"alignright  wp-image-6563\" src=\"https:\/\/www.buroperiodistico.com.mx\/wp-content\/uploads\/2022\/03\/Ssenador.jpg\" alt=\"\" width=\"506\" height=\"303\" srcset=\"https:\/\/www.buroperiodistico.com.mx\/wp-content\/uploads\/2022\/03\/Ssenador.jpg 1024w, https:\/\/www.buroperiodistico.com.mx\/wp-content\/uploads\/2022\/03\/Ssenador-300x180.jpg 300w, https:\/\/www.buroperiodistico.com.mx\/wp-content\/uploads\/2022\/03\/Ssenador-768x460.jpg 768w\" sizes=\"auto, (max-width: 506px) 100vw, 506px\" \/>Ciudad de M\u00e9xico (23-Marzo-2022).-<\/strong> El senador de la rep\u00fablica Dr. Faustino L\u00f3pez Vargas, afirm\u00f3 que la Secretaria de Marina &#8211; Armada de M\u00e9xico, es garante del orden y la seguridad de nuestras costas de Tamaulipas manteniendo el orden y salvaguarda de los intereses de la naci\u00f3n en nuestras costas nacionales, por ello mantenemos una comunicaci\u00f3n permanente de coordinaci\u00f3n para respaldar esas acciones desde el senado mexicano, lo anterior lo afirm\u00f3 en el marco de la reuni\u00f3n de la Comisi\u00f3n de Marina con el titular Secretario de Marina, Almirante Jos\u00e9 Rafael Ojeda.<\/p>\n<p>El encuentro tuvo lugar la ma\u00f1ana de este mi\u00e9rcoles al que asistieron legisladores de los diversos grupos parlamentarios donde se destacaron temas en materia de seguridad y referentes a las diversas acciones que desarrolla la Marina en favor de la salvaguarda de la soberan\u00eda nacional.<\/p>\n<p>La coordinaci\u00f3n de los diferentes \u00f3rdenes de gobierno es prioritaria en materia de apoyo a la poblaci\u00f3n, as\u00ed como en casos de emergencia por desastres naturales y ah\u00ed es donde el papel que juega la armada de M\u00e9xico es de la mayor importancia en apoyo a la poblaci\u00f3n de nuestro pa\u00eds.<\/p>\n<p>Asimismo, las tareas que desarrolla la secretaria de Marina-Armada de M\u00e9xico en el combate a la delincuencia organizada contribuyen a debilitar las acciones de esos grupos delictivos, tareas que reconocemos desde el poder legislativo, precis\u00f3 el senador Faustino L\u00f3pez Vargas.<\/p>\n<p>Se ratific\u00f3 el compromiso dijo, con el secretario Almirante Jos\u00e9 Rafael Ojeda, de dar seguimiento a los acuerdos de coordinaci\u00f3n para el Estado de Tamaulipas a fin de dar continuidad a los programas y apoyos que se brindan en las respectivas vertientes en favor de las familias tamaulipecas.<\/p>\n<p><img loading=\"lazy\" decoding=\"async\" class=\"size-full wp-image-6562 aligncenter\" src=\"https:\/\/www.buroperiodistico.com.mx\/wp-content\/uploads\/2022\/03\/Ssenador-I.jpg\" alt=\"\" width=\"640\" height=\"480\" srcset=\"https:\/\/www.buroperiodistico.com.mx\/wp-content\/uploads\/2022\/03\/Ssenador-I.jpg 640w, https:\/\/www.buroperiodistico.com.mx\/wp-content\/uploads\/2022\/03\/Ssenador-I-300x225.jpg 300w\" sizes=\"auto, (max-width: 640px) 100vw, 640px\" \/><\/p>\n","protected":false},"excerpt":{"rendered":"<p>Reconoce el legislador la labor del personal en acciones de seguridad nacional. Ciudad de M\u00e9xico&#8230;<\/p>\n","protected":false},"author":1,"featured_media":6563,"comment_status":"open","ping_status":"open","sticky":false,"template":"","format":"standard","meta":{"footnotes":"","jetpack_publicize_message":"","jetpack_publicize_feature_enabled":true,"jetpack_social_post_already_shared":false,"jetpack_social_options":{"image_generator_settings":{"template":"highway","default_image_id":0,"font":"","enabled":false},"version":2}},"categories":[11],"tags":[],"class_list":["post-6561","post","type-post","status-publish","format-standard","has-post-thumbnail","hentry","category-nacional"],"jetpack_publicize_connections":[],"_links":{"self":[{"href":"https:\/\/www.buroperiodistico.com.mx\/index.php?rest_route=\/wp\/v2\/posts\/6561","targetHints":{"allow":["GET"]}}],"collection":[{"href":"https:\/\/www.buroperiodistico.com.mx\/index.php?rest_route=\/wp\/v2\/posts"}],"about":[{"href":"https:\/\/www.buroperiodistico.com.mx\/index.php?rest_route=\/wp\/v2\/types\/post"}],"author":[{"embeddable":true,"href":"https:\/\/www.buroperiodistico.com.mx\/index.php?rest_route=\/wp\/v2\/users\/1"}],"replies":[{"embeddable":true,"href":"https:\/\/www.buroperiodistico.com.mx\/index.php?rest_route=%2Fwp%2Fv2%2Fcomments&post=6561"}],"version-history":[{"count":0,"href":"https:\/\/www.buroperiodistico.com.mx\/index.php?rest_route=\/wp\/v2\/posts\/6561\/revisions"}],"wp:featuredmedia":[{"embeddable":true,"href":"https:\/\/www.buroperiodistico.com.mx\/index.php?rest_route=\/wp\/v2\/media\/6563"}],"wp:attachment":[{"href":"https:\/\/www.buroperiodistico.com.mx\/index.php?rest_route=%2Fwp%2Fv2%2Fmedia&parent=6561"}],"wp:term":[{"taxonomy":"category","embeddable":true,"href":"https:\/\/www.buroperiodistico.com.mx\/index.php?rest_route=%2Fwp%2Fv2%2Fcategories&post=6561"},{"taxonomy":"post_tag","embeddable":true,"href":"https:\/\/www.buroperiodistico.com.mx\/index.php?rest_route=%2Fwp%2Fv2%2Ftags&post=6561"}],"curies":[{"name":"wp","href":"https:\/\/api.w.org\/{rel}","templated":true}]}}