{"id":6523,"date":"2022-03-23T13:03:50","date_gmt":"2022-03-23T19:03:50","guid":{"rendered":"https:\/\/www.buroperiodistico.com.mx\/?p=6523"},"modified":"2022-03-23T13:03:50","modified_gmt":"2022-03-23T19:03:50","slug":"asiste-nataly-garcia-diaz-a-ceremonia-de-abanderamiento-de-escoltas","status":"publish","type":"post","link":"https:\/\/www.buroperiodistico.com.mx\/?p=6523","title":{"rendered":"ASISTE NATALY GARC\u00cdA D\u00cdAZ A CEREMONIA DE ABANDERAMIENTO DE ESCOLTAS"},"content":{"rendered":"<p><em><strong><img loading=\"lazy\" decoding=\"async\" class=\"alignright  wp-image-6529\" src=\"https:\/\/www.buroperiodistico.com.mx\/wp-content\/uploads\/2022\/03\/Riberena.jpg\" alt=\"\" width=\"619\" height=\"345\" srcset=\"https:\/\/www.buroperiodistico.com.mx\/wp-content\/uploads\/2022\/03\/Riberena.jpg 1024w, https:\/\/www.buroperiodistico.com.mx\/wp-content\/uploads\/2022\/03\/Riberena-300x167.jpg 300w, https:\/\/www.buroperiodistico.com.mx\/wp-content\/uploads\/2022\/03\/Riberena-768x428.jpg 768w\" sizes=\"auto, (max-width: 619px) 100vw, 619px\" \/>Gustavo D\u00edaz Ordaz, Tam (23-Marzo-2022).-<\/strong><\/em> La Alcaldesa Nataly Garc\u00eda D\u00edaz tom\u00f3 protesta a las escoltas de las nueve escuelas primarias de la zona escolar 143 Rural, en el marco de la ceremonia de abanderamiento que se llev\u00f3 a cabo en la primaria Primero de Mayo.<\/p>\n<p>Al tomar la protesta, la Alcaldesa exhort\u00f3 a los estudiantes a defender la bandera con lealtad y constancia, ya que al ponerla en sus manos la patria conf\u00eda en ellos para cumplir con lealtad este mandato.<\/p>\n<p>\u201cLa bandera nacional es el s\u00edmbolo que nos identifica como mexicanos, por ello debemos promover el sentido de pertenencia e identidad nacional y fomentar el respeto a los s\u00edmbolos patrios\u201d.<\/p>\n<p>En la ceremonia estuvieron presentes integrantes del H. Cabildo, autoridades educativas, y padres de familia, destacando la participaci\u00f3n de la Banda de Guerra del 25 regimiento con sede en Ciudad Mier.<\/p>\n<p>Norma Ang\u00e9lica Acevedo Trevi\u00f1o titular del CREDE y el supervisor escolar Francisco S\u00e1nchez Ruiz, destacaron la importancia del respeto a los s\u00edmbolos patrios, ya que transmiten origen e historia de la naci\u00f3n, y fomentan la lealtad a la patria, la tierra y la gente.<\/p>\n<p><img loading=\"lazy\" decoding=\"async\" class=\"size-full wp-image-6524 aligncenter\" src=\"https:\/\/www.buroperiodistico.com.mx\/wp-content\/uploads\/2022\/03\/Riberena-I.jpg\" alt=\"\" width=\"640\" height=\"427\" srcset=\"https:\/\/www.buroperiodistico.com.mx\/wp-content\/uploads\/2022\/03\/Riberena-I.jpg 640w, https:\/\/www.buroperiodistico.com.mx\/wp-content\/uploads\/2022\/03\/Riberena-I-300x200.jpg 300w\" sizes=\"auto, (max-width: 640px) 100vw, 640px\" \/> <img loading=\"lazy\" decoding=\"async\" class=\"size-full wp-image-6525 aligncenter\" src=\"https:\/\/www.buroperiodistico.com.mx\/wp-content\/uploads\/2022\/03\/Riberena-II.jpg\" alt=\"\" width=\"640\" height=\"427\" srcset=\"https:\/\/www.buroperiodistico.com.mx\/wp-content\/uploads\/2022\/03\/Riberena-II.jpg 640w, https:\/\/www.buroperiodistico.com.mx\/wp-content\/uploads\/2022\/03\/Riberena-II-300x200.jpg 300w\" sizes=\"auto, (max-width: 640px) 100vw, 640px\" \/> <img loading=\"lazy\" decoding=\"async\" class=\"size-full wp-image-6526 aligncenter\" src=\"https:\/\/www.buroperiodistico.com.mx\/wp-content\/uploads\/2022\/03\/Riberena-III.jpg\" alt=\"\" width=\"640\" height=\"427\" srcset=\"https:\/\/www.buroperiodistico.com.mx\/wp-content\/uploads\/2022\/03\/Riberena-III.jpg 640w, https:\/\/www.buroperiodistico.com.mx\/wp-content\/uploads\/2022\/03\/Riberena-III-300x200.jpg 300w\" sizes=\"auto, (max-width: 640px) 100vw, 640px\" \/> <img loading=\"lazy\" decoding=\"async\" class=\"size-full wp-image-6527 aligncenter\" src=\"https:\/\/www.buroperiodistico.com.mx\/wp-content\/uploads\/2022\/03\/Riberena-IIII.jpg\" alt=\"\" width=\"640\" height=\"427\" srcset=\"https:\/\/www.buroperiodistico.com.mx\/wp-content\/uploads\/2022\/03\/Riberena-IIII.jpg 640w, https:\/\/www.buroperiodistico.com.mx\/wp-content\/uploads\/2022\/03\/Riberena-IIII-300x200.jpg 300w\" sizes=\"auto, (max-width: 640px) 100vw, 640px\" \/> <img loading=\"lazy\" decoding=\"async\" class=\"size-full wp-image-6528 aligncenter\" src=\"https:\/\/www.buroperiodistico.com.mx\/wp-content\/uploads\/2022\/03\/Riberena-IIIII.jpg\" alt=\"\" width=\"640\" height=\"427\" srcset=\"https:\/\/www.buroperiodistico.com.mx\/wp-content\/uploads\/2022\/03\/Riberena-IIIII.jpg 640w, https:\/\/www.buroperiodistico.com.mx\/wp-content\/uploads\/2022\/03\/Riberena-IIIII-300x200.jpg 300w\" sizes=\"auto, (max-width: 640px) 100vw, 640px\" \/><\/p>\n","protected":false},"excerpt":{"rendered":"<p>Gustavo D\u00edaz Ordaz, Tam (23-Marzo-2022).- La Alcaldesa Nataly Garc\u00eda D\u00edaz tom\u00f3 protesta a las escoltas&#8230;<\/p>\n","protected":false},"author":1,"featured_media":6529,"comment_status":"open","ping_status":"open","sticky":false,"template":"","format":"standard","meta":{"footnotes":"","jetpack_publicize_message":"","jetpack_publicize_feature_enabled":true,"jetpack_social_post_already_shared":false,"jetpack_social_options":{"image_generator_settings":{"template":"highway","default_image_id":0,"font":"","enabled":false},"version":2}},"categories":[15],"tags":[],"class_list":["post-6523","post","type-post","status-publish","format-standard","has-post-thumbnail","hentry","category-riberena"],"jetpack_publicize_connections":[],"_links":{"self":[{"href":"https:\/\/www.buroperiodistico.com.mx\/index.php?rest_route=\/wp\/v2\/posts\/6523","targetHints":{"allow":["GET"]}}],"collection":[{"href":"https:\/\/www.buroperiodistico.com.mx\/index.php?rest_route=\/wp\/v2\/posts"}],"about":[{"href":"https:\/\/www.buroperiodistico.com.mx\/index.php?rest_route=\/wp\/v2\/types\/post"}],"author":[{"embeddable":true,"href":"https:\/\/www.buroperiodistico.com.mx\/index.php?rest_route=\/wp\/v2\/users\/1"}],"replies":[{"embeddable":true,"href":"https:\/\/www.buroperiodistico.com.mx\/index.php?rest_route=%2Fwp%2Fv2%2Fcomments&post=6523"}],"version-history":[{"count":0,"href":"https:\/\/www.buroperiodistico.com.mx\/index.php?rest_route=\/wp\/v2\/posts\/6523\/revisions"}],"wp:featuredmedia":[{"embeddable":true,"href":"https:\/\/www.buroperiodistico.com.mx\/index.php?rest_route=\/wp\/v2\/media\/6529"}],"wp:attachment":[{"href":"https:\/\/www.buroperiodistico.com.mx\/index.php?rest_route=%2Fwp%2Fv2%2Fmedia&parent=6523"}],"wp:term":[{"taxonomy":"category","embeddable":true,"href":"https:\/\/www.buroperiodistico.com.mx\/index.php?rest_route=%2Fwp%2Fv2%2Fcategories&post=6523"},{"taxonomy":"post_tag","embeddable":true,"href":"https:\/\/www.buroperiodistico.com.mx\/index.php?rest_route=%2Fwp%2Fv2%2Ftags&post=6523"}],"curies":[{"name":"wp","href":"https:\/\/api.w.org\/{rel}","templated":true}]}}