{"id":6518,"date":"2022-03-23T12:58:09","date_gmt":"2022-03-23T18:58:09","guid":{"rendered":"https:\/\/www.buroperiodistico.com.mx\/?p=6518"},"modified":"2022-03-23T17:34:17","modified_gmt":"2022-03-23T23:34:17","slug":"vamos-a-ganar-tenemos-al-mejor-candidato-melhem","status":"publish","type":"post","link":"https:\/\/www.buroperiodistico.com.mx\/?p=6518","title":{"rendered":"Vamos a ganar. Tenemos al mejor candidato: Melhem"},"content":{"rendered":"<p><em><strong><img loading=\"lazy\" decoding=\"async\" class=\"alignright wp-image-6521\" src=\"https:\/\/www.buroperiodistico.com.mx\/wp-content\/uploads\/2022\/03\/Mejorcandi.jpg\" alt=\"\" width=\"598\" height=\"323\" srcset=\"https:\/\/www.buroperiodistico.com.mx\/wp-content\/uploads\/2022\/03\/Mejorcandi.jpg 1110w, https:\/\/www.buroperiodistico.com.mx\/wp-content\/uploads\/2022\/03\/Mejorcandi-300x162.jpg 300w, https:\/\/www.buroperiodistico.com.mx\/wp-content\/uploads\/2022\/03\/Mejorcandi-1024x554.jpg 1024w, https:\/\/www.buroperiodistico.com.mx\/wp-content\/uploads\/2022\/03\/Mejorcandi-768x415.jpg 768w\" sizes=\"auto, (max-width: 598px) 100vw, 598px\" \/>Cd. Victoria, Tam (23-Marzo-2022).-<\/strong><\/em> En el marco de la guardia de honor por la conmemoraci\u00f3n del natalicio de Luis Donaldo Colosio que se llev\u00f3 a cabo en la explanada del Partido Revolucionario Institucional, (PRI), el dirigente de este organismo Edgar Melhem Salinas, dijo que tienen mucha confianza de sacar adelante a la alianza \u201cVa por Tamaulipas\u201d, porque tienen al mejor candidato, C\u00e9sar Ver\u00e1stegui Ostos.<\/p>\n<p>\u201cTenemos al mejor candidato que est\u00e1 haciendo su trabajo y nosotros como partido estamos activando todas las estructuras territoriales, tocando todas las puertas buscando a todos los actores de cada regi\u00f3n y bueno preparando el Ej\u00e9rcito de priistas que arrancar\u00e1n la campa\u00f1a el 3 de abril\u201d.<\/p>\n<p>En entrevista previo a la ceremonia conmemorativa, detall\u00f3 que las puertas del instituto est\u00e1n abiertas para todos, \u201cestamos de puertas abiertas, no tenemos fobias, de lo que se trata es de sumar, y todos los que quieran sumarse a un proyecto para defender a Tamaulipas, son bienvenidos\u201d, dijo.<\/p>\n<p>Sobre el panorama de la presente contienda electoral que se vislumbra ser\u00e1 competida, enfatiz\u00f3 que la alianza Va por Tamaulipas que integra a PRI-PAN-PRD, obtendr\u00e1 el triunfo electoral el pr\u00f3ximo 5 de junio porque \u201cvamos a hacer nuestro mejor esfuerzo, nuestro mejor trabajo para que el PRI aporte los votos necesarios para que triunfe la coalici\u00f3n\u201d, se\u00f1al\u00f3.<\/p>\n<p>Para concluir dijo que la guerra sucia que prevalece durante el periodo de campa\u00f1as, Melhem Salinas afirm\u00f3 que \u00e9sta se combate con trabajo y con hechos en el territorio.<\/p>\n<p><img loading=\"lazy\" decoding=\"async\" class=\"size-full wp-image-6519 aligncenter\" src=\"https:\/\/www.buroperiodistico.com.mx\/wp-content\/uploads\/2022\/03\/Mejorcandi-I.jpg\" alt=\"\" width=\"640\" height=\"427\" srcset=\"https:\/\/www.buroperiodistico.com.mx\/wp-content\/uploads\/2022\/03\/Mejorcandi-I.jpg 640w, https:\/\/www.buroperiodistico.com.mx\/wp-content\/uploads\/2022\/03\/Mejorcandi-I-300x200.jpg 300w\" sizes=\"auto, (max-width: 640px) 100vw, 640px\" \/> <img loading=\"lazy\" decoding=\"async\" class=\"size-full wp-image-6520 aligncenter\" src=\"https:\/\/www.buroperiodistico.com.mx\/wp-content\/uploads\/2022\/03\/Mejorcandi-II.jpg\" alt=\"\" width=\"640\" height=\"427\" srcset=\"https:\/\/www.buroperiodistico.com.mx\/wp-content\/uploads\/2022\/03\/Mejorcandi-II.jpg 640w, https:\/\/www.buroperiodistico.com.mx\/wp-content\/uploads\/2022\/03\/Mejorcandi-II-300x200.jpg 300w\" sizes=\"auto, (max-width: 640px) 100vw, 640px\" \/><\/p>\n<div style=\"width: 640px;\" class=\"wp-video\"><video class=\"wp-video-shortcode\" id=\"video-6518-1\" width=\"640\" height=\"352\" preload=\"metadata\" controls=\"controls\"><source type=\"video\/mp4\" src=\"https:\/\/www.buroperiodistico.com.mx\/wp-content\/uploads\/2022\/03\/WhatsApp-Video-2022-03-23-at-6.24.58-PM.mp4?_=1\" \/><a href=\"https:\/\/www.buroperiodistico.com.mx\/wp-content\/uploads\/2022\/03\/WhatsApp-Video-2022-03-23-at-6.24.58-PM.mp4\">https:\/\/www.buroperiodistico.com.mx\/wp-content\/uploads\/2022\/03\/WhatsApp-Video-2022-03-23-at-6.24.58-PM.mp4<\/a><\/video><\/div>\n","protected":false},"excerpt":{"rendered":"<p>Cd. Victoria, Tam (23-Marzo-2022).- En el marco de la guardia de honor por la conmemoraci\u00f3n&#8230;<\/p>\n","protected":false},"author":1,"featured_media":6521,"comment_status":"open","ping_status":"open","sticky":false,"template":"","format":"standard","meta":{"footnotes":"","jetpack_publicize_message":"","jetpack_publicize_feature_enabled":true,"jetpack_social_post_already_shared":false,"jetpack_social_options":{"image_generator_settings":{"template":"highway","default_image_id":0,"font":"","enabled":false},"version":2}},"categories":[17,25],"tags":[],"class_list":["post-6518","post","type-post","status-publish","format-standard","has-post-thumbnail","hentry","category-ciudadvictoria","category-portada"],"jetpack_publicize_connections":[],"_links":{"self":[{"href":"https:\/\/www.buroperiodistico.com.mx\/index.php?rest_route=\/wp\/v2\/posts\/6518","targetHints":{"allow":["GET"]}}],"collection":[{"href":"https:\/\/www.buroperiodistico.com.mx\/index.php?rest_route=\/wp\/v2\/posts"}],"about":[{"href":"https:\/\/www.buroperiodistico.com.mx\/index.php?rest_route=\/wp\/v2\/types\/post"}],"author":[{"embeddable":true,"href":"https:\/\/www.buroperiodistico.com.mx\/index.php?rest_route=\/wp\/v2\/users\/1"}],"replies":[{"embeddable":true,"href":"https:\/\/www.buroperiodistico.com.mx\/index.php?rest_route=%2Fwp%2Fv2%2Fcomments&post=6518"}],"version-history":[{"count":0,"href":"https:\/\/www.buroperiodistico.com.mx\/index.php?rest_route=\/wp\/v2\/posts\/6518\/revisions"}],"wp:featuredmedia":[{"embeddable":true,"href":"https:\/\/www.buroperiodistico.com.mx\/index.php?rest_route=\/wp\/v2\/media\/6521"}],"wp:attachment":[{"href":"https:\/\/www.buroperiodistico.com.mx\/index.php?rest_route=%2Fwp%2Fv2%2Fmedia&parent=6518"}],"wp:term":[{"taxonomy":"category","embeddable":true,"href":"https:\/\/www.buroperiodistico.com.mx\/index.php?rest_route=%2Fwp%2Fv2%2Fcategories&post=6518"},{"taxonomy":"post_tag","embeddable":true,"href":"https:\/\/www.buroperiodistico.com.mx\/index.php?rest_route=%2Fwp%2Fv2%2Ftags&post=6518"}],"curies":[{"name":"wp","href":"https:\/\/api.w.org\/{rel}","templated":true}]}}