{"id":6499,"date":"2022-03-23T12:33:53","date_gmt":"2022-03-23T18:33:53","guid":{"rendered":"https:\/\/www.buroperiodistico.com.mx\/?p=6499"},"modified":"2022-03-23T12:33:53","modified_gmt":"2022-03-23T18:33:53","slug":"realizaran-bazar-de-arte-y-tradicion-en-la-plaza-juarez","status":"publish","type":"post","link":"https:\/\/www.buroperiodistico.com.mx\/?p=6499","title":{"rendered":"REALIZAR\u00c1N BAZAR DE ARTE Y TRADICI\u00d3N EN LA PLAZA JU\u00c1REZ"},"content":{"rendered":"<p><em><strong><img loading=\"lazy\" decoding=\"async\" class=\"alignright  wp-image-6501\" src=\"https:\/\/www.buroperiodistico.com.mx\/wp-content\/uploads\/2022\/03\/Plaza.jpg\" alt=\"\" width=\"605\" height=\"349\" srcset=\"https:\/\/www.buroperiodistico.com.mx\/wp-content\/uploads\/2022\/03\/Plaza.jpg 1024w, https:\/\/www.buroperiodistico.com.mx\/wp-content\/uploads\/2022\/03\/Plaza-300x173.jpg 300w, https:\/\/www.buroperiodistico.com.mx\/wp-content\/uploads\/2022\/03\/Plaza-768x443.jpg 768w\" sizes=\"auto, (max-width: 605px) 100vw, 605px\" \/>Nuevo Laredo, Tam (23-Marzo-2022).-<\/strong><\/em> Con la finalidad de brindar a las familias de Nuevo Laredo m\u00e1s opciones de esparcimiento, y en conjunto reactivar el comercio del Centro Hist\u00f3rico este s\u00e1bado 26 de marzo se realizar\u00e1 el bazar \u201cArte y Tradici\u00f3n\u201d, en la Plaza Ju\u00e1rez.<\/p>\n<p>A partir de las 4:00 de la tarde estar\u00e1 instalado el bazar en el que participar\u00e1n los comerciantes del mercado Maclovio Herrera y artistas pl\u00e1sticos quienes estar\u00e1n vendiendo sus trabajos.<\/p>\n<p>La Direcci\u00f3n de Turismo y de Arte y Cultura convocan a la ciudadan\u00eda a disfrutar de m\u00fasica ambiental y programas art\u00edsticos con talentos locales.<\/p>\n<p><img loading=\"lazy\" decoding=\"async\" class=\"size-full wp-image-6500 aligncenter\" src=\"https:\/\/www.buroperiodistico.com.mx\/wp-content\/uploads\/2022\/03\/Plaza-I.jpg\" alt=\"\" width=\"640\" height=\"480\" srcset=\"https:\/\/www.buroperiodistico.com.mx\/wp-content\/uploads\/2022\/03\/Plaza-I.jpg 640w, https:\/\/www.buroperiodistico.com.mx\/wp-content\/uploads\/2022\/03\/Plaza-I-300x225.jpg 300w\" sizes=\"auto, (max-width: 640px) 100vw, 640px\" \/><\/p>\n","protected":false},"excerpt":{"rendered":"<p>Nuevo Laredo, Tam (23-Marzo-2022).- Con la finalidad de brindar a las familias de Nuevo Laredo&#8230;<\/p>\n","protected":false},"author":1,"featured_media":6501,"comment_status":"open","ping_status":"open","sticky":false,"template":"","format":"standard","meta":{"footnotes":"","jetpack_publicize_message":"","jetpack_publicize_feature_enabled":true,"jetpack_social_post_already_shared":false,"jetpack_social_options":{"image_generator_settings":{"template":"highway","default_image_id":0,"font":"","enabled":false},"version":2}},"categories":[16],"tags":[],"class_list":["post-6499","post","type-post","status-publish","format-standard","has-post-thumbnail","hentry","category-nuevolaredo"],"jetpack_publicize_connections":[],"_links":{"self":[{"href":"https:\/\/www.buroperiodistico.com.mx\/index.php?rest_route=\/wp\/v2\/posts\/6499","targetHints":{"allow":["GET"]}}],"collection":[{"href":"https:\/\/www.buroperiodistico.com.mx\/index.php?rest_route=\/wp\/v2\/posts"}],"about":[{"href":"https:\/\/www.buroperiodistico.com.mx\/index.php?rest_route=\/wp\/v2\/types\/post"}],"author":[{"embeddable":true,"href":"https:\/\/www.buroperiodistico.com.mx\/index.php?rest_route=\/wp\/v2\/users\/1"}],"replies":[{"embeddable":true,"href":"https:\/\/www.buroperiodistico.com.mx\/index.php?rest_route=%2Fwp%2Fv2%2Fcomments&post=6499"}],"version-history":[{"count":0,"href":"https:\/\/www.buroperiodistico.com.mx\/index.php?rest_route=\/wp\/v2\/posts\/6499\/revisions"}],"wp:featuredmedia":[{"embeddable":true,"href":"https:\/\/www.buroperiodistico.com.mx\/index.php?rest_route=\/wp\/v2\/media\/6501"}],"wp:attachment":[{"href":"https:\/\/www.buroperiodistico.com.mx\/index.php?rest_route=%2Fwp%2Fv2%2Fmedia&parent=6499"}],"wp:term":[{"taxonomy":"category","embeddable":true,"href":"https:\/\/www.buroperiodistico.com.mx\/index.php?rest_route=%2Fwp%2Fv2%2Fcategories&post=6499"},{"taxonomy":"post_tag","embeddable":true,"href":"https:\/\/www.buroperiodistico.com.mx\/index.php?rest_route=%2Fwp%2Fv2%2Ftags&post=6499"}],"curies":[{"name":"wp","href":"https:\/\/api.w.org\/{rel}","templated":true}]}}