{"id":6496,"date":"2022-03-23T11:14:37","date_gmt":"2022-03-23T17:14:37","guid":{"rendered":"https:\/\/www.buroperiodistico.com.mx\/?p=6496"},"modified":"2022-03-23T11:14:37","modified_gmt":"2022-03-23T17:14:37","slug":"cae-pared-del-canon-del-sumidero","status":"publish","type":"post","link":"https:\/\/www.buroperiodistico.com.mx\/?p=6496","title":{"rendered":"Cae pared del Ca\u00f1\u00f3n del Sumidero"},"content":{"rendered":"<p style=\"font-weight: 400;\"><em><strong><img loading=\"lazy\" decoding=\"async\" class=\"alignright size-full wp-image-6497\" src=\"https:\/\/www.buroperiodistico.com.mx\/wp-content\/uploads\/2022\/03\/Sumidero.jpg\" alt=\"\" width=\"640\" height=\"368\" srcset=\"https:\/\/www.buroperiodistico.com.mx\/wp-content\/uploads\/2022\/03\/Sumidero.jpg 640w, https:\/\/www.buroperiodistico.com.mx\/wp-content\/uploads\/2022\/03\/Sumidero-300x173.jpg 300w\" sizes=\"auto, (max-width: 640px) 100vw, 640px\" \/>Por Francisco Mendoza<\/strong><\/em><\/p>\n<p style=\"font-weight: 400;\">Pasaron poco m\u00e1s de dos a\u00f1os para que se presentara otro \u201cca\u00eddo\u201d (deslizamiento de rocas y tierra) en el interior del Parque Nacional Ca\u00f1\u00f3n del Sumidero, en esta ocasi\u00f3n, por fortuna no hubo da\u00f1os materiales ni humanos que lamentar.<\/p>\n<p style=\"font-weight: 400;\">Este hecho natural se suscit\u00f3 alrededor del mediod\u00eda del d\u00eda de ayer y fue captado por turistas que iban en la lancha y fueron testigos de este deslizamiento, se\u00f1al\u00f3 Roberto Escalante L\u00f3pez, director del Parque Nacional Ca\u00f1\u00f3n del Sumidero, de la Comisi\u00f3n Nacional de \u00c1reas Naturales Protegidas (Conanp).<\/p>\n<p style=\"font-weight: 400;\">\u201cA las 12:15 del d\u00eda, recibimos precisamente el reporte del \u00e1rea de turismo del Parque Nacional Ca\u00f1\u00f3n del Sumidero un deslizamiento que se present\u00f3 a la altura del mirador Los Chiapas, en el lugar donde se suscit\u00f3 en enero del 2020 el ca\u00eddo\u201d.<\/p>\n<p style=\"font-weight: 400;\">El funcionario explic\u00f3 que, al tener el conocimiento de este fen\u00f3meno natural, las instancias aplicaron el protocolo de hacer el reporte inmediato a la Secretar\u00eda de Protecci\u00f3n Civil para que se puedan tomar las medidas pertinentes y evitar cualquier desastre en el sitio.<\/p>\n<p style=\"font-weight: 400;\">Explic\u00f3 que, de manera conjunta con Protecci\u00f3n Civil, la direcci\u00f3n del parque de la Conanp y Capitan\u00eda de Puerto, se acord\u00f3 hacer un cierre preventivo de la navegaci\u00f3n para realizar las actividades pertinentes de evaluaci\u00f3n del impacto del deslizamiento y valorar qu\u00e9 decisi\u00f3n se debe tomar para los siguientes d\u00edas.<\/p>\n<p style=\"font-weight: 400;\">\u201cNo tenemos reportes de ninguna p\u00e9rdida tanto material como humana, simplemente est\u00e1n las fotograf\u00edas y los videos de la magnitud de c\u00f3mo se present\u00f3 este deslizamiento\u201d.<\/p>\n<p style=\"font-weight: 400;\">Los hechos del desprendimiento de material p\u00e9treo, se present\u00f3 desde un punto conocido como \u201cLa Huella\u201d, en la pared izquierda de Ca\u00f1\u00f3n del Sumidero en una zona delante del mirador \u201cLos Chiapa\u201d, el 5\u00ba mirador en el recorrido terrestre al interior del \u00e1rea natural protegida.<\/p>\n<p style=\"font-weight: 400;\">Por su parte, el ge\u00f3logo de la Secretar\u00eda de Protecci\u00f3n Civil del Gobierno de Chiapas, Jos\u00e9 Luis Parra Betancourt, enfatiz\u00f3 que se realizar\u00e1 en coordinaci\u00f3n con el Centro Nacional de Prevenci\u00f3n de Desastres (Cenapred) un dictamen de riesgos; para con ello, reabrir la navegaci\u00f3n, as\u00ed como emitir algunas recomendaciones y reforzar la se\u00f1alizaci\u00f3n de zonas de alto riesgo.<\/p>\n<p style=\"font-weight: 400;\">\u201cDe manera preliminar se menciona que lo sucedido hoy es por escorrent\u00eda de material p\u00e9treo por la humedad de una zona, lo que provoc\u00f3 que el material h\u00famedo (por el peso) se desprendiera y afectara una zona del evento anterior lo que ocasion\u00f3 la nube de polvo\u201d, inform\u00f3.<\/p>\n","protected":false},"excerpt":{"rendered":"<p>Por Francisco Mendoza Pasaron poco m\u00e1s de dos a\u00f1os para que se presentara otro \u201cca\u00eddo\u201d&#8230;<\/p>\n","protected":false},"author":1,"featured_media":6497,"comment_status":"open","ping_status":"open","sticky":false,"template":"","format":"standard","meta":{"footnotes":"","jetpack_publicize_message":"","jetpack_publicize_feature_enabled":true,"jetpack_social_post_already_shared":false,"jetpack_social_options":{"image_generator_settings":{"template":"highway","default_image_id":0,"font":"","enabled":false},"version":2}},"categories":[11],"tags":[],"class_list":["post-6496","post","type-post","status-publish","format-standard","has-post-thumbnail","hentry","category-nacional"],"jetpack_publicize_connections":[],"_links":{"self":[{"href":"https:\/\/www.buroperiodistico.com.mx\/index.php?rest_route=\/wp\/v2\/posts\/6496","targetHints":{"allow":["GET"]}}],"collection":[{"href":"https:\/\/www.buroperiodistico.com.mx\/index.php?rest_route=\/wp\/v2\/posts"}],"about":[{"href":"https:\/\/www.buroperiodistico.com.mx\/index.php?rest_route=\/wp\/v2\/types\/post"}],"author":[{"embeddable":true,"href":"https:\/\/www.buroperiodistico.com.mx\/index.php?rest_route=\/wp\/v2\/users\/1"}],"replies":[{"embeddable":true,"href":"https:\/\/www.buroperiodistico.com.mx\/index.php?rest_route=%2Fwp%2Fv2%2Fcomments&post=6496"}],"version-history":[{"count":0,"href":"https:\/\/www.buroperiodistico.com.mx\/index.php?rest_route=\/wp\/v2\/posts\/6496\/revisions"}],"wp:featuredmedia":[{"embeddable":true,"href":"https:\/\/www.buroperiodistico.com.mx\/index.php?rest_route=\/wp\/v2\/media\/6497"}],"wp:attachment":[{"href":"https:\/\/www.buroperiodistico.com.mx\/index.php?rest_route=%2Fwp%2Fv2%2Fmedia&parent=6496"}],"wp:term":[{"taxonomy":"category","embeddable":true,"href":"https:\/\/www.buroperiodistico.com.mx\/index.php?rest_route=%2Fwp%2Fv2%2Fcategories&post=6496"},{"taxonomy":"post_tag","embeddable":true,"href":"https:\/\/www.buroperiodistico.com.mx\/index.php?rest_route=%2Fwp%2Fv2%2Ftags&post=6496"}],"curies":[{"name":"wp","href":"https:\/\/api.w.org\/{rel}","templated":true}]}}