{"id":6471,"date":"2022-03-22T20:46:51","date_gmt":"2022-03-23T02:46:51","guid":{"rendered":"https:\/\/www.buroperiodistico.com.mx\/?p=6471"},"modified":"2022-03-22T20:46:51","modified_gmt":"2022-03-23T02:46:51","slug":"agenda-fronteriza-por-humberto-gutierrez-36","status":"publish","type":"post","link":"https:\/\/www.buroperiodistico.com.mx\/?p=6471","title":{"rendered":"AGENDA FRONTERIZA\/ POR HUMBERTO GUTI\u00c9RREZ"},"content":{"rendered":"<p style=\"text-align: center;\"><strong><em>CORAZON DE NI\u00d1O: \u00a0VALOR UAT<\/em><\/strong><\/p>\n<ul>\n<li><strong>\u201cDona un juguete, gana una sonrisa\u201d.<\/strong><\/li>\n<li><strong>El domingo el registro de tres candidatos<\/strong><\/li>\n<\/ul>\n<p>Al paso del tiempo aprend\u00ed que las cosas no se pueden cambiar, que solo hay que aceptar\u2026 que cualquier persona te puede fallar y que la decepci\u00f3n no mata\u2026.ense\u00f1a.<\/p>\n<p>No hay fecha que no se llegue, dentro de cinco d\u00edas, el pr\u00f3ximo domingo 27 de marzo se registran, el mismo d\u00eda ante el Instituto Electoral de Tamaulipas como candidatos los tres aspirantes a la gubernatura de Tamaulipas: ARTURO D\u00cdEZ Guti\u00e9rrez Navarro, C\u00c9SAR VER\u00c1STEGUI Ostos y AM\u00c9RICO VILLARREAL Anaya una vez que los partidos que los postulan acordaron que esos son los personajes que nos deben representar. Los electores decidiremos a quien le damos el voto de confianza.<\/p>\n<p>Los partidos ya agendaron su espacio para ser recibidos por el Consejo General del instituto.<\/p>\n<p>ARTURO DIEZ Guti\u00e9rrez Navarro ser\u00e1 el primero del d\u00eda, su turno es a las 10 de la ma\u00f1ana del Partido Movimiento Ciudadano.<\/p>\n<p>A las 12:00 horas, est\u00e1 agendado C\u00c9SAR VER\u00c1STEGUI \u201cEl Truco\u201d, candidato de la coalici\u00f3n \u201cVa por Tamaulipas\u201d, integrada por el Partido Acci\u00f3n Nacional (PAN), el Partido Revolucionario Institucional (PRI) y el Partido de la Revoluci\u00f3n Democr\u00e1tica (PRD).<\/p>\n<p>Mientras que para el registro de AM\u00c9RICO VILLARREAL Anaya de \u201cJuntos Haremos Historia en Tamaulipas\u00bb, integrado por el Movimiento de Regeneraci\u00f3n Nacional (Morena), Partido del Trabajo (PT) y el Partido Verde Ecologista de M\u00e9xico (PVEM).<\/p>\n<p>La mejor hora le corresponde a AMERICO, ya que se est\u00e1 citando a las 15:30 horas en la Plaza del 15 Hidalgo de la ciudad capital donde dar\u00e1 entrada a la marcha de la unidad con la presencia de los l\u00edderes nacionales, y toda la c\u00fapula de Tamaulipas. Tambi\u00e9n aparecer\u00e1n \u00a1\u00a1 por fin \u00a1\u00a1 los 37 aspirantes finalistas a la candidatura.<\/p>\n<p>Habr\u00e1 expectativas para hacer notar las faltas.<\/p>\n<p>En el caso de AMERICO queremos saber si la unidad pedida se manifiesta. Eso har\u00e1 nota del gran festejo.<\/p>\n<p>El IETAM emitir\u00e1 a m\u00e1s tardar el 31 de marzo los criterios, esto es fechas, sedes, tem\u00e1ticas y las reglas para la realizaci\u00f3n de los dos debates obligatorios que deber\u00e1n realizar los candidatos.<\/p>\n<p>No se dude que los equipos de CESAR VERASTEGUI y AMERICO VILLAREAL muestren su m\u00fasculo.<\/p>\n<p>Del escritorio de EDGAR JOEL Y\u00c9PEZ IBARRA.<\/p>\n<p>El trabajo restaura y embellece<\/p>\n<p>Est\u00e1 demostrado que lo \u00fanico que tiene un verdadero sentido social es trabajar hasta la terquedad. Mientras me deleito admirando la monumental obra del Gobierno del Presidente Andr\u00e9s Manuel L\u00f3pez Obrador, y veo tambi\u00e9n los rostros emocionados de cientos de asistentes a la inauguraci\u00f3n del nuevo Aeropuerto Internacional, me llega por WhatsApp la columna del Carlos Loret de Mola donde dice:<\/p>\n<p>\u201cHoy se inaugura un aeropuerto tan chafa que las aerol\u00edneas no lo quieren usar, los pasajeros no pueden llegar y los comercios no se quieren instalar ah\u00ed\u201d<\/p>\n<p>Cierro los ojos y pienso en las palabras que se vuelven contra quien las pronuncia, pienso en el texto de Loret de Mola impulsado por las v\u00edsceras que se han comido a la raz\u00f3n, al entendimiento, a la urbanidad.<\/p>\n<p>Es un dolor escribir lo que uno no quiere, pero \u00e9l, Loret, prest\u00f3 su vida durante a\u00f1os al poder, a cambio de millonarios apoyos, y hoy ya no es amigo del poder presidencial.<\/p>\n<p>Vuelvo al paisaje de las im\u00e1genes sobre el Aeropuerto Internacional Felipe \u00c1ngeles, a lo que representa la Magna Obra para el pa\u00eds y para la pol\u00edtica; congruencia entre el prometer y cumplir, y el testimonio de que el trabajo restaura y embellece a la naci\u00f3n.<\/p>\n<p>Buenos y bendecidos d\u00edas.<\/p>\n<p>Nota del editor: observo los rostros asombrados y la vez empeque\u00f1ecidos frente al desastre observado por la apuesta de algunos a que AMLO no fuera a cumplir con la promesa que hiciera hace 2 a\u00f1os, cuatro meses y cinco d\u00edas de que el 21 de marzo, iba a entrar en operaci\u00f3n el nuevo aeropuerto ( AIFA) Aeropuerto Internacional Felipe Angeles).<\/p>\n<p>Todo el mundo se qued\u00f3 con el ojo chiquito cuando se anuncia la primera salida nacional, y luego el primer arribo nacional, y luego el arribo de un vuelo internacional.<\/p>\n<p>Cumpli\u00f3 como los grandes.<\/p>\n<p>\u00bfQui\u00e9n cree usted que le interese causar desasosiego entre la gente de la ciudad capital?<\/p>\n<p>\u00bfQui\u00e9n ser\u00e1 el beneficiario de la nota falsa que supuestamente public\u00f3 acerca de un tema sindical donde pone al alcalde LALO GATTAS en contra de los empleados municipales sindicalizados?<\/p>\n<p>Afortunadamente LALO GATTAS goza de un bono democr\u00e1tico porque los electores de la ciudad capital prefirieron a un candidato de MORENA.<\/p>\n<p>CORAZON DE NI\u00d1O<\/p>\n<p>Coraz\u00f3n de Ni\u00f1o es un programa impulsado en la UAT, en el cual toda la comunidad participa para juntar la mayor cantidad de juguetes que ser\u00e1n entregados a los ni\u00f1os de los 43 municipios de escasos recursos.<\/p>\n<p>\u201c <em>dona un juguete, gana una sonrisa\u201d.<\/em><\/p>\n<p>La Colecta Universitaria 2022 inici\u00f3 este 17 de marzo mediante una intensa campa\u00f1a que se est\u00e1 realizando en las redes sociales de la Universidad y colecta permanecer\u00e1 abierta hasta el 27 de abril, para lo cual se est\u00e1 convocando a todos los integrantes de la comunidad universitaria a participar en esta actividad.<\/p>\n<p>Representa una tradici\u00f3n de la UAT que cada a\u00f1o en estas fechas de celebrar el d\u00eda del ni\u00f1o se haga presente entre la gente m\u00e1s pobre de Tamaulipas.<\/p>\n<p>La idea es fomentar los valores de solidaridad entre la comunidad universitaria.<\/p>\n<p>Est\u00e1 invitando la UAT a toda la comunidad universitaria y a la sociedad en general para que, siguiendo los protocolos de salud correspondientes, participen con la donaci\u00f3n de un juguete \u2014de preferencia no b\u00e9lico y que no use pilas\u2014 acudiendo a los centros de acopio que estar\u00e1n ubicados en cada una de las facultades, unidades acad\u00e9micas y escuelas de la UAT en las zonas norte, centro y sur del estado.<\/p>\n<p>Lo que nos toca como sociedad es ayudemos a ayudar.<\/p>\n<p>Mi correo: <a href=\"mailto:humbertografico@yahoo.com.mx\">humbertografico@yahoo.com.mx<\/a><\/p>\n","protected":false},"excerpt":{"rendered":"<p>CORAZON DE NI\u00d1O: \u00a0VALOR UAT \u201cDona un juguete, gana una sonrisa\u201d. El domingo el registro&#8230;<\/p>\n","protected":false},"author":1,"featured_media":213,"comment_status":"open","ping_status":"open","sticky":false,"template":"","format":"standard","meta":{"footnotes":"","jetpack_publicize_message":"","jetpack_publicize_feature_enabled":true,"jetpack_social_post_already_shared":false,"jetpack_social_options":{"image_generator_settings":{"template":"highway","default_image_id":0,"font":"","enabled":false},"version":2}},"categories":[23],"tags":[],"class_list":["post-6471","post","type-post","status-publish","format-standard","has-post-thumbnail","hentry","category-columnas"],"jetpack_publicize_connections":[],"_links":{"self":[{"href":"https:\/\/www.buroperiodistico.com.mx\/index.php?rest_route=\/wp\/v2\/posts\/6471","targetHints":{"allow":["GET"]}}],"collection":[{"href":"https:\/\/www.buroperiodistico.com.mx\/index.php?rest_route=\/wp\/v2\/posts"}],"about":[{"href":"https:\/\/www.buroperiodistico.com.mx\/index.php?rest_route=\/wp\/v2\/types\/post"}],"author":[{"embeddable":true,"href":"https:\/\/www.buroperiodistico.com.mx\/index.php?rest_route=\/wp\/v2\/users\/1"}],"replies":[{"embeddable":true,"href":"https:\/\/www.buroperiodistico.com.mx\/index.php?rest_route=%2Fwp%2Fv2%2Fcomments&post=6471"}],"version-history":[{"count":0,"href":"https:\/\/www.buroperiodistico.com.mx\/index.php?rest_route=\/wp\/v2\/posts\/6471\/revisions"}],"wp:featuredmedia":[{"embeddable":true,"href":"https:\/\/www.buroperiodistico.com.mx\/index.php?rest_route=\/wp\/v2\/media\/213"}],"wp:attachment":[{"href":"https:\/\/www.buroperiodistico.com.mx\/index.php?rest_route=%2Fwp%2Fv2%2Fmedia&parent=6471"}],"wp:term":[{"taxonomy":"category","embeddable":true,"href":"https:\/\/www.buroperiodistico.com.mx\/index.php?rest_route=%2Fwp%2Fv2%2Fcategories&post=6471"},{"taxonomy":"post_tag","embeddable":true,"href":"https:\/\/www.buroperiodistico.com.mx\/index.php?rest_route=%2Fwp%2Fv2%2Ftags&post=6471"}],"curies":[{"name":"wp","href":"https:\/\/api.w.org\/{rel}","templated":true}]}}