{"id":6466,"date":"2022-03-22T19:28:20","date_gmt":"2022-03-23T01:28:20","guid":{"rendered":"https:\/\/www.buroperiodistico.com.mx\/?p=6466"},"modified":"2022-03-22T19:28:20","modified_gmt":"2022-03-23T01:28:20","slug":"senal-politica-por-anwar-a-vivian-peralta-10","status":"publish","type":"post","link":"https:\/\/www.buroperiodistico.com.mx\/?p=6466","title":{"rendered":"SE\u00d1AL POLITICA\/ POR: ANWAR A. VIVIAN PERALTA"},"content":{"rendered":"<ul>\n<li><strong><em>28 A\u00d1OS DEL MAGNICIDIO \u201cCOLOSIO\u201d<\/em><\/strong><\/li>\n<li><strong><em>UCEN CRECE EN LA REGION DE TAMAULIPAS<\/em><\/strong><\/li>\n<\/ul>\n<p>EL Consejo directivo local de la UCEN Matamoros, Uni\u00f3n de comerciantes y empresarios del Noreste, tiene su relevo este mi\u00e9rcoles.<\/p>\n<p>Entrega la directiva MIGUEL TELLO ROMERO como presidente, que deja una serie de acciones y gestiones en favor de sus representados.<\/p>\n<p>Asume una nueva encomienda y recae en OSCAR MARTINEZ la nueva dirigencia de la UCEN.<\/p>\n<p>En una ceremonia con la participaci\u00f3n de sus activos y representantes de la sociedad y la regi\u00f3n, OSCAR MARTINEZ, vendr\u00e1 trabajando activamente en un nuevo impulso de la organizaci\u00f3n comercial y empresarial.<\/p>\n<p>NO HAY DUDA, que como organizaci\u00f3n representativa de los comerciantes y empresarios de la regi\u00f3n ha crecido, dando credibilidad permanente y transparente dando seguimiento a gestiones importantes ante dependencias de gobierno y otras instancias.<\/p>\n<p>Este mi\u00e9rcoles por la ma\u00f1ana el cambio de estafeta se d\u00e1 para seguir coadyuvando por sus representados.<\/p>\n<p>CONMEMORAN 261 ANIVERSARIO DE \u201cBENITO JUAREZ\u201d<\/p>\n<p>Y TAMBIEN EN MATAMOROS, sus autoridades educativas, civiles y militares recordaron con admiraci\u00f3n y respeto la obra transformadora y la vida caracterizada por la modestia de Don Benito Pablo Ju\u00e1rez Garc\u00eda, en el marco del 216 aniversario de su natalicio.<\/p>\n<p>La ceremonia c\u00edvica organizada por la Secretar\u00eda de Educaci\u00f3n, Cultura y Deporte en coordinaci\u00f3n con Logias Mas\u00f3nicas se realiz\u00f3 en la plaza que lleva el nombre del Benem\u00e9rito de las Am\u00e9ricas.<\/p>\n<p>En ese marco, el Secretario de Educaci\u00f3n, Cultura y Deporte, con la representaci\u00f3n del Municipio de Matamoros dirigi\u00f3 un mensaje en el que se reconoci\u00f3 el patriotismo, los valores de la libertad y la vocaci\u00f3n de servicio de Don Benito Ju\u00e1rez.<\/p>\n<p>El funcionario municipal tambi\u00e9n se refiri\u00f3 \u201cen este renacimiento nacional y social, en que el Estado mexicano tiene como premisa rescatar los ideales de Ju\u00e1rez, que nunca debieron perderse: la de atender en primer lugar a los m\u00e1s desamparados, a los m\u00e1s oprimidos\u201d.<\/p>\n<p>En esta primavera, agreg\u00f3, honremos la memoria del Presidente Ju\u00e1rez con acciones concretas de honestidad, justica y respeto.<\/p>\n<p>En la ceremonia se realizaron honores a la bandera, presentaci\u00f3n del escudo de Tamaulipas y se coloc\u00f3 ofrenda floral en el monumento dedicado al Benem\u00e9rito de las Am\u00e9ricas.<\/p>\n<p>28 A\u00d1OS DEL MAGNICIDIO DE LUIS DONALDO COLOSIO MURRIETA<\/p>\n<p>UN 23 DE MARZO, fue ejecutado el candidato presidencial por el PRI, LUIS DONALDO COLOSIO MURRIETA.<\/p>\n<p>Con un discurso popular, que llegaba a los electores y lo convertir\u00edan en el futuro presidente de M\u00e9xico, se ganaba al electorado sin problema alguno.<\/p>\n<p>Ex senador y ex diputado federal, ex dirigente nacional del PRI y ex secretario de SEDESOL federal; se convert\u00eda en el candidato sucesor de CARLOS SALINAS DE GORTARI.<\/p>\n<p>En su agenda ten\u00eda programada una visita a Lomas Taurinas, colonia popular de Tijuana hostil y en un estado donde la mano blanquiazul gobernaba.<\/p>\n<p>Lleg\u00f3 puntual a su evento pol\u00edtico que ser\u00eda el \u00faltimo en su carrera presidencial.<\/p>\n<p>LUIS DONALDO COLOSIO tenia a dos elementos en su equipo central como eran ERNESTO ZEDILLO como coordinador general de campa\u00f1a y LIEBANO SAENZ como coordinador general de comunicaci\u00f3n social.<\/p>\n<p>Asi como personajes como el tamaulipeco RAMON DURON RUIZ que trabajaba bajo las ordenes de GUILLERMO HOPKINS como coordinador de log\u00edstica.<\/p>\n<p>En punto de las 17 horas con 12 minutos, dos balas atravesaron la cabeza y el est\u00f3mago del malogrado candidato presidencial seg\u00fan las versiones e investigaciones que se han quedado a la luz p\u00fablica.<\/p>\n<p>Sin duda, su esposa, DIANA LAURA RIOJAS DE COLOSIO fue quien en gran parte impuls\u00f3 para que se investigara el origen del magnicidio, pero el destino le gan\u00f3 y en noviembre del mismo a\u00f1o falleci\u00f3 de c\u00e1ncer.<\/p>\n<p>Hoy por hoy, los mexicanos siguen record\u00e1ndolo al pol\u00edtico sonorense oriundo de ciudad Magdalena de Kino, hombre de trabajo, determinado a cambiar el rumbo que llev\u00f3 al pa\u00eds a una serie de discordancias sociales que vendr\u00edan enseguida.<\/p>\n<p>CELEBRA ALCALDE GATTAS FESTEJO DE CONGREGACION CABALLEROS<\/p>\n<p>CON LA PARTICIPACION del alcalde de Victoria EDUARDO GATTAS BAEZ, acompa\u00f1ado de su esposa LUCY RODRIGUEZ, asisti\u00f3 como invitado al festejo del 97 Aniversario de la fundaci\u00f3n del ejido Congregaci\u00f3n Caballeros donde convivi\u00f3 con familias de esa comunidad rural.<\/p>\n<p>En su mensaje, felicit\u00f3 y destac\u00f3 el esfuerzo realizado por sus habitantes para impulsar el desarrollo y calidad de vida de esa localidad, la cual asegur\u00f3 tendr\u00e1 el apoyo incondicional de su gobierno para trabajar juntos por su progreso.<\/p>\n<p>El comisariado ejidal Magdaleno Garc\u00eda, agradeci\u00f3 la cortes\u00eda del alcalde LALO GATTAS y su esposa LUCY de asistir al festejo, acto que consider\u00f3 grato para los pobladores de Congregaci\u00f3n Caballeros y comunidades aleda\u00f1as por la confianza y compromiso que con ellos demuestran.<\/p>\n<p>En el evento, estuvieron presentes la regidora EDITH MATA, el secretario de Desarrollo Rural Damaso Anaya y comisariados ejidales de Alto de Estaci\u00f3n y Alianza de Caballeros, La Misi\u00f3n, El Refugio, Ejido La Libertad, Miguel Hidalgo, Mariposas y Maguiras, Rancho Nuevo y Tierra Nueva.<\/p>\n<p>RESPALDA CABILDO DE NLD DERECHOS DE LAS PERSONAS DE PUEBLOS INDIGENAS<\/p>\n<p>Autoridades de Nuevo Laredo votaron a favor de la aprobaci\u00f3n de diversas reformas al Art\u00edculo 17 de la Constituci\u00f3n Pol\u00edtica del Estado de Tamaulipas, en el que se reconoce los derechos de las personas pertenecientes a los pueblos y comunidades ind\u00edgenas que habitan el territorio. Dichas reformas cuentan con el prop\u00f3sito de reconocer a la movilidad como parte de los derechos humanos fundamentales reconocidos en nuestra entidad, tales como el acceso a la salud, a un medio ambiente sano, a la educaci\u00f3n, entre otros.<\/p>\n<p>\u201cEl estado y los municipios de Tamaulipas adoptar\u00e1n las medidas necesarias para garantizar el ejercicio de este derecho, bajo un sistema integral de calidad, aceptable, suficiente y accesible que, en condiciones de igualdad y sostenibilidad, permita un efectivo desplazamiento para la satisfacci\u00f3n de las necesidades y pleno desarrollo de toda persona\u201d, dijo el regidor Santos Francisco Hern\u00e1ndez Aguilar.<\/p>\n<p>Los bienes considerados como objeto del patrimonio de familia, se considerar\u00e1n inalienables, imprescriptibles e inembargables, a manera de protecci\u00f3n a la familia en t\u00e9rminos de la legislaci\u00f3n civil aplicable.<\/p>\n<p>La necesidad de someter dicha reforma ante el Cabildo se deriva de la reforma a dicho ordenamiento en fecha 22 de febrero de 2022, la cual establece que las reformas o adiciones a la Constituci\u00f3n del Estado, despu\u00e9s de ser aprobada por los miembros del Congreso, la cual deber\u00e1 ser enviada a los ayuntamientos y en el t\u00e9rmino de 30 d\u00edas, notificar\u00e1n su aprobaci\u00f3n a la citada iniciativa y de obtenerse la mayor\u00eda de votos de los ayuntamientos, se declarar\u00e1 parte de la Constituci\u00f3n.<\/p>\n<p>NUESTRA SOLIDARIDAD<\/p>\n<p>Muy lamentable el deceso y a\u00fan se recuerda al luchador social, DON GUILLERMO GUTIERREZ RIESTRA, ex delegado regional de la CNDH en la zona norte del estado de Tamaulipas.<\/p>\n<p>Fue en la capital del estado donde falleci\u00f3 el luchador de los colectivos y defensa de los desaparecidos, hombre cabal y entregado a su lucha descanse en paz.<\/p>\n<p>ENVIO NUESTRO p\u00e9same y abrazo solidario a la familia RAMOS DE LA FUENTE ante el lamentable deceso del amigo MIGUEL RAMOS DURON, periodista radiof\u00f3nico, reportero de mil batallas, que se nos adelant\u00f3 en el camino de la vida.<\/p>\n<p>En especial a la compa\u00f1era periodista BRENDA RAMOS deseando a toda su familia una pronta resignaci\u00f3n, sus esfuerzos, trabajo period\u00edstico y reportajes del amigo MIGUEL, quedan plasmados en las redes sociales asi como en cada espacio y rinc\u00f3n de la regi\u00f3n.<\/p>\n<p>Descanse en paz amigo MIGUEL.<\/p>\n<p>ENVIO MI FELICITACION desde este espacio por su cumplea\u00f1os el pasado 21 de marzo a ROXANA GOMEZ PEREZ, ex diputada local; DANIEL LEAL, YAHIR GUARNEROS, PROFR. OCIEL WENCES TERAN, SAUL ESCOBAR, ALEJANDRO CANTUSAUL GONZALEZ VARGAS, BENITO GARCIA Y CHIRSTIAN ALVAREZ.<\/p>\n<p>ASI COMO ESTE dia 22 de marzo a AGUSTIN BETANCOURTH, PEDRO GARCIA LUNA, PEDRO GARCIA MARTINEZ, LIC. JOEL VELA ROBLES, ING. COSME GARCIA DE LEON, LAURA LOPEZ, ANA LAURA RANGEL, BRUNO SIERRA ORTEGA Y CARLOS GARCIA TORRES.<\/p>\n<p>Como tambi\u00e9n este 23 de marzo recuerdo en su natalicio al amigo y m\u00e9dico MONSERRAT RODRIGUEZ y un aniversario luctuoso mas del malogrado ex candidato presidencial en M\u00e9xico LUIS DONALDO COLOSIO MURRIETA, asesinado en Tijuana, Baja California Norte, en 1994; felicito en su cumplea\u00f1os al LIC. EVERARDO VILLARREAL SALINAS.<\/p>\n<p>Y NOS VEREMOS.<\/p>\n","protected":false},"excerpt":{"rendered":"<p>28 A\u00d1OS DEL MAGNICIDIO \u201cCOLOSIO\u201d UCEN CRECE EN LA REGION DE TAMAULIPAS EL Consejo directivo&#8230;<\/p>\n","protected":false},"author":1,"featured_media":729,"comment_status":"open","ping_status":"open","sticky":false,"template":"","format":"standard","meta":{"footnotes":"","jetpack_publicize_message":"","jetpack_publicize_feature_enabled":true,"jetpack_social_post_already_shared":false,"jetpack_social_options":{"image_generator_settings":{"template":"highway","default_image_id":0,"font":"","enabled":false},"version":2}},"categories":[23],"tags":[],"class_list":["post-6466","post","type-post","status-publish","format-standard","has-post-thumbnail","hentry","category-columnas"],"jetpack_publicize_connections":[],"_links":{"self":[{"href":"https:\/\/www.buroperiodistico.com.mx\/index.php?rest_route=\/wp\/v2\/posts\/6466","targetHints":{"allow":["GET"]}}],"collection":[{"href":"https:\/\/www.buroperiodistico.com.mx\/index.php?rest_route=\/wp\/v2\/posts"}],"about":[{"href":"https:\/\/www.buroperiodistico.com.mx\/index.php?rest_route=\/wp\/v2\/types\/post"}],"author":[{"embeddable":true,"href":"https:\/\/www.buroperiodistico.com.mx\/index.php?rest_route=\/wp\/v2\/users\/1"}],"replies":[{"embeddable":true,"href":"https:\/\/www.buroperiodistico.com.mx\/index.php?rest_route=%2Fwp%2Fv2%2Fcomments&post=6466"}],"version-history":[{"count":0,"href":"https:\/\/www.buroperiodistico.com.mx\/index.php?rest_route=\/wp\/v2\/posts\/6466\/revisions"}],"wp:featuredmedia":[{"embeddable":true,"href":"https:\/\/www.buroperiodistico.com.mx\/index.php?rest_route=\/wp\/v2\/media\/729"}],"wp:attachment":[{"href":"https:\/\/www.buroperiodistico.com.mx\/index.php?rest_route=%2Fwp%2Fv2%2Fmedia&parent=6466"}],"wp:term":[{"taxonomy":"category","embeddable":true,"href":"https:\/\/www.buroperiodistico.com.mx\/index.php?rest_route=%2Fwp%2Fv2%2Fcategories&post=6466"},{"taxonomy":"post_tag","embeddable":true,"href":"https:\/\/www.buroperiodistico.com.mx\/index.php?rest_route=%2Fwp%2Fv2%2Ftags&post=6466"}],"curies":[{"name":"wp","href":"https:\/\/api.w.org\/{rel}","templated":true}]}}