{"id":6464,"date":"2022-03-22T19:26:26","date_gmt":"2022-03-23T01:26:26","guid":{"rendered":"https:\/\/www.buroperiodistico.com.mx\/?p=6464"},"modified":"2022-03-22T19:26:26","modified_gmt":"2022-03-23T01:26:26","slug":"en-concreto-por-angel-a-guerra-52","status":"publish","type":"post","link":"https:\/\/www.buroperiodistico.com.mx\/?p=6464","title":{"rendered":"EN CONCRETO\/ Por: \u00c1ngel A. Guerra"},"content":{"rendered":"<p style=\"text-align: center;\"><strong><em>\u2018\u00a1Ya basta!\u2019, truena Am\u00e9rico<\/em><\/strong><\/p>\n<ul>\n<li><strong><em>Presenta denuncia de hechos ante la Fiscal\u00eda Federal<\/em><\/strong><\/li>\n<li><strong><em>Cobardes libelos an\u00f3nimos pretenden desprestigiarlo<\/em><\/strong><\/li>\n<li><strong><em>Exige el esclarecimiento y castigo de los responsables<\/em><\/strong><\/li>\n<li><strong><em>Dictaminan desafuero; Francisco N, \u2018arrastra\u2019 al PAN<\/em><\/strong><\/li>\n<li><strong><em>Inminente, la designaci\u00f3n de un gobernador sustituto<\/em><\/strong><\/li>\n<\/ul>\n<p>El precandidato de Morena a gobernador, Dr. AM\u00c9RICO VILLARREAL ANAYA, denunci\u00f3 una ofensiva medi\u00e1tica contra su persona y el proyecto pol\u00edtico del Movimiento de Regeneraci\u00f3n Nacional en Tamaulipas, al responsabilizar penalmente de los ataques \u201ca grupos antag\u00f3nicos que buscan afectar mi imagen, mi trabajo y mi familia, recurriendo sin l\u00edmites a la producci\u00f3n de acusaciones delicadas y sin sustento\u201d.<\/p>\n<p>\u201cLo que exijo es la investigaci\u00f3n y el esclarecimiento de posibles hechos que implican, por lo menos, actos de corrupci\u00f3n y actos ilegales vinculados con actividades como asociaci\u00f3n delictuosa y delincuencia organizada\u201d, expres\u00f3, al presentar una denuncia de hechos ante la Fiscal\u00eda federal \u201ccontra quien resulte responsable por difundir videos falsos en redes, que ponen en riesgo mi seguridad, la de mi familia y mi trabajo pol\u00edtico\u201d.<\/p>\n<p>\u201cEn ese af\u00e1n pernicioso han llegado al extremo de recurrir a pretender involucrarme en hechos il\u00edcitos de suma gravedad, como lo son las actividades de grupos de la delincuencia organizada\u201d, puntualiza en su denuncia el precandidato morenista.<\/p>\n<p>El doctor AM\u00c9RICO VILLARREAL ANAYA, precandidato \u00fanico de Morena a la gubernatura, present\u00f3 este d\u00eda una denuncia de hechos ante la Agencia del Ministerio P\u00fablico Federal contra quien resulte responsable por difundir videos en redes sociales falsos que ponen en riesgo su seguridad, la de su familia y su trabajo pol\u00edtico.<\/p>\n<p>\u201cDenuncio los hechos potencialmente il\u00edcitos que se desprenden de tales publicaciones, pues adem\u00e1s de que los se\u00f1alamientos que pretenden involucrarme de manera abstracta en distintas situaciones o circunstancias aparentemente delictivas, son totalmente falsos y ominosamente ofensivos hacia mi persona y la de mi propia familia\u201d, expone el tambi\u00e9n el tambi\u00e9n Senador con licencia su denuncia.<\/p>\n<p>AM\u00c9RICO VILLARREAL ANAYA, exige a las autoridades correspondientes la investigaci\u00f3n y esclarecimiento de estos hechos apegados a derecho, salvaguardando las garant\u00edas y derechos que la Constituci\u00f3n otorga para todo ciudadano mexicano.<\/p>\n<p><strong><em>[-NO-LO-COMPARTA,<\/em><\/strong> pero: despu\u00e9s de la denuncia del precandidato de Morena, los enterados voltean a la oficina del lateral sur del Tercer Piso de Palacio de Gobierno: \u00a1Exacto!, desde donde \u2013se presume&#8211;, salen las \u201cl\u00edneas\u201d para difamar y confundir a los tamaulipecos<strong>-].<\/strong><\/p>\n<p style=\"text-align: center;\"><strong><em>\u2026 Y CABEZA, <\/em><em>\u00a1\u2018ARRASTRA\u2019 AL PAN!<\/em><\/strong><\/p>\n<p>Concatenando temas, a 24 horas de que la Suprema Corte de Justicia de la Naci\u00f3n dictamine el Juicio de Procedencia que se instruye contra el gobernador FRANCISCO N, surgen m\u00e1s casos en los que se presumen actos de corrupci\u00f3n.<\/p>\n<p>Con otra: el empresario BALTAZAR HIGINIO RES\u00c9NDEZ CANT\u00da, ligado al gobernador y arrestado en McAllen, Texas el 1\u00ba de julio del 2021, por lavado de dinero y delincuencia organizada, podr\u00eda servir como \u201ctestigo protegido\u201d de la Fiscal\u00eda General de la Rep\u00fablica para corroborar los cargos que se imputan al gobernador de Tamaulipas, que van desde delincuencia organizada, hasta uso de recursos de procedencia il\u00edcita y defraudaci\u00f3n fiscal equiparada.<\/p>\n<p>De acuerdo a la indagatoria conjunta de la Fiscal\u00eda General de la Rep\u00fablica y la Unidad de Inteligencia Financiera, el gobernador FRANCISCO N otorg\u00f3 contratos de obra p\u00fablica a por lo menos tres empresas de RES\u00c9NDEZ CANT\u00da por casi 150 millones de pesos entre 2016 y 2020, pues la Unidad de Inteligencia Financiera sostiene que el empresario es accionista de un total de 11 sociedades que han fungido como proveedoras de la administraci\u00f3n estatal, seg\u00fan public\u00f3 en su oportunidad <strong><em>ANIMAL POL\u00cdTICO.<\/em><\/strong><\/p>\n<p>De acuerdo a los antecedentes del caso \u2013publicados en esa revista&#8211;, la autoridad antilavado sospecha que durante el ejercicio de su cargo, el gobernador panista desvi\u00f3 a trav\u00e9s de este prestanombres parte de los recursos p\u00fablicos erogados por las obras contratadas y los recibi\u00f3 a sus cuentas bancarias en 2019 como pago por su departamento, tras pasar los fondos por la compleja red de lavado de dinero,<\/p>\n<p>Seg\u00fan la publicaci\u00f3n de referencia, en concreto, la UIF y la FGR tienen bajo la mira tres contratos adjudicados desde la Secretar\u00eda de Obras P\u00fablicas del estado a las empresas Barca de Reynosa SA de CV e Inmobiliaria RC de Tamaulipas SA de CV.<\/p>\n<p>El 28 de noviembre de 2016, la dependencia estatal asign\u00f3 un contrato por 6 millones 900 mil 719 pesos con IVA a Barca de Reynosa, para la pavimentaci\u00f3n de dos calles en Reynosa.<\/p>\n<p>En 2017, la Secretar\u00eda de Obras P\u00fablicas estatal adjudic\u00f3 a Inmobiliaria RC de Tamaulipas dos contratos m\u00e1s: uno para la construcci\u00f3n y equipamiento de una Unidad de Docencia en la Universidad Tecnol\u00f3gica por un monto de 29.3 millones de pesos, y otro para la construcci\u00f3n del Centro de Justicia para Mujeres, cuyo presupuesto inicial fue de 27.1 millones de pesos y luego aument\u00f3 a 76.5 millones. El monto de ambas contrataciones fue de 105 millones 900 mil 406 pesos con IVA.<\/p>\n<p>Entre 2019 y 2021, dicha empresa envi\u00f3 a las cuentas de RES\u00c9NDEZ CANT\u00da 300 millones de pesos, de acuerdo con la UIF.<\/p>\n<p>Seg\u00fan la publicaci\u00f3n citada, la autoridad hacendaria tambi\u00e9n detect\u00f3 que las obras contratadas con Inmobiliaria RC de Tamaulipas presentaron irregularidades que fueron se\u00f1aladas por la Auditor\u00eda Superior de la Federaci\u00f3n (ASF) y la Comisi\u00f3n Nacional para Prevenir y Erradicar la Violencia contra las Mujeres (Conavim).<\/p>\n<p style=\"text-align: center;\"><strong><em>CV \u201cARRASTRA\u201d AL PAN<\/em><\/strong><\/p>\n<p>Los presuntos hechos de corrupci\u00f3n que la FGR y la UIF imputan al gobernador FRANCISCO N, y por cuya causa se solicit\u00f3 y obtuvo orden de aprehensi\u00f3n en su contra, ser\u00e1n sopesados ma\u00f1ana por la Suprema Corte de Justicia de la Naci\u00f3n, a efecto de considerar viable despojar de la inmunidad procesal al mandatario, pues el hecho de que la 64 Legislatura lo haya protegido a trav\u00e9s de una serie de cambios legislativos \u201cal vapor\u201d, paraliz\u00f3 el desafuero que ya hab\u00eda sido aprobado por la C\u00e1mara de Diputados.<\/p>\n<p>Indudablemente que este juicio que se instruye contra FRANCISCO N ya impact\u00f3 negativamente a su partido, el PAN, quien en una acci\u00f3n desesperada y de cara a la elecci\u00f3n para la sucesi\u00f3n gubernamental 2022, orden\u00f3 una alianza \u2013\u201cespuria\u201d, la tild\u00f3 OSCAR LUEBBERT&#8211;, con el PRI y el PRD, aunque es un hecho que el humor social est\u00e1 totalmente en contra del gobierno panista, en virtud de que su titular se apart\u00f3 de su discurso de campa\u00f1a y hoy carga con orden de aprehensi\u00f3n federal por la presunta comisi\u00f3n de tres delitos federales graves.<\/p>\n<p>Independientemente de que la propia militancia de los tres partidos reprob\u00f3 esa coalici\u00f3n desesperada, la cual proyecta la angustia pol\u00edtica del gobernador FRANCISCO N ante la conclusi\u00f3n de su mandato y la inminencia de ser llevado a Tribunales para que responda a las acusaciones de la Fiscal\u00eda General de la Rep\u00fablica y la Unidad de Inteligencia Financiera.<\/p>\n<p style=\"text-align: center;\"><strong><em>RECIBE NLD CERTIFICACI\u00d3N <\/em><em>DE CALIDAD Y GESTI\u00d3N AMBIENTAL\u00a0<\/em><\/strong><\/p>\n<p>De otro lado, me place informarle que el Organismo Mundial de Certificaci\u00f3n (IBC, por sus siglas en ingl\u00e9s) otorg\u00f3 a la Administraci\u00f3n de Nuevo Laredo la certificaci\u00f3n de las normas de los Sistemas de Gesti\u00f3n de Calidad ISO 9001:2015 y Gesti\u00f3n Ambiental 14001:2015, demostrando de esta forma el compromiso, transparencia y responsabilidad del Gobierno Municipal para trabajar a beneficio de los ciudadanos.<\/p>\n<p>La certificaci\u00f3n fue recibida a manos de la alcaldesa CARMEN LILIA CANTUROSAS VILLARREAL DE parte de FRANCISCO JAVIER SMITH S\u00c1NCHEZ, director de M\u00e9xico en las \u00e1reas de certificaci\u00f3n del IBC.<\/p>\n<p>\u00abEste es un gobierno comprometido con la ciudadan\u00eda, de puertas abiertas, esta certificaci\u00f3n es resultado de nuestro compromiso con la ciudadan\u00eda para ofrecerles resultados de calidad y con transparencia, agradezco a todo el personal del Gobierno Municipal que puso de su parte para llevar a cabo estos procesos tan importantes, ya que de esta forma cumplimos conforme a legalidad\u00bb, subray\u00f3 CANTUROSAS VILLARREAL.<\/p>\n<p>SMITH S\u00c1NCHEZ se\u00f1al\u00f3 que se evaluaron 39 procesos del ISO 9001:2015 y 23 del ISO 14001:2015, de las 11 secretar\u00edas de la administraci\u00f3n y de la Comisi\u00f3n Municipal de Agua Potable y Alcantarillado (COMAPA).<\/p>\n<p>En la entrega de la certificaci\u00f3n estuvo presente el primer s\u00edndico JES\u00daS ALBERTO JASSO MONTEMAYOR; la segunda s\u00edndica IMELDA MANG\u00cdN TORRE y la segunda regidora JULIA ELIDA ORTEGA DE LOS SANTOS,<\/p>\n<p>As\u00ed como el quinto regidor SERGIO ARTURO OJEDA CASTILLO; GONZALO HERN\u00c1NDEZ CARRIZALES, jefe de la Oficina del Presidente e IRERI CALDER\u00d3N CORT\u00c9S, secretaria de Administraci\u00f3n.<\/p>\n<p style=\"text-align: center;\"><strong><em>INSTALA MATAMOROS CONSEJO <\/em><em>MUNICIPAL DE PC, 2021-2024<\/em><\/strong><\/p>\n<p>En otro tema, deje decirle que ayer por la ma\u00f1ana el Presidente Municipal de Matamoros instal\u00f3 el Consejo Municipal de Protecci\u00f3n Civil para el periodo 2021-2024, el cual tiene por objeto el establecimiento de las bases de coordinaci\u00f3n de los tres \u00f3rdenes de gobierno, as\u00ed como tambi\u00e9n de los sectores privado y social para la atenci\u00f3n de casos de emergencia en esa materia.<\/p>\n<p>La instalaci\u00f3n del citado Consejo se realiz\u00f3 en el marco de una sesi\u00f3n extraordinaria efectuada en el auditorio \u201cPedro S\u00e1enz Gonz\u00e1lez\u201d, en donde estuvieron presentes autoridades municipales, estatales, federales y representantes de los sectores privado y social.<\/p>\n<p>Al dar lectura al objeto del Consejo Municipal de Protecci\u00f3n Civil, el Secretario del Ayuntamiento destac\u00f3 la importancia de la coordinaci\u00f3n de esfuerzos de todos los integrantes del Comit\u00e9, responsable de la implementaci\u00f3n y ejecuci\u00f3n de estrategias que salvaguarden la vida, integridad y salud de la poblaci\u00f3n en casos de contingencia.<\/p>\n<p>Forman parte del citado Comit\u00e9: autoridades militares, entre ellos de la SEDENA, Marina, integrantes del Ayuntamiento, del DIF, de la Secretar\u00eda de Salud estatal y municipal; funcionarios municipales de diversas \u00e1reas como Protecci\u00f3n Civil y Bomberos; representantes de la Junta de Aguas y Drenaje, representantes de los obreros, de los parques industriales, entre otros.<\/p>\n<p style=\"text-align: center;\"><strong><em>DESDE LA SET, EZEQUIEL FLORES <\/em><em>AFECTA ECONOM\u00cdA DEL MAGISTERIO<\/em><\/strong><\/p>\n<p>Aqu\u00ed un par\u00e9ntesis para replicar el duro posicionamiento de la Secci\u00f3n 30 del SNTE, ante un caso de probable negligencia: \u201cEl burocratismo y la pasividad administrativa que se registra en las oficinas de EZEQUIEL FLORES, en la Secretaria de Educaci\u00f3n de Tamaulipas, desde el ciclo escolar pasado, afecta la econom\u00eda de los docentes y provoca que se pierdan efectos y recategorizaciones que los maestros de Tamaulipas han obtenido de manera leg\u00edtima a trav\u00e9s de convocatoria, denunci\u00f3 el Secretario General de la Secci\u00f3n 30 del SNTE en Tamaulipas.<\/p>\n<p>JOS\u00c9 RIGOBERTO GUEVARA V\u00c1ZQUEZ, se\u00f1al\u00f3 que a la fecha existen detenidos alrededor de 35 nombramientos, de los cuales 17 son de la Benem\u00e9rita escuela normal de Victoria, siete m\u00e1s de la Normal de Educadoras, dos de la escuela Normal Rural de San Jos\u00e9 de las Flores, 6 de la escuela Normal de Matamoros, entre otros, adem\u00e1s de 13 de maestros que causaron baja por jubilaci\u00f3n o renuncia que tampoco se han liberado.<\/p>\n<p>\u201cSiempre lo hemos comentado que a veces hay gente que no sabe la funci\u00f3n para la cual le dieron esa encomienda por parte del gobierno del estado y en la misma secretaria de educaci\u00f3n hay burocratismo que viene a lesionar la econom\u00eda y el derecho de los trabajadores de la educaci\u00f3n\u201d.<\/p>\n<p>\u201cLos maestros, estamos buscando el cambio y la transformaci\u00f3n de reglamentos de USICAMM, para ese derecho y estamos transformando la ley del ISSSTE, para las pensiones de nuestros compa\u00f1eros pensionados y jubilados y no se vale que cuando hay procesos en donde se recategorizan como ahorita que se est\u00e1n asumiendo las asignaciones de promociones directivo, en el caso de horas adicionales o las dobles plazas, todav\u00eda exista este tipo de problemas en nivel medio con el Lic. EZEQUIEL FLORES, donde est\u00e1n detenidos los procesos\u201d, dijo.<\/p>\n<p style=\"text-align: center;\"><strong><em>PRESENTAN EL ABIERTO DE <\/em><em>TENIS FEMENIL TAMPICO 2022<\/em><\/strong><\/p>\n<p>De otro lado, le comparto que del 24 al 29 de octubre del presente a\u00f1o, se llevar\u00e1 a cabo la sexta edici\u00f3n del Abierto Femenil de Tenis Tampico 2022, en las nuevas y modernas instalaciones que se construir\u00e1n en los terrenos de la Unidad Deportiva, inform\u00f3 el Presidente municipal CHUCHO NADER ante medios nacionales durante una rueda de prensa efectuada en la Capital del Pa\u00eds.<\/p>\n<p>El Jefe de la comuna acompa\u00f1ado por el Director del Torneo, FERNANDO TAMAYO y el coordinador del mismo, REN\u00c9 SENT\u00cdES BARRIOS, destac\u00f3 la importancia de la justa, que dijo, seguir\u00e1 consolidando al municipio, como uno de los destinos tur\u00edsticos m\u00e1s destacados a nivel nacional.<\/p>\n<p>CHUCHO NADER mencion\u00f3 que en los \u00faltimos a\u00f1os se ha creado, ampliado y modernizado una nueva infraestructura tur\u00edstica en la ciudad, generando mayores atractivos para el desarrollo de eventos nacionales e internacionales e indic\u00f3 que el Abierto de Tenis Tampico 2022, ser\u00e1 un escaparate para mostrarle a los visitantes, las ventajas competitivas que ofrece el municipio, as\u00ed como sus riquezas naturales, gastron\u00f3micas, culturales y tur\u00edsticas.<\/p>\n<p style=\"text-align: center;\"><strong><em>NOTARIO: \u201cTAMAULIPAS NECESITA <\/em><em>CERTEZA, Y \u2018TRUKO\u2019 LO GARANTIZA\u201d<\/em><\/strong><\/p>\n<p>Vuelvo a la \u201cpolaca\u201d para mencionar que CARLOS P\u00c9REZ HERN\u00c1NDEZ, ex candidato de Movimiento Ciudadano a la diputaci\u00f3n federal por el distrito 8 con cabecera en Tampico y destacado Notario P\u00fablico, expres\u00f3 que \u201cPara transitar en el camino del desarrollo, Tamaulipas necesita certidumbre, reglas claras y precisas para generar inversi\u00f3n y, dentro de la oferta pol\u00edtica de cara a la elecci\u00f3n de gobernador quien es garant\u00eda para lograrlo es C\u00c9SAR VER\u00c1STEGUI OSTOS, precandidato de la alianza entre PAN-PRI-PRD\u201d.<\/p>\n<p>Se\u00f1ala que conoce bien a c\u00e9sar \u201cTruko\u201d VER\u00c1STEGUI, y lo reconoce como un hombre de compromisos, de familia, \u201ces una persona con valores familiares, es un sin\u00f3nimo que ser\u00e1 un excelente gobernador\u201d.<\/p>\n<p>Por cierto, el presidente del CDE del PRI, EDGAR MELHEM SALINAS, encabezar\u00e1 hoy a las 11:00 horas, en la explanada del edificio estatal, la ceremonia luctuosa por el 28 aniversario luctuoso de Luis Donaldo Colosio, a cuyo evento asistir\u00e1 como invitado especial el precandidato de la Alianza PAN-PRI-PRD a la gubernatura, C\u00c9SAR \u201cTruko\u201d VER\u00c1STEGUI.<\/p>\n<p style=\"text-align: center;\"><strong><em>VA UAT A <\/em><em>UNIVERSIADA EN SOFTBOL<\/em><\/strong><\/p>\n<p>Por \u00faltimo, la selecci\u00f3n femenil de softbol de la Universidad Aut\u00f3noma de Tamaulipas conquist\u00f3 por primera vez en su historia el pase a la Universiada Nacional de la especialidad, al concluir en segundo lugar de la eliminatoria de la Regi\u00f3n 1 del CONDDE, actividad registrada el s\u00e1bado 19 de marzo en el campo de la Direcci\u00f3n de Deportes de la UANL, de San Nicol\u00e1s de los Garza, Nuevo Le\u00f3n.<\/p>\n<p>El equipo dirigido por DIANA CASTILLO y SERGIO MART\u00cdNEZ vencieron en su primer compromiso por la v\u00eda del knockout a las Lobas de la Aut\u00f3noma de Coahuila, con pizarra final de 11 carreras por cero, apenas en la cuarta entrada.<\/p>\n<p>Con racimos de 5 vueltas enteras en el primero y segundo episodio, el equipo de la UAT asegur\u00f3 el pase a la Universiada Nacional, con DAYRA SANDOVAL en el c\u00edrculo de las responsabilidades, respondiendo fuerte la pitcher derecha, a pesar de llegar lesionada a este compromiso.<\/p>\n<p>En el tercer rollo, solo concretaron una carrera y en el cuarto periodo ya no fue necesario seguirle bateando a ESTEFAN\u00cdA MERAZ, que carg\u00f3 con la derrota.<\/p>\n<p>Para el segundo compromiso pactado para las 13 horas, Correcaminos UAT se enfrent\u00f3 a las anfitrionas, Tigrillas de la UANL, equipo que al final se impuso 7 carreras por cero, gracias al imponente pitcheo de YANINA TREVI\u00d1O.<\/p>\n<p>De esta manera, la UANL avanz\u00f3 en primer lugar y la UAT en segundo a la Universiada Nacional, que tentativamente de celebrar\u00e1 del 12 a 30 de mayo en Ciudad Ju\u00e1rez, Chihuahua, donde seguramente se volver\u00e1n a ver las caras, en la disputa por subir a lo m\u00e1s alto del podio.<\/p>\n<p>EL director de Deportes y Recreaci\u00f3n de la UAT, CP OSCAR GARZA P\u00c9REZ, a nombre del Rector, CP GUILLERMO MENDOZA CAVAZOS y del Secretario de Vinculaci\u00f3n, Lic. MAURICIO PIMENTEL TORRES, felicit\u00f3 a las peloteras que buscar\u00e1n hacer historia en la m\u00e1xima justa deportiva nacional universitaria.<\/p>\n<p>Por hoy es todo, nos leemos ma\u00f1ana.<\/p>\n","protected":false},"excerpt":{"rendered":"<p>\u2018\u00a1Ya basta!\u2019, truena Am\u00e9rico Presenta denuncia de hechos ante la Fiscal\u00eda Federal Cobardes libelos an\u00f3nimos&#8230;<\/p>\n","protected":false},"author":1,"featured_media":168,"comment_status":"open","ping_status":"open","sticky":false,"template":"","format":"standard","meta":{"footnotes":"","jetpack_publicize_message":"","jetpack_publicize_feature_enabled":true,"jetpack_social_post_already_shared":false,"jetpack_social_options":{"image_generator_settings":{"template":"highway","default_image_id":0,"font":"","enabled":false},"version":2}},"categories":[23],"tags":[],"class_list":["post-6464","post","type-post","status-publish","format-standard","has-post-thumbnail","hentry","category-columnas"],"jetpack_publicize_connections":[],"_links":{"self":[{"href":"https:\/\/www.buroperiodistico.com.mx\/index.php?rest_route=\/wp\/v2\/posts\/6464","targetHints":{"allow":["GET"]}}],"collection":[{"href":"https:\/\/www.buroperiodistico.com.mx\/index.php?rest_route=\/wp\/v2\/posts"}],"about":[{"href":"https:\/\/www.buroperiodistico.com.mx\/index.php?rest_route=\/wp\/v2\/types\/post"}],"author":[{"embeddable":true,"href":"https:\/\/www.buroperiodistico.com.mx\/index.php?rest_route=\/wp\/v2\/users\/1"}],"replies":[{"embeddable":true,"href":"https:\/\/www.buroperiodistico.com.mx\/index.php?rest_route=%2Fwp%2Fv2%2Fcomments&post=6464"}],"version-history":[{"count":0,"href":"https:\/\/www.buroperiodistico.com.mx\/index.php?rest_route=\/wp\/v2\/posts\/6464\/revisions"}],"wp:featuredmedia":[{"embeddable":true,"href":"https:\/\/www.buroperiodistico.com.mx\/index.php?rest_route=\/wp\/v2\/media\/168"}],"wp:attachment":[{"href":"https:\/\/www.buroperiodistico.com.mx\/index.php?rest_route=%2Fwp%2Fv2%2Fmedia&parent=6464"}],"wp:term":[{"taxonomy":"category","embeddable":true,"href":"https:\/\/www.buroperiodistico.com.mx\/index.php?rest_route=%2Fwp%2Fv2%2Fcategories&post=6464"},{"taxonomy":"post_tag","embeddable":true,"href":"https:\/\/www.buroperiodistico.com.mx\/index.php?rest_route=%2Fwp%2Fv2%2Ftags&post=6464"}],"curies":[{"name":"wp","href":"https:\/\/api.w.org\/{rel}","templated":true}]}}