{"id":6297,"date":"2022-03-20T23:43:34","date_gmt":"2022-03-21T05:43:34","guid":{"rendered":"https:\/\/www.buroperiodistico.com.mx\/?p=6297"},"modified":"2022-03-20T23:43:34","modified_gmt":"2022-03-21T05:43:34","slug":"confirma-tamaulipas-77-positivos-y-3-fallecimientos-por-covid-19","status":"publish","type":"post","link":"https:\/\/www.buroperiodistico.com.mx\/?p=6297","title":{"rendered":"Confirma Tamaulipas 77 positivos y 3 fallecimientos por Covid-19"},"content":{"rendered":"<p><em><strong><img loading=\"lazy\" decoding=\"async\" class=\"alignright size-full wp-image-6298\" src=\"https:\/\/www.buroperiodistico.com.mx\/wp-content\/uploads\/2022\/03\/SaludTas-I.jpg\" alt=\"\" width=\"640\" height=\"434\" srcset=\"https:\/\/www.buroperiodistico.com.mx\/wp-content\/uploads\/2022\/03\/SaludTas-I.jpg 640w, https:\/\/www.buroperiodistico.com.mx\/wp-content\/uploads\/2022\/03\/SaludTas-I-300x203.jpg 300w\" sizes=\"auto, (max-width: 640px) 100vw, 640px\" \/>CIUDAD VICTORIA, TAMAULIPAS (21-Marzo-2022).-<\/strong><\/em> Para cortar la cadena de transmisi\u00f3n del virus SARS-COV2, disminuir contagios, hospitalizaciones y fallecimientos, la Secretar\u00eda de Salud de Tamaulipas pidi\u00f3 a la poblaci\u00f3n evitar salidas no esenciales, completar el esquema de vacunaci\u00f3n contra COVID-19 y reforzar las medidas preventivas.<\/p>\n<p>Al presentar el balance oficial de la pandemia, la dependencia confirm\u00f3 77 positivos y 3 fallecimientos, reiterando el llamado a mantener el control de enfermedades como obesidad, hipertensi\u00f3n o diabetes para disminuir el riesgo de complicaciones graves.<\/p>\n<p>Convoc\u00f3 a la ciudadan\u00eda a continuar utilizando el\u00a0 cubrebocas en los espacios p\u00fablicos, lavarse las manos frecuentemente, respetar la sana distancia, ventilar todas las \u00e1reas de la casa y evitar saludar de mano, abrazo o beso para disminuir el riesgo de infecci\u00f3n.<\/p>\n","protected":false},"excerpt":{"rendered":"<p>CIUDAD VICTORIA, TAMAULIPAS (21-Marzo-2022).- Para cortar la cadena de transmisi\u00f3n del virus SARS-COV2, disminuir contagios,&#8230;<\/p>\n","protected":false},"author":1,"featured_media":6299,"comment_status":"open","ping_status":"open","sticky":false,"template":"","format":"standard","meta":{"footnotes":"","jetpack_publicize_message":"","jetpack_publicize_feature_enabled":true,"jetpack_social_post_already_shared":false,"jetpack_social_options":{"image_generator_settings":{"template":"highway","default_image_id":0,"font":"","enabled":false},"version":2}},"categories":[25,10],"tags":[],"class_list":["post-6297","post","type-post","status-publish","format-standard","has-post-thumbnail","hentry","category-portada","category-tamaulipas"],"jetpack_publicize_connections":[],"_links":{"self":[{"href":"https:\/\/www.buroperiodistico.com.mx\/index.php?rest_route=\/wp\/v2\/posts\/6297","targetHints":{"allow":["GET"]}}],"collection":[{"href":"https:\/\/www.buroperiodistico.com.mx\/index.php?rest_route=\/wp\/v2\/posts"}],"about":[{"href":"https:\/\/www.buroperiodistico.com.mx\/index.php?rest_route=\/wp\/v2\/types\/post"}],"author":[{"embeddable":true,"href":"https:\/\/www.buroperiodistico.com.mx\/index.php?rest_route=\/wp\/v2\/users\/1"}],"replies":[{"embeddable":true,"href":"https:\/\/www.buroperiodistico.com.mx\/index.php?rest_route=%2Fwp%2Fv2%2Fcomments&post=6297"}],"version-history":[{"count":0,"href":"https:\/\/www.buroperiodistico.com.mx\/index.php?rest_route=\/wp\/v2\/posts\/6297\/revisions"}],"wp:featuredmedia":[{"embeddable":true,"href":"https:\/\/www.buroperiodistico.com.mx\/index.php?rest_route=\/wp\/v2\/media\/6299"}],"wp:attachment":[{"href":"https:\/\/www.buroperiodistico.com.mx\/index.php?rest_route=%2Fwp%2Fv2%2Fmedia&parent=6297"}],"wp:term":[{"taxonomy":"category","embeddable":true,"href":"https:\/\/www.buroperiodistico.com.mx\/index.php?rest_route=%2Fwp%2Fv2%2Fcategories&post=6297"},{"taxonomy":"post_tag","embeddable":true,"href":"https:\/\/www.buroperiodistico.com.mx\/index.php?rest_route=%2Fwp%2Fv2%2Ftags&post=6297"}],"curies":[{"name":"wp","href":"https:\/\/api.w.org\/{rel}","templated":true}]}}