{"id":6257,"date":"2022-03-20T14:09:11","date_gmt":"2022-03-20T20:09:11","guid":{"rendered":"https:\/\/www.buroperiodistico.com.mx\/?p=6257"},"modified":"2022-03-20T14:09:11","modified_gmt":"2022-03-20T20:09:11","slug":"agentes-turisticos-se-capacitan-para-mejorar-el-servicio-al-turismo-local-e-internacional","status":"publish","type":"post","link":"https:\/\/www.buroperiodistico.com.mx\/?p=6257","title":{"rendered":"AGENTES TUR\u00cdSTICOS SE CAPACITAN PARA MEJORAR EL SERVICIO AL TURISMO LOCAL E INTERNACIONAL\u00a0"},"content":{"rendered":"<p><em><strong><img loading=\"lazy\" decoding=\"async\" class=\"alignright  wp-image-6259\" src=\"https:\/\/www.buroperiodistico.com.mx\/wp-content\/uploads\/2022\/03\/Servicios.jpg\" alt=\"\" width=\"443\" height=\"243\" srcset=\"https:\/\/www.buroperiodistico.com.mx\/wp-content\/uploads\/2022\/03\/Servicios.jpg 1024w, https:\/\/www.buroperiodistico.com.mx\/wp-content\/uploads\/2022\/03\/Servicios-300x165.jpg 300w, https:\/\/www.buroperiodistico.com.mx\/wp-content\/uploads\/2022\/03\/Servicios-768x422.jpg 768w\" sizes=\"auto, (max-width: 443px) 100vw, 443px\" \/>Nuevo Laredo, Tam (20-Marzo-2022).-<\/strong><\/em> El desarrollo econ\u00f3mico de Nuevo Laredo se ver\u00e1 impactado positivamente con\u00a0 la llegada de la nueva aerol\u00ednea a la Ciudad y con ello una importante derrama por el regreso del turismo; para lo cual se est\u00e1 capacitando a personal relacionado con este rubro para ofrecer un mejor servicio a clientes locales y for\u00e1neos.<\/p>\n<p>\u00abHoy se fortalece el Gobierno Municipal, ya que actuamos como facilitadores y de puertas abiertas a que empresas de otras ciudades nos voltean a ver y nos tomen en cuenta, de que somos un turismo emisor y a su vez que la derrama econ\u00f3mica se quede aqu\u00ed en Nuevo Laredo, ya que se fomenta el trabajo en las agencias de viaje de la ciudad\u00bb, explic\u00f3 el tercer regidor municipal, Jos\u00e9 Fidencio Cant\u00fa.<\/p>\n<p>Al ser una ciudad\u00a0 de puertas abiertas y facilitadora con empresas nacionales, la operadora tur\u00edstica Sierra Madre de Monterrey, Nuevo Le\u00f3n realiz\u00f3 el seminario \u00abLa Gran Caravana una Nueva Era\u00bb con agencias de viaje de la localidad, con la finalidad de que estos ofrecen mejores paquetes a sus clientes a destinos tanto nacionales como internacionales.<\/p>\n<p>El tercer regidor, se\u00f1al\u00f3 que esto es gracias a que Nuevo Laredo ha sido en a\u00f1os anteriores el n\u00famero uno en cuanto al turismo emisor se refiere, para personas provenientes del sur de Estados Unidos y de este municipio fronterizo.<\/p>\n<p>Por su parte, Abraham P\u00e9rez Cervantes, ejecutivo comercial de la operadora tur\u00edstica comercial Sierra Madre, agradeci\u00f3 las facilidades otorgadas por parte del ayuntamiento de Carmen Lilia Canturosas Villarreal, donde al seminario asistieron cerca de 25 agencias de viaje de la ciudad.<\/p>\n<p>\u00abPara nosotros es bien importante esta plaza y sobre todo que ya por fin se abrieron las fronteras mundiales y eso nos da la oportunidad de ofrecer el producto que nosotros manejamos\u00bb, indic\u00f3 P\u00e9rez Cervantes.<\/p>\n<p>Agreg\u00f3 que dicha empresa cuenta con un convenio con la aerol\u00ednea Viva Aerob\u00fas, que en Nuevo Laredo iniciar\u00e1 operaciones a partir del 23 de abril con vuelos a la Ciudad de M\u00e9xico, saliendo desde el Aeropuerto Internacional Quetzalc\u00f3atl.<\/p>\n<p>\u00abLa ventaja que tenemos es que tenemos un contracto directo con Viva Aerob\u00fas, la cual nos da la posibilidad de donde la mencionada aerol\u00ednea tenga una frecuencia directa, nosotros podemos ofrecerles el producto en conexi\u00f3n para poder viajar a destinos como Chiapas, Chihuahua y Jalisco, todo con el prop\u00f3sito de brindarles un producto m\u00e1s completo\u00bb, subray\u00f3.<\/p>\n<p>La operadora tur\u00edstica Sierra Madre Travel cuenta con 17 a\u00f1os de experiencia en el ramo,\u00a0 tambi\u00e9n se ofertan destinos a Europa, Medio Oriente, Asia, \u00c1frica y Ocean\u00eda.<br \/>\nEn el seminario, realizado en un reconocido hotel de la ciudad, estuvo presente la vig\u00e9sima regidora y presidenta Comisi\u00f3n de Comercio Formal y Turismo, Ariana Garza L\u00f3pez.<\/p>\n<p><img loading=\"lazy\" decoding=\"async\" class=\"size-full wp-image-6258 aligncenter\" src=\"https:\/\/www.buroperiodistico.com.mx\/wp-content\/uploads\/2022\/03\/Servicios-I.jpg\" alt=\"\" width=\"640\" height=\"427\" srcset=\"https:\/\/www.buroperiodistico.com.mx\/wp-content\/uploads\/2022\/03\/Servicios-I.jpg 640w, https:\/\/www.buroperiodistico.com.mx\/wp-content\/uploads\/2022\/03\/Servicios-I-300x200.jpg 300w\" sizes=\"auto, (max-width: 640px) 100vw, 640px\" \/><\/p>\n<div style=\"width: 640px;\" class=\"wp-video\"><video class=\"wp-video-shortcode\" id=\"video-6257-1\" width=\"640\" height=\"360\" preload=\"metadata\" controls=\"controls\"><source type=\"video\/mp4\" src=\"https:\/\/www.buroperiodistico.com.mx\/wp-content\/uploads\/2022\/03\/15-DE-MARZO-SEMINARIO-DE-OPERARADORA-TURISTICA-JOSE-FIDENCIO-CANTU-TERCER-REGIDOR.mp4?_=1\" \/><a href=\"https:\/\/www.buroperiodistico.com.mx\/wp-content\/uploads\/2022\/03\/15-DE-MARZO-SEMINARIO-DE-OPERARADORA-TURISTICA-JOSE-FIDENCIO-CANTU-TERCER-REGIDOR.mp4\">https:\/\/www.buroperiodistico.com.mx\/wp-content\/uploads\/2022\/03\/15-DE-MARZO-SEMINARIO-DE-OPERARADORA-TURISTICA-JOSE-FIDENCIO-CANTU-TERCER-REGIDOR.mp4<\/a><\/video><\/div>\n","protected":false},"excerpt":{"rendered":"<p>Nuevo Laredo, Tam (20-Marzo-2022).- El desarrollo econ\u00f3mico de Nuevo Laredo se ver\u00e1 impactado positivamente con\u00a0&#8230;<\/p>\n","protected":false},"author":1,"featured_media":6259,"comment_status":"open","ping_status":"open","sticky":false,"template":"","format":"standard","meta":{"footnotes":"","jetpack_publicize_message":"","jetpack_publicize_feature_enabled":true,"jetpack_social_post_already_shared":false,"jetpack_social_options":{"image_generator_settings":{"template":"highway","default_image_id":0,"font":"","enabled":false},"version":2}},"categories":[16],"tags":[],"class_list":["post-6257","post","type-post","status-publish","format-standard","has-post-thumbnail","hentry","category-nuevolaredo"],"jetpack_publicize_connections":[],"_links":{"self":[{"href":"https:\/\/www.buroperiodistico.com.mx\/index.php?rest_route=\/wp\/v2\/posts\/6257","targetHints":{"allow":["GET"]}}],"collection":[{"href":"https:\/\/www.buroperiodistico.com.mx\/index.php?rest_route=\/wp\/v2\/posts"}],"about":[{"href":"https:\/\/www.buroperiodistico.com.mx\/index.php?rest_route=\/wp\/v2\/types\/post"}],"author":[{"embeddable":true,"href":"https:\/\/www.buroperiodistico.com.mx\/index.php?rest_route=\/wp\/v2\/users\/1"}],"replies":[{"embeddable":true,"href":"https:\/\/www.buroperiodistico.com.mx\/index.php?rest_route=%2Fwp%2Fv2%2Fcomments&post=6257"}],"version-history":[{"count":0,"href":"https:\/\/www.buroperiodistico.com.mx\/index.php?rest_route=\/wp\/v2\/posts\/6257\/revisions"}],"wp:featuredmedia":[{"embeddable":true,"href":"https:\/\/www.buroperiodistico.com.mx\/index.php?rest_route=\/wp\/v2\/media\/6259"}],"wp:attachment":[{"href":"https:\/\/www.buroperiodistico.com.mx\/index.php?rest_route=%2Fwp%2Fv2%2Fmedia&parent=6257"}],"wp:term":[{"taxonomy":"category","embeddable":true,"href":"https:\/\/www.buroperiodistico.com.mx\/index.php?rest_route=%2Fwp%2Fv2%2Fcategories&post=6257"},{"taxonomy":"post_tag","embeddable":true,"href":"https:\/\/www.buroperiodistico.com.mx\/index.php?rest_route=%2Fwp%2Fv2%2Ftags&post=6257"}],"curies":[{"name":"wp","href":"https:\/\/api.w.org\/{rel}","templated":true}]}}