{"id":6231,"date":"2022-03-20T00:17:00","date_gmt":"2022-03-20T06:17:00","guid":{"rendered":"https:\/\/www.buroperiodistico.com.mx\/?p=6231"},"modified":"2022-03-20T00:17:00","modified_gmt":"2022-03-20T06:17:00","slug":"neolaredenses-aprenden-a-bailar-danzon-con-actividades-culturales","status":"publish","type":"post","link":"https:\/\/www.buroperiodistico.com.mx\/?p=6231","title":{"rendered":"NEOLAREDENSES APRENDEN A BAILAR DANZON CON ACTIVIDADES CULTURALES"},"content":{"rendered":"<p><em><strong><img loading=\"lazy\" decoding=\"async\" class=\"alignright  wp-image-6234\" src=\"https:\/\/www.buroperiodistico.com.mx\/wp-content\/uploads\/2022\/03\/Danzon.jpg\" alt=\"\" width=\"499\" height=\"302\" srcset=\"https:\/\/www.buroperiodistico.com.mx\/wp-content\/uploads\/2022\/03\/Danzon.jpg 1024w, https:\/\/www.buroperiodistico.com.mx\/wp-content\/uploads\/2022\/03\/Danzon-300x181.jpg 300w, https:\/\/www.buroperiodistico.com.mx\/wp-content\/uploads\/2022\/03\/Danzon-768x464.jpg 768w\" sizes=\"auto, (max-width: 499px) 100vw, 499px\" \/>Nuevo Laredo, Tam (20-Marzo-2022).-<\/strong><\/em> Para reactivar el Centro Hist\u00f3rico con actividades culturales y darle vida a los espacios p\u00fablicos, se vivi\u00f3 una \u201cTarde de Danz\u00f3n\u00bb en la Plaza Ju\u00e1rez, donde la ciudadan\u00eda pudo disfrutar de este baile.<\/p>\n<p>El director de Arte y Cultura, Marcos Rodr\u00edguez Leija, explic\u00f3 que esta actividad se desarrollar\u00e1 cada viernes en conjunto con la Direcci\u00f3n de Turismo, donde se inicia con una muestra danc\u00edstica durante 15 minutos y posteriormente se invita a los asistentes para ense\u00f1arles a bailar.<\/p>\n<p>\u201cReconocer el talento local es muy importante, por esto invitamos y convocamos a grupos de baile o bailarines independientes a participar en este evento y enriquecer la cultura de Nuevo Laredo, ya tenemos la programaci\u00f3n hasta el 22 de abril y ofreceremos din\u00e1micas distintas en cada edici\u00f3n de este evento\u201d, indic\u00f3 Rodr\u00edguez Leija.<\/p>\n<p>El director art\u00edstico del grupo de danza municipal \u201cMextli\u201d, Franciso Jes\u00fas Trevi\u00f1o Reyna y los bailarines de dicho grupo, ofrecieron el espect\u00e1culo de baile y al terminarlo, cada integrante invit\u00f3 a los espectadores para ense\u00f1arles pasos b\u00e1sicos del danz\u00f3n.<\/p>\n<p>Adem\u00e1s, Trevi\u00f1o Reyna invit\u00f3 a la ciudadan\u00eda a participar en el baile, ya que es un aporte positivo para la cultura de Nuevo Laredo y el bienestar general.<\/p>\n<p>\u201cQueremos darle m\u00e1s movimiento a la ciudad y aportar de manera positiva, por eso la Direcci\u00f3n de Turismo y de Cultura est\u00e1 impulsando el danz\u00f3n para quienes quieran aprender de este g\u00e9nero, adem\u00e1s que las personas pueden salir a divertirse\u201d, coment\u00f3.<\/p>\n<p>En total fueron 8 parejas del grupo de baile, por lo que 16 espectadores se vieron beneficiados con el aprendizaje al participar con cada integrante.<\/p>\n<p>Los pasos del danz\u00f3n que se ense\u00f1aron fueron: \u201ccuadro b\u00e1sico\u201d, \u201cmontuno\u201d, \u201chabanero\u201d y \u201cvaiv\u00e9n\u201d.<\/p>\n<p>Jorge Vicente D\u00edaz Ram\u00edrez y Maricarmen de Luna Moreno, fueron quienes abrieron punta en la Plaza Ju\u00e1rez al escuchar la m\u00fasica del danz\u00f3n y motivaron a quienes acud\u00edan al lugar a bailar.<\/p>\n<p>\u201cNos gusta mucho el baile y es un buen ejercicio, sobre todo para nosotros de la tercera edad, este tipo de actividades nos hac\u00eda falta y es un acierto que el gobierno municipal\u00a0 organizara este evento\u201d, mencion\u00f3 D\u00edaz Ram\u00edrez.<\/p>\n<p>Mar\u00eda Flor Luna Mondrag\u00f3n particip\u00f3 en la sesi\u00f3n para aprender a bailar danz\u00f3n y reconoci\u00f3 que es un importante aporte a la cultura.<\/p>\n<p>\u201cEspero que m\u00e1s personas acudan y apoyen este tipo de eventos, es una buena forma de salir de lo cotidiano y es recreativo, adem\u00e1s de que necesitamos m\u00e1s cultura en la ciudad y esto lo aumenta\u201d, dijo.<\/p>\n<p>Esta actividad se realiza con el fin de detonar la cultura y que los ciudadanos aprovechen estos espacios, se inici\u00f3 este plan con el baile ya que es lo que m\u00e1s convoca a la participaci\u00f3n ciudadana.<\/p>\n<p>Si un grupo de baile o bailar\u00edn independiente quiere aportar a esta iniciativa, se puede comunicar al 717 5959 para solicitar informaci\u00f3n a la Direcci\u00f3n de Arte y Cultura.<\/p>\n<p><img loading=\"lazy\" decoding=\"async\" class=\"size-full wp-image-6232 aligncenter\" src=\"https:\/\/www.buroperiodistico.com.mx\/wp-content\/uploads\/2022\/03\/Danzon-I.jpg\" alt=\"\" width=\"640\" height=\"427\" srcset=\"https:\/\/www.buroperiodistico.com.mx\/wp-content\/uploads\/2022\/03\/Danzon-I.jpg 640w, https:\/\/www.buroperiodistico.com.mx\/wp-content\/uploads\/2022\/03\/Danzon-I-300x200.jpg 300w\" sizes=\"auto, (max-width: 640px) 100vw, 640px\" \/> <img loading=\"lazy\" decoding=\"async\" class=\"size-full wp-image-6233 aligncenter\" src=\"https:\/\/www.buroperiodistico.com.mx\/wp-content\/uploads\/2022\/03\/Danzon-II.jpg\" alt=\"\" width=\"640\" height=\"427\" srcset=\"https:\/\/www.buroperiodistico.com.mx\/wp-content\/uploads\/2022\/03\/Danzon-II.jpg 640w, https:\/\/www.buroperiodistico.com.mx\/wp-content\/uploads\/2022\/03\/Danzon-II-300x200.jpg 300w\" sizes=\"auto, (max-width: 640px) 100vw, 640px\" \/><\/p>\n<div style=\"width: 640px;\" class=\"wp-video\"><video class=\"wp-video-shortcode\" id=\"video-6231-1\" width=\"640\" height=\"360\" preload=\"metadata\" controls=\"controls\"><source type=\"video\/mp4\" src=\"https:\/\/www.buroperiodistico.com.mx\/wp-content\/uploads\/2022\/03\/19-DE-MARZO-DIRECTOR-ARTISTICO-DEL-GRUPO-DE-DANZA-MUNICIPAL-MEXTLI-FRANCISCO-TREVINO-REYNA-VIERNES-DE-DANZON.mp4?_=1\" \/><a href=\"https:\/\/www.buroperiodistico.com.mx\/wp-content\/uploads\/2022\/03\/19-DE-MARZO-DIRECTOR-ARTISTICO-DEL-GRUPO-DE-DANZA-MUNICIPAL-MEXTLI-FRANCISCO-TREVINO-REYNA-VIERNES-DE-DANZON.mp4\">https:\/\/www.buroperiodistico.com.mx\/wp-content\/uploads\/2022\/03\/19-DE-MARZO-DIRECTOR-ARTISTICO-DEL-GRUPO-DE-DANZA-MUNICIPAL-MEXTLI-FRANCISCO-TREVINO-REYNA-VIERNES-DE-DANZON.mp4<\/a><\/video><\/div>\n","protected":false},"excerpt":{"rendered":"<p>Nuevo Laredo, Tam (20-Marzo-2022).- Para reactivar el Centro Hist\u00f3rico con actividades culturales y darle vida&#8230;<\/p>\n","protected":false},"author":1,"featured_media":6234,"comment_status":"open","ping_status":"open","sticky":false,"template":"","format":"standard","meta":{"footnotes":"","jetpack_publicize_message":"","jetpack_publicize_feature_enabled":true,"jetpack_social_post_already_shared":false,"jetpack_social_options":{"image_generator_settings":{"template":"highway","default_image_id":0,"font":"","enabled":false},"version":2}},"categories":[16],"tags":[],"class_list":["post-6231","post","type-post","status-publish","format-standard","has-post-thumbnail","hentry","category-nuevolaredo"],"jetpack_publicize_connections":[],"_links":{"self":[{"href":"https:\/\/www.buroperiodistico.com.mx\/index.php?rest_route=\/wp\/v2\/posts\/6231","targetHints":{"allow":["GET"]}}],"collection":[{"href":"https:\/\/www.buroperiodistico.com.mx\/index.php?rest_route=\/wp\/v2\/posts"}],"about":[{"href":"https:\/\/www.buroperiodistico.com.mx\/index.php?rest_route=\/wp\/v2\/types\/post"}],"author":[{"embeddable":true,"href":"https:\/\/www.buroperiodistico.com.mx\/index.php?rest_route=\/wp\/v2\/users\/1"}],"replies":[{"embeddable":true,"href":"https:\/\/www.buroperiodistico.com.mx\/index.php?rest_route=%2Fwp%2Fv2%2Fcomments&post=6231"}],"version-history":[{"count":0,"href":"https:\/\/www.buroperiodistico.com.mx\/index.php?rest_route=\/wp\/v2\/posts\/6231\/revisions"}],"wp:featuredmedia":[{"embeddable":true,"href":"https:\/\/www.buroperiodistico.com.mx\/index.php?rest_route=\/wp\/v2\/media\/6234"}],"wp:attachment":[{"href":"https:\/\/www.buroperiodistico.com.mx\/index.php?rest_route=%2Fwp%2Fv2%2Fmedia&parent=6231"}],"wp:term":[{"taxonomy":"category","embeddable":true,"href":"https:\/\/www.buroperiodistico.com.mx\/index.php?rest_route=%2Fwp%2Fv2%2Fcategories&post=6231"},{"taxonomy":"post_tag","embeddable":true,"href":"https:\/\/www.buroperiodistico.com.mx\/index.php?rest_route=%2Fwp%2Fv2%2Ftags&post=6231"}],"curies":[{"name":"wp","href":"https:\/\/api.w.org\/{rel}","templated":true}]}}