{"id":6225,"date":"2022-03-19T20:09:48","date_gmt":"2022-03-20T02:09:48","guid":{"rendered":"https:\/\/www.buroperiodistico.com.mx\/?p=6225"},"modified":"2022-03-19T20:09:48","modified_gmt":"2022-03-20T02:09:48","slug":"sst-confirma-146-nuevos-casos-y-5-muertes-por-covid-19","status":"publish","type":"post","link":"https:\/\/www.buroperiodistico.com.mx\/?p=6225","title":{"rendered":"SST confirma 146 nuevos casos y 5 muertes por Covid-19"},"content":{"rendered":"<p><em><strong><img loading=\"lazy\" decoding=\"async\" class=\"alignright size-full wp-image-6226\" src=\"https:\/\/www.buroperiodistico.com.mx\/wp-content\/uploads\/2022\/03\/SemaforoP-copia.jpg\" alt=\"\" width=\"640\" height=\"437\" srcset=\"https:\/\/www.buroperiodistico.com.mx\/wp-content\/uploads\/2022\/03\/SemaforoP-copia.jpg 640w, https:\/\/www.buroperiodistico.com.mx\/wp-content\/uploads\/2022\/03\/SemaforoP-copia-300x205.jpg 300w\" sizes=\"auto, (max-width: 640px) 100vw, 640px\" \/>CIUDAD VICTORIA, TAMAULIPAS.-<\/strong><\/em> Tamaulipas cerr\u00f3 la jornada de hoy con 146 casos de COVID-19 y 5 fallecimientos asociados a complicaciones graves, inform\u00f3 la Secretar\u00eda de Salud luego de pedir a la poblaci\u00f3n fortalecer las medidas de seguridad sanitaria para evitar un rebrote de la enfermedad.<\/p>\n<p>La dependencia insisti\u00f3 en no bajar la guardia ya que a\u00fan existe riesgo de contagio, mantener el uso del cubrebocas en todos los espacios p\u00fablicos, el lavado frecuente de manos y la sana distancia para evitar un rebrote de la enfermedad.<\/p>\n<p>Hizo un llamado\u00a0 a proteger a los m\u00e1s vulnerables, completar el esquema de vacunaci\u00f3n y aplicarse la dosis de refuerzo en la fecha que corresponda para disminuir la probabilidad de complicaciones graves, alg\u00fan tipo de secuela y hospitalizaciones que pudieran derivar en defunciones.<\/p>\n","protected":false},"excerpt":{"rendered":"<p>CIUDAD VICTORIA, TAMAULIPAS.- Tamaulipas cerr\u00f3 la jornada de hoy con 146 casos de COVID-19 y&#8230;<\/p>\n","protected":false},"author":1,"featured_media":6227,"comment_status":"open","ping_status":"open","sticky":false,"template":"","format":"standard","meta":{"footnotes":"","jetpack_publicize_message":"","jetpack_publicize_feature_enabled":true,"jetpack_social_post_already_shared":false,"jetpack_social_options":{"image_generator_settings":{"template":"highway","default_image_id":0,"font":"","enabled":false},"version":2}},"categories":[25,10],"tags":[],"class_list":["post-6225","post","type-post","status-publish","format-standard","has-post-thumbnail","hentry","category-portada","category-tamaulipas"],"jetpack_publicize_connections":[],"_links":{"self":[{"href":"https:\/\/www.buroperiodistico.com.mx\/index.php?rest_route=\/wp\/v2\/posts\/6225","targetHints":{"allow":["GET"]}}],"collection":[{"href":"https:\/\/www.buroperiodistico.com.mx\/index.php?rest_route=\/wp\/v2\/posts"}],"about":[{"href":"https:\/\/www.buroperiodistico.com.mx\/index.php?rest_route=\/wp\/v2\/types\/post"}],"author":[{"embeddable":true,"href":"https:\/\/www.buroperiodistico.com.mx\/index.php?rest_route=\/wp\/v2\/users\/1"}],"replies":[{"embeddable":true,"href":"https:\/\/www.buroperiodistico.com.mx\/index.php?rest_route=%2Fwp%2Fv2%2Fcomments&post=6225"}],"version-history":[{"count":0,"href":"https:\/\/www.buroperiodistico.com.mx\/index.php?rest_route=\/wp\/v2\/posts\/6225\/revisions"}],"wp:featuredmedia":[{"embeddable":true,"href":"https:\/\/www.buroperiodistico.com.mx\/index.php?rest_route=\/wp\/v2\/media\/6227"}],"wp:attachment":[{"href":"https:\/\/www.buroperiodistico.com.mx\/index.php?rest_route=%2Fwp%2Fv2%2Fmedia&parent=6225"}],"wp:term":[{"taxonomy":"category","embeddable":true,"href":"https:\/\/www.buroperiodistico.com.mx\/index.php?rest_route=%2Fwp%2Fv2%2Fcategories&post=6225"},{"taxonomy":"post_tag","embeddable":true,"href":"https:\/\/www.buroperiodistico.com.mx\/index.php?rest_route=%2Fwp%2Fv2%2Ftags&post=6225"}],"curies":[{"name":"wp","href":"https:\/\/api.w.org\/{rel}","templated":true}]}}