{"id":6085,"date":"2022-03-18T13:28:30","date_gmt":"2022-03-18T19:28:30","guid":{"rendered":"https:\/\/www.buroperiodistico.com.mx\/?p=6085"},"modified":"2022-03-18T13:28:30","modified_gmt":"2022-03-18T19:28:30","slug":"brindan-descuento-en-pago-del-impuesto-predial-durante-marzo-y-abril","status":"publish","type":"post","link":"https:\/\/www.buroperiodistico.com.mx\/?p=6085","title":{"rendered":"BRINDAN DESCUENTO EN PAGO DEL IMPUESTO PREDIAL DURANTE MARZO Y ABRIL"},"content":{"rendered":"<p><em><strong><img loading=\"lazy\" decoding=\"async\" class=\"alignright  wp-image-6087\" src=\"https:\/\/www.buroperiodistico.com.mx\/wp-content\/uploads\/2022\/03\/Pago.jpg\" alt=\"\" width=\"580\" height=\"340\" srcset=\"https:\/\/www.buroperiodistico.com.mx\/wp-content\/uploads\/2022\/03\/Pago.jpg 1024w, https:\/\/www.buroperiodistico.com.mx\/wp-content\/uploads\/2022\/03\/Pago-300x176.jpg 300w, https:\/\/www.buroperiodistico.com.mx\/wp-content\/uploads\/2022\/03\/Pago-768x450.jpg 768w\" sizes=\"auto, (max-width: 580px) 100vw, 580px\" \/>Nuevo Laredo, Tam (18-Marzo-2022).-<\/strong><\/em> A\u00fan hay tiempo para que los contribuyentes puedan aprovechar\u00a0 el descuento del 8 por ciento en\u00a0 el pago del Impuesto Predial durante los meses de marzo y abril, adem\u00e1s de evitar recargos y multas posteriores.<\/p>\n<p>Lo recaudado por el Gobierno Municipal se destinar\u00e1 a obras de infraestructura y mejoras a los servicios p\u00fablicos; adem\u00e1s de que se toma en cuenta para las participaciones federales que se reciben, de all\u00ed la importancia de que los ciudadanos cumplan con esta responsabilidad.<\/p>\n<p>\u201cHago un llamado a la ciudadan\u00eda para que acudan a realizar sus pagos, actualmente tenemos descuentos en el predial para cuidar a su econom\u00eda y puedan estar al corriente; estos recursos ser\u00e1n invertidos en obras de calidad y contribuir\u00e1 a mejorar las calles, tener alumbrado, entre otras obras en beneficio de los ciudadanos\u201d, se\u00f1al\u00f3 la alcaldesa Carmen Lilia Canturosas Villarreal.<\/p>\n<p>Las personas interesadas en realizar el pago deber\u00e1n acudir al edificio El Palomar en Maclovio Herrera y Ocampo, as\u00ed como en el m\u00f3dulo de recaudaci\u00f3n en el centro comercial Paseo Reforma en el que pueden acudir en un horario de 8:00 de la ma\u00f1ana a 8:00 de la noche.<\/p>\n<p>Adem\u00e1s hay cajas recaudadoras en la Secretar\u00eda de Obras P\u00fablicas ubicada en Arteaga entre avenida C\u00e9sar L\u00f3pez de Lara y Narciso Mendoza; Tanque Matamoros en Per\u00fa y Luis Caballero de 8:00 de la ma\u00f1ana a 3:30 de la tarde.<\/p>\n<p><img loading=\"lazy\" decoding=\"async\" class=\"size-full wp-image-6086 aligncenter\" src=\"https:\/\/www.buroperiodistico.com.mx\/wp-content\/uploads\/2022\/03\/Pago-I.jpg\" alt=\"\" width=\"640\" height=\"375\" srcset=\"https:\/\/www.buroperiodistico.com.mx\/wp-content\/uploads\/2022\/03\/Pago-I.jpg 640w, https:\/\/www.buroperiodistico.com.mx\/wp-content\/uploads\/2022\/03\/Pago-I-300x176.jpg 300w\" sizes=\"auto, (max-width: 640px) 100vw, 640px\" \/><\/p>\n<div style=\"width: 640px;\" class=\"wp-video\"><video class=\"wp-video-shortcode\" id=\"video-6085-1\" width=\"640\" height=\"360\" preload=\"metadata\" controls=\"controls\"><source type=\"video\/mp4\" src=\"https:\/\/www.buroperiodistico.com.mx\/wp-content\/uploads\/2022\/03\/10-DE-ENERO-IMAGENES-DE-APOYO-PAGO-DEL-PREDIAL-.mp4?_=1\" \/><a href=\"https:\/\/www.buroperiodistico.com.mx\/wp-content\/uploads\/2022\/03\/10-DE-ENERO-IMAGENES-DE-APOYO-PAGO-DEL-PREDIAL-.mp4\">https:\/\/www.buroperiodistico.com.mx\/wp-content\/uploads\/2022\/03\/10-DE-ENERO-IMAGENES-DE-APOYO-PAGO-DEL-PREDIAL-.mp4<\/a><\/video><\/div>\n","protected":false},"excerpt":{"rendered":"<p>Nuevo Laredo, Tam (18-Marzo-2022).- A\u00fan hay tiempo para que los contribuyentes puedan aprovechar\u00a0 el descuento&#8230;<\/p>\n","protected":false},"author":1,"featured_media":6087,"comment_status":"open","ping_status":"open","sticky":false,"template":"","format":"standard","meta":{"footnotes":"","jetpack_publicize_message":"","jetpack_publicize_feature_enabled":true,"jetpack_social_post_already_shared":false,"jetpack_social_options":{"image_generator_settings":{"template":"highway","default_image_id":0,"font":"","enabled":false},"version":2}},"categories":[16],"tags":[],"class_list":["post-6085","post","type-post","status-publish","format-standard","has-post-thumbnail","hentry","category-nuevolaredo"],"jetpack_publicize_connections":[],"_links":{"self":[{"href":"https:\/\/www.buroperiodistico.com.mx\/index.php?rest_route=\/wp\/v2\/posts\/6085","targetHints":{"allow":["GET"]}}],"collection":[{"href":"https:\/\/www.buroperiodistico.com.mx\/index.php?rest_route=\/wp\/v2\/posts"}],"about":[{"href":"https:\/\/www.buroperiodistico.com.mx\/index.php?rest_route=\/wp\/v2\/types\/post"}],"author":[{"embeddable":true,"href":"https:\/\/www.buroperiodistico.com.mx\/index.php?rest_route=\/wp\/v2\/users\/1"}],"replies":[{"embeddable":true,"href":"https:\/\/www.buroperiodistico.com.mx\/index.php?rest_route=%2Fwp%2Fv2%2Fcomments&post=6085"}],"version-history":[{"count":0,"href":"https:\/\/www.buroperiodistico.com.mx\/index.php?rest_route=\/wp\/v2\/posts\/6085\/revisions"}],"wp:featuredmedia":[{"embeddable":true,"href":"https:\/\/www.buroperiodistico.com.mx\/index.php?rest_route=\/wp\/v2\/media\/6087"}],"wp:attachment":[{"href":"https:\/\/www.buroperiodistico.com.mx\/index.php?rest_route=%2Fwp%2Fv2%2Fmedia&parent=6085"}],"wp:term":[{"taxonomy":"category","embeddable":true,"href":"https:\/\/www.buroperiodistico.com.mx\/index.php?rest_route=%2Fwp%2Fv2%2Fcategories&post=6085"},{"taxonomy":"post_tag","embeddable":true,"href":"https:\/\/www.buroperiodistico.com.mx\/index.php?rest_route=%2Fwp%2Fv2%2Ftags&post=6085"}],"curies":[{"name":"wp","href":"https:\/\/api.w.org\/{rel}","templated":true}]}}