{"id":6020,"date":"2022-03-17T18:35:37","date_gmt":"2022-03-18T00:35:37","guid":{"rendered":"https:\/\/www.buroperiodistico.com.mx\/?p=6020"},"modified":"2022-03-17T18:35:37","modified_gmt":"2022-03-18T00:35:37","slug":"aqui-rio-bravo-por-daniel-enrique-romero-aleman-39","status":"publish","type":"post","link":"https:\/\/www.buroperiodistico.com.mx\/?p=6020","title":{"rendered":"AQU\u00cd R\u00cdO BRAVO\/ Por Daniel Enrique ROMERO ALEM\u00c1N\u00a0"},"content":{"rendered":"<p style=\"text-align: center;\"><strong><em>TIENE DE QUIEN APRENDER\u00a0<\/em><\/strong><\/p>\n<p>La tarde de este jueves, de excelente humor y \u00e1nimo, el presidente municipal H\u00c9CTOR JOEL VILLEGAS GONZ\u00c1LEZ, se reuni\u00f3 con vecinos en la colonia \u201cBenito Ju\u00e1rez\u201d, en la unidad deportiva, para hablar cu\u00e1les son las prioridades de su gobierno y como se est\u00e1n atacando o solucionando.<\/p>\n<p>Quiso ser claro y les coment\u00f3 que es dif\u00edcil en tres a\u00f1os darle soluci\u00f3n a la basta problem\u00e1tica que tiene el municipio, pero se est\u00e1 echando toda la carne el asador para que la ciudadan\u00eda cuente con accesos vehiculares dignos, que la recolecci\u00f3n de la basura no falle para no perjudicar la salud de ni\u00f1os, j\u00f3venes y adultos; y se rehabilita el alumbrado para que las familias anden tranquilas por las noches.<\/p>\n<p>Se entregaron casi un centenar de tambos de basura, previo registro de los vecinos ante la presencia de una buena cantidad de miembros del cabildo, fueron siete, y se agradeci\u00f3 el gesto del alcalde Villegas Gonz\u00e1lez.<\/p>\n<p>Escuch\u00f3 demandas de los vecinos y para todos tuvo soluci\u00f3n, al tiempo de que un cami\u00f3n rehabilitaba las l\u00e1mparas mercuriales de la pista de atletismo.<\/p>\n<p>El edil coment\u00f3 que se trabaja en esas instalaciones deportivas de ese populoso sector, y ya hasta opera la Direcci\u00f3n Municipal de Atenci\u00f3n al Menor.<\/p>\n<p>No se aguant\u00f3 las ganas y comparti\u00f3 con las familias presentes de que su administraci\u00f3n se ha echado a cuestas la tarea de alumbrar todo el libramiento vial desde la altura de la colonia \u201cOctavio Silva\u201d hasta la brecha \u201c116\u201d, por supuesto que le aplaudieron.<\/p>\n<p>Despu\u00e9s de la entrega de los tambos todav\u00eda se dio tiempo para escuchar las peticiones o demandas de algunos vecinos, pese a que el sol calaba fuerte.<\/p>\n<p>Pidi\u00f3 un aplauso para el personal de la Direcci\u00f3n Municipal de Bienestar Social, porque nom\u00e1s no se rajan en su muy buena atenci\u00f3n a la ciudadan\u00eda, y el mismo lo ha constatado que hasta le pic\u00f3 una avispa.<\/p>\n<p>DE UNA COSA si estoy seguro. si el pastor del reba\u00f1o Morenista ARMANDO ZERTUCHE ZUANI, si hubiera portado duro, aguerrido, cabr\u00f3n desde un principio con el gobernador FRANCISCO JAVIER GARC\u00cdA CABEZA DE VACA, no le hubiesen dado la estocada que le dieron.<\/p>\n<p>Hasta cuando ya ten\u00eda la banderilla adentro fue cuando comenz\u00f3 a portarse pesado con el gobernador Garc\u00eda, llam\u00e1ndole inclusive \u201cFrancisco N\u201d, como les llaman a los delincuentes cuando los detienen.<\/p>\n<p>Vieron que Armando no sali\u00f3 respond\u00f3n y lo comenzaron a atacar por diversos frentes hasta que finalmente le quitaron la presidenta de la Junta de Coordinaci\u00f3n Pol\u00edtica del Congreso del Estado.<\/p>\n<p>Ojal\u00e1 que esa postura de picudo la sostenga, la tenga como bandera para que as\u00ed ni los suyos lo acuchillen por la espalda.<\/p>\n<p>Deber\u00eda de aprender algo de las ma\u00f1aneras del presidente de la rep\u00fablica ANDR\u00c9S MANUEL L\u00d3PEZ OBRADOR, que, aunque pregone eso de abrazos no balazos, cuando agarra a sus enemigos pol\u00edticos de encargo nom\u00e1s nos los suelta, no los deja ni respirar.<\/p>\n<p>A FUERZA de ser sinceros los Verdes de Tamaulipas parecen m\u00e1s Morenistas que los propios de Morena.<\/p>\n<p>El l\u00edder estatal de Verde Ecologista MANUEL MU\u00d1OZ CANO, sostuvo una reuni\u00f3n de trabajo con el dirigente nacional ARTURO ESCOBAR, para refrendar todo su apoyo al proyecto llamado AM\u00c9RICO VILLARREAL ANAYA, y todo lo que huela a Morena.<\/p>\n<p>El l\u00edder nacional coment\u00f3: \u201cCompartimos la lucha y los ideales que tienen Morena y\u00a0PT\u00a0en Tamaulipas, por eso no tenemos la menor duda de que consolidaremos la mejor plataforma y el perfil ciudadano para renovar la gubernatura del estado\u201d.<\/p>\n<p>La refrend\u00f3 todo su apoyo al que ser\u00e1 el candidato a la gubernatura de la coalici\u00f3n Morena-PVEM-PT.<\/p>\n<p>El l\u00edder estatal, dijo que ya se encuentran listos para hacer un buen papel en el pr\u00f3ximo proceso electoral, y que no le queda duda alguna de que presentaran la mejor plataforma pol\u00edtica para lograr el triunfo el pr\u00f3ximo 5 de junio.<\/p>\n<p>Escobar dej\u00f3 claro que, en las ocho semanas de campa\u00f1a, el planteamiento a los ciudadanos ser\u00e1 concordante con los ideales de cada uno de los partidos de la coalici\u00f3n, y que Morena camina bien en la entidad.<\/p>\n<p>Presente adem\u00e1s en la reuni\u00f3n el delegado del comit\u00e9 nacional del verde KARL HAINZ BECKER HERN\u00c1NDEZ.<\/p>\n<p>SIGUIENDO con el tema del senador con licencia AM\u00c9RICO VILLARREAL ANAYA, en rueda de prensa el delegado del comit\u00e9 nacional de Morena ERNESTO PALACIOS, asegur\u00f3 que es inamovible y el candidato \u00fanico de la alianza \u201cJuntos Haremos Historia\u201d.<\/p>\n<p>Ello en respuesta a la tergiversaci\u00f3n de la sentencia del Tribunal Electoral del Poder Judicial de la Federaci\u00f3n.<\/p>\n<p>Fue contundente al manifestar: \u201cEl proceso interno de Morena ya concluy\u00f3, ya existe una defecci\u00f3n y una designaci\u00f3n de precandidatas y precandidatos. Nuestro partido, por respeto al marco jur\u00eddico y por convicci\u00f3n propia, cumple con el principio de paridad; en el caso de Tamaulipas el proceso se agot\u00f3 y nuestro precandidato est\u00e1 firme\u201d.<\/p>\n<p>Sobre si ha tenido acercamiento con los aspirantes en desacuerdo con la designaci\u00f3n de Villarreal Anaya, asegur\u00f3 que hay un llamado a todos los personajes para que se sumen a la pr\u00f3xima campa\u00f1a.<\/p>\n<p>En especial con la picuda MAKI ORTIZ DOM\u00cdNGUEZ, con quien dijo si ha tenido comunicaci\u00f3n.<\/p>\n<p>PORQUE A\u00daN hay tiempo no se le pase felicitar este jueves con motivo de su cumplea\u00f1os a los buenos amigos de Suelo Riobravense RICARDO \u201cRico\u201d RODR\u00cdGUEZ, MART\u00cdN PUEBLA BALLESTEROS y ROBERTO G\u00c1MEZ.<\/p>\n<p>El s\u00e1bado le toca a \u00c1NGEL FABELA ROCHA.<\/p>\n<p>Un monumental abrazo y que vengan muchos m\u00e1s.<\/p>\n<p>TERMINAMOS, PERO VOLVEREMOS\u2026D\u2026M\u2026<\/p>\n","protected":false},"excerpt":{"rendered":"<p>TIENE DE QUIEN APRENDER\u00a0 La tarde de este jueves, de excelente humor y \u00e1nimo, el&#8230;<\/p>\n","protected":false},"author":1,"featured_media":375,"comment_status":"open","ping_status":"open","sticky":false,"template":"","format":"standard","meta":{"footnotes":"","jetpack_publicize_message":"","jetpack_publicize_feature_enabled":true,"jetpack_social_post_already_shared":false,"jetpack_social_options":{"image_generator_settings":{"template":"highway","default_image_id":0,"font":"","enabled":false},"version":2}},"categories":[23],"tags":[],"class_list":["post-6020","post","type-post","status-publish","format-standard","has-post-thumbnail","hentry","category-columnas"],"jetpack_publicize_connections":[],"_links":{"self":[{"href":"https:\/\/www.buroperiodistico.com.mx\/index.php?rest_route=\/wp\/v2\/posts\/6020","targetHints":{"allow":["GET"]}}],"collection":[{"href":"https:\/\/www.buroperiodistico.com.mx\/index.php?rest_route=\/wp\/v2\/posts"}],"about":[{"href":"https:\/\/www.buroperiodistico.com.mx\/index.php?rest_route=\/wp\/v2\/types\/post"}],"author":[{"embeddable":true,"href":"https:\/\/www.buroperiodistico.com.mx\/index.php?rest_route=\/wp\/v2\/users\/1"}],"replies":[{"embeddable":true,"href":"https:\/\/www.buroperiodistico.com.mx\/index.php?rest_route=%2Fwp%2Fv2%2Fcomments&post=6020"}],"version-history":[{"count":0,"href":"https:\/\/www.buroperiodistico.com.mx\/index.php?rest_route=\/wp\/v2\/posts\/6020\/revisions"}],"wp:featuredmedia":[{"embeddable":true,"href":"https:\/\/www.buroperiodistico.com.mx\/index.php?rest_route=\/wp\/v2\/media\/375"}],"wp:attachment":[{"href":"https:\/\/www.buroperiodistico.com.mx\/index.php?rest_route=%2Fwp%2Fv2%2Fmedia&parent=6020"}],"wp:term":[{"taxonomy":"category","embeddable":true,"href":"https:\/\/www.buroperiodistico.com.mx\/index.php?rest_route=%2Fwp%2Fv2%2Fcategories&post=6020"},{"taxonomy":"post_tag","embeddable":true,"href":"https:\/\/www.buroperiodistico.com.mx\/index.php?rest_route=%2Fwp%2Fv2%2Ftags&post=6020"}],"curies":[{"name":"wp","href":"https:\/\/api.w.org\/{rel}","templated":true}]}}