{"id":5998,"date":"2022-03-17T15:05:56","date_gmt":"2022-03-17T21:05:56","guid":{"rendered":"https:\/\/www.buroperiodistico.com.mx\/?p=5998"},"modified":"2022-03-17T18:48:48","modified_gmt":"2022-03-18T00:48:48","slug":"es-truko-un-hombre-que-cumple-acuerdos-lety-salazar","status":"publish","type":"post","link":"https:\/\/www.buroperiodistico.com.mx\/?p=5998","title":{"rendered":"Es \u201cTruko\u201d factor de unidad: Lety Salazar"},"content":{"rendered":"<p><strong><em><img loading=\"lazy\" decoding=\"async\" class=\"alignright wp-image-5999\" src=\"https:\/\/www.buroperiodistico.com.mx\/wp-content\/uploads\/2022\/03\/LettyZa.jpg\" alt=\"\" width=\"546\" height=\"295\" srcset=\"https:\/\/www.buroperiodistico.com.mx\/wp-content\/uploads\/2022\/03\/LettyZa.jpg 1110w, https:\/\/www.buroperiodistico.com.mx\/wp-content\/uploads\/2022\/03\/LettyZa-300x162.jpg 300w, https:\/\/www.buroperiodistico.com.mx\/wp-content\/uploads\/2022\/03\/LettyZa-1024x554.jpg 1024w, https:\/\/www.buroperiodistico.com.mx\/wp-content\/uploads\/2022\/03\/LettyZa-768x415.jpg 768w\" sizes=\"auto, (max-width: 546px) 100vw, 546px\" \/><\/em><\/strong><\/p>\n<p><em><strong>Matamoros, Tam (17-Marzo-2022).-<\/strong><\/em> Los matamorenses est\u00e1n listos para abrirle las puertas y sumarse a C\u00e9sar Augusto Ver\u00e1stegui Ostos, quien encabeza un proyecto de gobierno de unidad por el bien de Tamaulipas, afirm\u00f3 la ex alcaldesa de ese municipio, Lety Salazar V\u00e1zquez.<\/p>\n<p>Destac\u00f3 que \u201cEl Truko\u201d es un hombre que sabe escuchar, tiene visi\u00f3n y mucha responsabilidad, es un hombre que cumple y honra su palabra, representa un factor de unidad entre personas de distintas corrientes ideol\u00f3gicas.<\/p>\n<p>\u201cLe gustan los acuerdos, hoy por hoy necesitamos un hombre que sepa sumar, que lo que diga lo cumpla, \u2018Truko\u2019 cumple y honra su palabra. No hay duda de que va a asumir responsabilidades y va a cumplir cundo sea gobernador de Tamaulipas\u201d, dijo la tambi\u00e9n exdiputada local, integrante de una familia de pol\u00edticos matamorenses de gran trayectoria.<\/p>\n<p>Lety Salazar reiter\u00f3 el llamado a los tamaulipecos a unirse en este proyecto que encabeza el precandidato de la alianza conformada por el PAN, PRI y PRD: \u201cAqu\u00ed se pueden sumar de otras corrientes y gente que no se sienta identificada con ning\u00fan color, a final de cuentas todos somos de Tamaulipas\u201d.<\/p>\n<p>Dijo que se ha avanzado, pero faltan cosas por hacer y asegur\u00f3 que con C\u00e9sar \u201cTruko\u201d Ver\u00e1stegui se va a progresar en el desarrollo de la entidad gracias a su visi\u00f3n de hacer una pol\u00edtica incluyente en la que caben todas las corrientes ideol\u00f3gicas pero que tienen algo en com\u00fan: el bienestar de Tamaulipas.<\/p>\n<div style=\"width: 640px;\" class=\"wp-video\"><video class=\"wp-video-shortcode\" id=\"video-5998-1\" width=\"640\" height=\"352\" preload=\"metadata\" controls=\"controls\"><source type=\"video\/mp4\" src=\"https:\/\/www.buroperiodistico.com.mx\/wp-content\/uploads\/2022\/03\/WhatsApp-Video-2022-03-17-at-7.45.26-PM.mp4?_=1\" \/><a href=\"https:\/\/www.buroperiodistico.com.mx\/wp-content\/uploads\/2022\/03\/WhatsApp-Video-2022-03-17-at-7.45.26-PM.mp4\">https:\/\/www.buroperiodistico.com.mx\/wp-content\/uploads\/2022\/03\/WhatsApp-Video-2022-03-17-at-7.45.26-PM.mp4<\/a><\/video><\/div>\n","protected":false},"excerpt":{"rendered":"<p>Matamoros, Tam (17-Marzo-2022).- Los matamorenses est\u00e1n listos para abrirle las puertas y sumarse a C\u00e9sar&#8230;<\/p>\n","protected":false},"author":1,"featured_media":5999,"comment_status":"open","ping_status":"open","sticky":false,"template":"","format":"standard","meta":{"footnotes":"","jetpack_publicize_message":"","jetpack_publicize_feature_enabled":true,"jetpack_social_post_already_shared":false,"jetpack_social_options":{"image_generator_settings":{"template":"highway","default_image_id":0,"font":"","enabled":false},"version":2}},"categories":[14,25],"tags":[],"class_list":["post-5998","post","type-post","status-publish","format-standard","has-post-thumbnail","hentry","category-matamoros","category-portada"],"jetpack_publicize_connections":[],"_links":{"self":[{"href":"https:\/\/www.buroperiodistico.com.mx\/index.php?rest_route=\/wp\/v2\/posts\/5998","targetHints":{"allow":["GET"]}}],"collection":[{"href":"https:\/\/www.buroperiodistico.com.mx\/index.php?rest_route=\/wp\/v2\/posts"}],"about":[{"href":"https:\/\/www.buroperiodistico.com.mx\/index.php?rest_route=\/wp\/v2\/types\/post"}],"author":[{"embeddable":true,"href":"https:\/\/www.buroperiodistico.com.mx\/index.php?rest_route=\/wp\/v2\/users\/1"}],"replies":[{"embeddable":true,"href":"https:\/\/www.buroperiodistico.com.mx\/index.php?rest_route=%2Fwp%2Fv2%2Fcomments&post=5998"}],"version-history":[{"count":0,"href":"https:\/\/www.buroperiodistico.com.mx\/index.php?rest_route=\/wp\/v2\/posts\/5998\/revisions"}],"wp:featuredmedia":[{"embeddable":true,"href":"https:\/\/www.buroperiodistico.com.mx\/index.php?rest_route=\/wp\/v2\/media\/5999"}],"wp:attachment":[{"href":"https:\/\/www.buroperiodistico.com.mx\/index.php?rest_route=%2Fwp%2Fv2%2Fmedia&parent=5998"}],"wp:term":[{"taxonomy":"category","embeddable":true,"href":"https:\/\/www.buroperiodistico.com.mx\/index.php?rest_route=%2Fwp%2Fv2%2Fcategories&post=5998"},{"taxonomy":"post_tag","embeddable":true,"href":"https:\/\/www.buroperiodistico.com.mx\/index.php?rest_route=%2Fwp%2Fv2%2Ftags&post=5998"}],"curies":[{"name":"wp","href":"https:\/\/api.w.org\/{rel}","templated":true}]}}