{"id":5961,"date":"2022-03-17T10:21:17","date_gmt":"2022-03-17T16:21:17","guid":{"rendered":"https:\/\/www.buroperiodistico.com.mx\/?p=5961"},"modified":"2022-03-17T10:21:17","modified_gmt":"2022-03-17T16:21:17","slug":"agenda-fronteriza-por-humberto-gutierrez-32","status":"publish","type":"post","link":"https:\/\/www.buroperiodistico.com.mx\/?p=5961","title":{"rendered":"AGENDA FRONTERIZA\/\u00a0POR HUMBERTO GUTIERREZ"},"content":{"rendered":"<p style=\"text-align: center;\"><strong><em>NO TE METAS EN LAS PATAS DE LOS CABALLOS<\/em><\/strong><\/p>\n<p>Esto no se acaba, hasta que se acaba. En referencia a las elecciones en Tamaulipas.<\/p>\n<p>Apenas iniciar\u00e1n el 3 de abril y por 60 d\u00edas en que se van a ir a fondo en descalificar al adversario.<\/p>\n<p>Ya lo estamos viendo.<\/p>\n<p>M\u00e1s, sin embargo, en una docena de casas encuestadoras, AMERICO triunfa en la inmensa mayor\u00eda, solo en una pierde.<\/p>\n<p>Lo que faltaba.<\/p>\n<p>El Tribunal Electoral del Poder Judicial Federal (TEPJF) revoc\u00f3 temporalmente la designaci\u00f3n de, AM\u00c9RICO VILLARREAL ANAYA, como precandidato \u00fanico a la gubernatura de Tamaulipas, por la coalici\u00f3n \u201cJuntos Haremos Historia\u201d, conformada por Morena, PT y PVEM.<\/p>\n<p>Luego de que el TEPJF anul\u00f3 la sentencia dictada por el Tribunal Electoral de Tamaulipas, con la que desech\u00f3 la impugnaci\u00f3n que la exalcaldesa de Reynosa, MAKI ESTHER ORTIZ DOM\u00cdNGUEZ, present\u00f3 en contra de la designaci\u00f3n del partido MORENA.<\/p>\n<p>En su resoluci\u00f3n, el Pleno de la Sala Superior del TEPJF, determin\u00f3, por unanimidad de votos, revocar la decisi\u00f3n de los magistrados locales.<\/p>\n<p>A propuesta del magistrado, FELIPE DE LA MATA PIZA\u00d1A, la instancia jurisdiccional determin\u00f3 que la autoridad responsable no analiz\u00f3 la supuesta ilegalidad del dictamen de registro de precandidatura \u00fanica a la gubernatura del estado de Tamaulipas, para el Proceso Electoral local 2021-2022, emitido por la Comisi\u00f3n Nacional de Elecciones de Morena.<\/p>\n<p>Toda vez que qued\u00f3 demostrado el incumplimiento del Tribunal local no estudi\u00f3 la totalidad de los planteamientos.<\/p>\n<p>El pleno de la Sala Superior revoc\u00f3 la sentencia local y le dio un plazo de tres d\u00edas para que emita una nueva resoluci\u00f3n en la que se analicen los argumentos relacionados con el dictamen de registro de candidatura \u00fanica.<\/p>\n<p>En la otra acera no caben de j\u00fabilo por la bocanada de ox\u00edgeno en v\u00edspera de la campa\u00f1a del TRUKO VERASTEGUI que sin duda le dar\u00e1n otros puntos a su favor.<\/p>\n<p>La noticia que circulo casi al momento fue la detenci\u00f3n del ex gobernador reciente de Nuevo Le\u00f3n JAIME RODRIGUEZ el bronco en el vecino municipio de General Ter\u00e1n, por supuesto delito que data de 4 a\u00f1os, 4 meses y d\u00edas por una diputada local y por el actual gobernador SAMUEL GARCIA.<\/p>\n<p>El BRONCO fue arrestado de la misma manera de su antecesor RODRIGO MEDINA.<\/p>\n<p>El ex presidente FOX dijo \u201c aguas chamaco, estas muy joven para meterte en las patas de los caballos\u201d.<\/p>\n<p style=\"text-align: center;\"><strong>FALTA DE AGUA EN VICTORIA<\/strong><\/p>\n<p>En noticias locales.<\/p>\n<p>La ciudad capital tiene un problema toral en el suministro de agua potable para el municipio.<\/p>\n<p>El alcalde LALO GATTAS, Realiz\u00f3 un recorrido a la cual fuimos invitados los medios de comunicaci\u00f3n para que sea nota importante el sistema funciona el acueducto para conozcamos el suministro de agua para la ciudad que circula por 54 km de distancia hasta llegar a las casas y a los negocios.<\/p>\n<p>LALO GATTAS acompa\u00f1ado por el gerente de la Comapa Victoria, explic\u00f3 a los medios la potabilizaci\u00f3n del agua y como se transporta, como llega y como se potabiliza de un tema que le preocupa a la autoridad municipal al abasto con eficiencia.<\/p>\n<p>El problema existe desde hace tiempo, la expansi\u00f3n del entorno urbano, la falta de lluvias que seca la presa son factores importantes para determinar e implementar un sistema de tandeo parejo para garantizar el abasto de agua potable.<\/p>\n<p>La primera l\u00ednea del acueducto cumpli\u00f3 con su funci\u00f3n. Hace falta construir la segunda l\u00ednea que sirva como garant\u00eda por los pr\u00f3ximos 30 a\u00f1os.<\/p>\n<p>Si hubiesen los diputados panistas autorizado el Fondo de Capitalidad por el orden de 650 millones de pesos que el alcalde solicit\u00f3 en el presupuesto de egresos al gobierno estatal por lo menos ser\u00eda un respiro al abasto de agua.<\/p>\n<p>El alcalde no se da por vencido, busca recursos con el gobierno federal.<\/p>\n<p style=\"text-align: center;\"><strong>PROYECTO DE GESTION DE LA UAT<\/strong><\/p>\n<p>El Rector GUILLERMO MENDOZA CAVAZOS expuso el Plan de Desarrollo Institucional, en el que presenta los objetivos de su proyecto de gesti\u00f3n al frente de la Universidad Aut\u00f3noma de Tamaulipas durante el per\u00edodo 2022-2025.<\/p>\n<p>Dijo el Rector la UAT es una instituci\u00f3n grande y fuerte y que va por m\u00e1s, m\u00e1s fuerte y m\u00e1s grande. al formalizar su compromiso ante la Asamblea Universitaria m\u00e1ximo \u00f3rgano del Estatuto Org\u00e1nico.<\/p>\n<p>La sesi\u00f3n ordinaria se llev\u00f3 en el el Aula Magna \u201cHERMAN HARRIS FLEISHMAN\u201d del Centro Universitario Sur, all\u00ed se expres\u00f3 el Rector GUILLERMO MENDOZA, al detallar que el PDI est\u00e1 basado en el escenario actual global, nacional y estatal, y sustentado en el di\u00e1logo abierto con la comunidad universitaria, fruto de un amplio ejercicio de consulta.<\/p>\n<p>La UAT establece su modelo de responsabilidad social universitaria integrado por cuatro ejes, que abarcan la cultura de la sostenibilidad, la vinculaci\u00f3n, la formaci\u00f3n en sostenibilidad y la gesti\u00f3n ambiental.<\/p>\n<p>Adem\u00e1s, detall\u00f3 los ejes sustantivos en materia de formaci\u00f3n integral del estudiante; docencia e innovaci\u00f3n acad\u00e9mica.<\/p>\n<p>Para finalizar, reiter\u00f3: \u201cHoy es tiempo para arrancar oportunidades a la adversidad, es el tiempo de innovar, dejar huella y trascender; hoy es el tiempo de la verdad, la belleza y la probidad; hoy todas y todos somos UAT\u201d.<\/p>\n<p>Mi correo: <a href=\"mailto:humbertografico@yahoo.com.mx\">humbertografico@yahoo.com.mx<\/a><\/p>\n","protected":false},"excerpt":{"rendered":"<p>NO TE METAS EN LAS PATAS DE LOS CABALLOS Esto no se acaba, hasta que&#8230;<\/p>\n","protected":false},"author":1,"featured_media":213,"comment_status":"open","ping_status":"open","sticky":false,"template":"","format":"standard","meta":{"footnotes":"","jetpack_publicize_message":"","jetpack_publicize_feature_enabled":true,"jetpack_social_post_already_shared":false,"jetpack_social_options":{"image_generator_settings":{"template":"highway","default_image_id":0,"font":"","enabled":false},"version":2}},"categories":[23],"tags":[],"class_list":["post-5961","post","type-post","status-publish","format-standard","has-post-thumbnail","hentry","category-columnas"],"jetpack_publicize_connections":[],"_links":{"self":[{"href":"https:\/\/www.buroperiodistico.com.mx\/index.php?rest_route=\/wp\/v2\/posts\/5961","targetHints":{"allow":["GET"]}}],"collection":[{"href":"https:\/\/www.buroperiodistico.com.mx\/index.php?rest_route=\/wp\/v2\/posts"}],"about":[{"href":"https:\/\/www.buroperiodistico.com.mx\/index.php?rest_route=\/wp\/v2\/types\/post"}],"author":[{"embeddable":true,"href":"https:\/\/www.buroperiodistico.com.mx\/index.php?rest_route=\/wp\/v2\/users\/1"}],"replies":[{"embeddable":true,"href":"https:\/\/www.buroperiodistico.com.mx\/index.php?rest_route=%2Fwp%2Fv2%2Fcomments&post=5961"}],"version-history":[{"count":0,"href":"https:\/\/www.buroperiodistico.com.mx\/index.php?rest_route=\/wp\/v2\/posts\/5961\/revisions"}],"wp:featuredmedia":[{"embeddable":true,"href":"https:\/\/www.buroperiodistico.com.mx\/index.php?rest_route=\/wp\/v2\/media\/213"}],"wp:attachment":[{"href":"https:\/\/www.buroperiodistico.com.mx\/index.php?rest_route=%2Fwp%2Fv2%2Fmedia&parent=5961"}],"wp:term":[{"taxonomy":"category","embeddable":true,"href":"https:\/\/www.buroperiodistico.com.mx\/index.php?rest_route=%2Fwp%2Fv2%2Fcategories&post=5961"},{"taxonomy":"post_tag","embeddable":true,"href":"https:\/\/www.buroperiodistico.com.mx\/index.php?rest_route=%2Fwp%2Fv2%2Ftags&post=5961"}],"curies":[{"name":"wp","href":"https:\/\/api.w.org\/{rel}","templated":true}]}}