{"id":5953,"date":"2022-03-16T20:50:06","date_gmt":"2022-03-17T02:50:06","guid":{"rendered":"https:\/\/www.buroperiodistico.com.mx\/?p=5953"},"modified":"2022-03-16T20:50:31","modified_gmt":"2022-03-17T02:50:31","slug":"sst-confirma-68-nuevos-casos-y-5-muertes-por-covid-19","status":"publish","type":"post","link":"https:\/\/www.buroperiodistico.com.mx\/?p=5953","title":{"rendered":"SST confirma 68 nuevos casos y 5 muertes por Covid-19"},"content":{"rendered":"<p><strong><em>CIUDAD VICTORIA, TAMAULIPAS.-<\/em><\/strong> Para continuar con el descenso de casos de COVID-19 y evitar rebrotes de la enfermedad que pudieran derivar en una nueva ola de contagios, la Secretar\u00eda de Salud de Tamaulipas exhort\u00f3 a la poblaci\u00f3n a atender en el hogar, la escuela, los espacios p\u00fablicos y el trabajo las medidas de seguridad sanitaria ya conocidas y probadas a nivel mundial para frenar la transmisi\u00f3n del virus.<\/p>\n<p>Exhort\u00f3 a utilizar cubrebocas en todos los espacios p\u00fablicos, lavarse las manos de 10 a 20 veces al dia con agua y jab\u00f3n o utilizar alcohol gel, mantener una distancia de 2 metros o m\u00e1s con otras personas, evitar saludar de mano, abrazo o beso, limitar el contacto social y las salidas no esenciales, desinfectar objetos de uso com\u00fan y ventilar todas las \u00e1reas de la casa.<\/p>\n<p>Al presentar el balance oficial de la pandemia, la dependencia estatal confirm\u00f3 68 nuevos casos y 5 fallecimientos, por lo que insisti\u00f3 en la importancia de completar el esquema de vacunaci\u00f3n anticovid y proteger a los m\u00e1s vulnerables a un contagio.<\/p>\n<p><img loading=\"lazy\" decoding=\"async\" class=\"size-full wp-image-5954 aligncenter\" src=\"https:\/\/www.buroperiodistico.com.mx\/wp-content\/uploads\/2022\/03\/SSTY.jpg\" alt=\"\" width=\"1110\" height=\"600\" srcset=\"https:\/\/www.buroperiodistico.com.mx\/wp-content\/uploads\/2022\/03\/SSTY.jpg 1110w, https:\/\/www.buroperiodistico.com.mx\/wp-content\/uploads\/2022\/03\/SSTY-300x162.jpg 300w, https:\/\/www.buroperiodistico.com.mx\/wp-content\/uploads\/2022\/03\/SSTY-1024x554.jpg 1024w, https:\/\/www.buroperiodistico.com.mx\/wp-content\/uploads\/2022\/03\/SSTY-768x415.jpg 768w\" sizes=\"auto, (max-width: 1110px) 100vw, 1110px\" \/><\/p>\n","protected":false},"excerpt":{"rendered":"<p>CIUDAD VICTORIA, TAMAULIPAS.- Para continuar con el descenso de casos de COVID-19 y evitar rebrotes&#8230;<\/p>\n","protected":false},"author":1,"featured_media":5954,"comment_status":"open","ping_status":"open","sticky":false,"template":"","format":"standard","meta":{"footnotes":"","jetpack_publicize_message":"","jetpack_publicize_feature_enabled":true,"jetpack_social_post_already_shared":false,"jetpack_social_options":{"image_generator_settings":{"template":"highway","default_image_id":0,"font":"","enabled":false},"version":2}},"categories":[25,10],"tags":[],"class_list":["post-5953","post","type-post","status-publish","format-standard","has-post-thumbnail","hentry","category-portada","category-tamaulipas"],"jetpack_publicize_connections":[],"_links":{"self":[{"href":"https:\/\/www.buroperiodistico.com.mx\/index.php?rest_route=\/wp\/v2\/posts\/5953","targetHints":{"allow":["GET"]}}],"collection":[{"href":"https:\/\/www.buroperiodistico.com.mx\/index.php?rest_route=\/wp\/v2\/posts"}],"about":[{"href":"https:\/\/www.buroperiodistico.com.mx\/index.php?rest_route=\/wp\/v2\/types\/post"}],"author":[{"embeddable":true,"href":"https:\/\/www.buroperiodistico.com.mx\/index.php?rest_route=\/wp\/v2\/users\/1"}],"replies":[{"embeddable":true,"href":"https:\/\/www.buroperiodistico.com.mx\/index.php?rest_route=%2Fwp%2Fv2%2Fcomments&post=5953"}],"version-history":[{"count":0,"href":"https:\/\/www.buroperiodistico.com.mx\/index.php?rest_route=\/wp\/v2\/posts\/5953\/revisions"}],"wp:featuredmedia":[{"embeddable":true,"href":"https:\/\/www.buroperiodistico.com.mx\/index.php?rest_route=\/wp\/v2\/media\/5954"}],"wp:attachment":[{"href":"https:\/\/www.buroperiodistico.com.mx\/index.php?rest_route=%2Fwp%2Fv2%2Fmedia&parent=5953"}],"wp:term":[{"taxonomy":"category","embeddable":true,"href":"https:\/\/www.buroperiodistico.com.mx\/index.php?rest_route=%2Fwp%2Fv2%2Fcategories&post=5953"},{"taxonomy":"post_tag","embeddable":true,"href":"https:\/\/www.buroperiodistico.com.mx\/index.php?rest_route=%2Fwp%2Fv2%2Ftags&post=5953"}],"curies":[{"name":"wp","href":"https:\/\/api.w.org\/{rel}","templated":true}]}}