{"id":5936,"date":"2022-03-16T18:43:06","date_gmt":"2022-03-17T00:43:06","guid":{"rendered":"https:\/\/www.buroperiodistico.com.mx\/?p=5936"},"modified":"2022-03-16T18:43:06","modified_gmt":"2022-03-17T00:43:06","slug":"desdelafrontera-por-pedro-natividad-27","status":"publish","type":"post","link":"https:\/\/www.buroperiodistico.com.mx\/?p=5936","title":{"rendered":"#DESDELAFRONTERA\/ POR PEDRO NATIVIDAD"},"content":{"rendered":"<p style=\"text-align: center;\"><strong><em>Am\u00e9rico est\u00e1 firme: MORENA<\/em><\/strong><\/p>\n<p>Vaya alboroto causaron varios personajes en redes sociales, despu\u00e9s que Sala Superior del Tribunal Electoral del Poder Judicial de la Federaci\u00f3n (TEPJF), revoc\u00f3 la sentencia dictada por el Tribunal Electoral del Estado de Tamaulipas (TRIELTAM) quien hab\u00eda confirmado la resoluci\u00f3n emitida por la Comisi\u00f3n Nacional de Honestidad y Justicia (CNHJ) del partido Morena, con respecto a la designaci\u00f3n de AMERICO VILLARREAL, como candidato a la gubernatura.<\/p>\n<p>Las redes sociales explotaron y muchos celebraban que a AMERICO se la hab\u00eda ca\u00eddo la candidatura y que la quejosa, MAKI ORTIZ, ser\u00eda designada como la nueva candidata.<\/p>\n<p>Sin embargo, la felicidad les dur\u00f3 unas cu\u00e1ntas horas, pues el Delegado Nacional, ERNESTO PALACIOS, cit\u00f3 a conferencia de prensa, para aclarar, que, a pesar de la resoluci\u00f3n, la candidatura de AMERICO VILLARREAL, sigue firme y m\u00e1s fuerte que nunca.<\/p>\n<p>El delegado, acudi\u00f3 con su equipo jur\u00eddico y dio voz a EDUARDO GOVEA, abogado representante ante el Consejo General del IETAM, quien fue claro al explicar en dos pasos la resoluci\u00f3n del Tribunal Federal.<\/p>\n<p>N\u00famero 1, que no revoca el registro de la candidatura de AMERICO VILLARREAL y n\u00famero 2, que no afecta la ruta que est\u00e1 siguiendo Morena, en el proceso electoral de cara al inicio de las campa\u00f1as.<\/p>\n<p>Destac\u00f3 que en Morena tienen la certeza jur\u00eddica de la firmeza del registro de la candidatura de AMERICO, certeza que es b\u00e1sicamente del orden jur\u00eddico.<\/p>\n<p>Critic\u00f3 que en redes sociales se haya distorsionado la realidad jur\u00eddica y recalc\u00f3 que dicha sentencia de la Sala Superior, solo revoca la decisi\u00f3n del Tribunal de Tamaulipas para que haga una revisi\u00f3n integral de los agravios interpuestos por la inconforme, MAKI ORTIZ.<\/p>\n<p>\u201cEsto var\u00eda el sentido de la decisi\u00f3n de fondo, corrobora que el proceso interno de Morena fue apegado a derecho, corroboramos que dicha decisi\u00f3n de la Sala Superior, trastoca el derecho de los partidos pol\u00edticos, en este caso de Morena, de designar a sus candidatos, en ese sentido el registro de AMERICO es firme, porque esta decisi\u00f3n, aclaramos, no anula, no revoca, no echa por tierra dicho registro\u201d, afirm\u00f3 el abogado.<\/p>\n<p>Y reafirm\u00f3 que no se est\u00e1 violentando de los derechos de las mujeres, pues el proceso interno de Morena ya concluy\u00f3, ya existe una designaci\u00f3n de candidatos y candidatas y se cumpli\u00f3 con el principio de paridad en la designaci\u00f3n.<\/p>\n<p>Los periodistas preguntaron a los morenistas si ven a MAKI ORTIZ como candidata y la respuesta fue clara, \u201cla candidatura de AMERICO VILLARREAL est\u00e1 firme\u201d.<\/p>\n<p>En fin, con esto se confirma que MORENA no ceder\u00e1 terreno y que la candidatura de AMERICO VILLARREAL est\u00e1 firme y la defender\u00e1n a capa y espada.<\/p>\n<p>MAKI ORTIZ gan\u00f3 una batalla, ahora habr\u00e1 que esperar la respuesta del Tribunal de Tamaulipas.<\/p>\n<p style=\"text-align: center;\"><strong>NUEVO DECRETO, BARRA LIBRE PARA TODOS<\/strong><\/p>\n<p>El nuevo decreto publicado por el Gobierno del Estado, da barra libre a los neolaredenses y capacidad casi total a todos los negocios.<\/p>\n<p>En lo que respecta a venta de bebidas embriagantes, en los dep\u00f3sitos y tienditas, la venta ser\u00e1 de lunes a s\u00e1bado de 10:00 a las 24:00 horas y el domingo de 10:00 de la ma\u00f1ana a las 20:00 horas.<\/p>\n<p>Los restaurantes bar, de lunes a s\u00e1bado de 10:00 de la ma\u00f1ana a las 24:00 horas con venta de alcohol y pueden estar en servicio hasta las 01:00 horas; Los bares de lunes a s\u00e1bado de 10:00 de la ma\u00f1ana a las 02:00 horas, mientras que los domingos en ambos establecimientos es de 10:00 de la ma\u00f1ana a las 24:00 horas;<\/p>\n<p>Los billares de lunes a s\u00e1bado de las 12:00 a 24:00 horas y los domingos de 12:00 del mediod\u00eda a 22:00 horas.<\/p>\n<p>Mientras que, en restaurantes, de 6:00 a 1:00 de la ma\u00f1ana de lunes a domingo; con venta de alcohol hasta las cero horas.<\/p>\n<p>En lo que respecta a capacidad, restaurantes, cines, comercios, tiendas departamentales, plazas comerciales, salones de eventos, palapas, jardines, albercas, \u201cpulgas\u201d, ya pueden operar con una capacidad del 90 por ciento.<\/p>\n<p>En pocas palabras, ya hay barra libre para todos, eso s\u00ed, con su respectivo cubrebocas y su botecito de gel, por favor.\u2026 \u00bfQu\u00e9? \u00bfNo?&#8230; NOS LEEMOS.<\/p>\n<p>Comentarios\u00a0<a href=\"mailto:pedropnatividad@gmail.com\">pedropnatividad@gmail.com<\/a><\/p>\n","protected":false},"excerpt":{"rendered":"<p>Am\u00e9rico est\u00e1 firme: MORENA Vaya alboroto causaron varios personajes en redes sociales, despu\u00e9s que Sala&#8230;<\/p>\n","protected":false},"author":1,"featured_media":174,"comment_status":"open","ping_status":"open","sticky":false,"template":"","format":"standard","meta":{"footnotes":"","jetpack_publicize_message":"","jetpack_publicize_feature_enabled":true,"jetpack_social_post_already_shared":false,"jetpack_social_options":{"image_generator_settings":{"template":"highway","default_image_id":0,"font":"","enabled":false},"version":2}},"categories":[23],"tags":[],"class_list":["post-5936","post","type-post","status-publish","format-standard","has-post-thumbnail","hentry","category-columnas"],"jetpack_publicize_connections":[],"_links":{"self":[{"href":"https:\/\/www.buroperiodistico.com.mx\/index.php?rest_route=\/wp\/v2\/posts\/5936","targetHints":{"allow":["GET"]}}],"collection":[{"href":"https:\/\/www.buroperiodistico.com.mx\/index.php?rest_route=\/wp\/v2\/posts"}],"about":[{"href":"https:\/\/www.buroperiodistico.com.mx\/index.php?rest_route=\/wp\/v2\/types\/post"}],"author":[{"embeddable":true,"href":"https:\/\/www.buroperiodistico.com.mx\/index.php?rest_route=\/wp\/v2\/users\/1"}],"replies":[{"embeddable":true,"href":"https:\/\/www.buroperiodistico.com.mx\/index.php?rest_route=%2Fwp%2Fv2%2Fcomments&post=5936"}],"version-history":[{"count":0,"href":"https:\/\/www.buroperiodistico.com.mx\/index.php?rest_route=\/wp\/v2\/posts\/5936\/revisions"}],"wp:featuredmedia":[{"embeddable":true,"href":"https:\/\/www.buroperiodistico.com.mx\/index.php?rest_route=\/wp\/v2\/media\/174"}],"wp:attachment":[{"href":"https:\/\/www.buroperiodistico.com.mx\/index.php?rest_route=%2Fwp%2Fv2%2Fmedia&parent=5936"}],"wp:term":[{"taxonomy":"category","embeddable":true,"href":"https:\/\/www.buroperiodistico.com.mx\/index.php?rest_route=%2Fwp%2Fv2%2Fcategories&post=5936"},{"taxonomy":"post_tag","embeddable":true,"href":"https:\/\/www.buroperiodistico.com.mx\/index.php?rest_route=%2Fwp%2Fv2%2Ftags&post=5936"}],"curies":[{"name":"wp","href":"https:\/\/api.w.org\/{rel}","templated":true}]}}