{"id":5783,"date":"2022-03-15T13:43:38","date_gmt":"2022-03-15T19:43:38","guid":{"rendered":"https:\/\/www.buroperiodistico.com.mx\/?p=5783"},"modified":"2022-03-15T13:43:38","modified_gmt":"2022-03-15T19:43:38","slug":"personal-de-proteccion-civil-y-bomberos-recibira-capacitacion-en-territorio-americano","status":"publish","type":"post","link":"https:\/\/www.buroperiodistico.com.mx\/?p=5783","title":{"rendered":"PERSONAL DE PROTECCI\u00d3N CIVIL Y BOMBEROS RECIBIR\u00c1 CAPACITACI\u00d3N EN TERRITORIO AMERICANO"},"content":{"rendered":"<p><em><strong><img loading=\"lazy\" decoding=\"async\" class=\"alignright  wp-image-5785\" src=\"https:\/\/www.buroperiodistico.com.mx\/wp-content\/uploads\/2022\/03\/PC-1.jpg\" alt=\"\" width=\"521\" height=\"302\" srcset=\"https:\/\/www.buroperiodistico.com.mx\/wp-content\/uploads\/2022\/03\/PC-1.jpg 1024w, https:\/\/www.buroperiodistico.com.mx\/wp-content\/uploads\/2022\/03\/PC-1-300x174.jpg 300w, https:\/\/www.buroperiodistico.com.mx\/wp-content\/uploads\/2022\/03\/PC-1-768x446.jpg 768w\" sizes=\"auto, (max-width: 521px) 100vw, 521px\" \/>Nuevo Laredo, Tam (15-Marzo-2022).-<\/strong><\/em> Producto de la buena relaci\u00f3n entre autoridades de ambos Laredos, 15 elementos de Protecci\u00f3n\u00a0 Civil y Bomberos recibir\u00e1n capacitaci\u00f3n en\u00a0 la vecina Ciudad con la finalidad de contar con\u00a0 la mejor preparaci\u00f3n y respuesta pronta y adecuada para enfrentar emergencias qu\u00edmicas.<\/p>\n<p>El evento se realizar\u00e1 el 28 y 29 de marzo en el \u201cLaredo International Fire and Law Enforcement Training Center\u201d\u00a0 de Laredo, Texas y forma parte del Plan de Contingencia Transfronterizo firmado el 9 de diciembre del 2021 por la alcaldesa Carmen Lilia Canturosas Villarreal y el Mayor Pete S\u00e1enz.<\/p>\n<p>De acuerdo con esto,\u00a0 estas capacitaciones se realizan para prevenir contingencias o erradicarlas de manera inmediata, teniendo listo al personal de ambas ciudades en caso de que se requiera auxilio en cualquier lado de la frontera.<\/p>\n<p>\u201cTenemos una estrecha relaci\u00f3n con las autoridades de seguridad en Estados Unidos, seguimos estableciendo fechas para continuar con la capacitaci\u00f3n del personal local y son esfuerzos coordinados por ambas ciudades para mantener el bienestar de los ciudadanos de la regi\u00f3n\u201d, expres\u00f3 el Director de Protecci\u00f3n Civil y Bomberos, Humberto Fern\u00e1ndez Diez de Pinos.<\/p>\n<p>Agreg\u00f3 que uno de los protocolos importantes es diferenciar incendios entre veh\u00edculos, esto porque algunos son de combusti\u00f3n interna y otros utilizan bater\u00edas en su funcionamiento y explic\u00f3 que el primer caso es posible extinguir el fuego al usar un alto galonaje de agua, mientras que el segundo, se debe de responder de otra forma ya que el agua al hacer contacto con la bater\u00eda produce una nube corrosiva da\u00f1ina para el bombero o ciudadanos cercanos.<\/p>\n<p>Este acuerdo binacional es el primer ejemplo de trabajo coordinado entre fronteras de Tamaulipas y es logrado por la buena relaci\u00f3n que existe entre los 2 Laredos y sus autoridades.<\/p>\n<p>Otros proyectos en materia de protecci\u00f3n civil es el Comit\u00e9 Local de Ayuda Mutua (CLAM), que re\u00fane a maquiladoras locales y su personal de seguridad para dar apoyo entre empresas para capacitar y brindar auxilio en caso de alg\u00fan siniestro.<\/p>\n<p><img loading=\"lazy\" decoding=\"async\" class=\"size-full wp-image-5784 aligncenter\" src=\"https:\/\/www.buroperiodistico.com.mx\/wp-content\/uploads\/2022\/03\/PC-I-1.jpg\" alt=\"\" width=\"640\" height=\"427\" srcset=\"https:\/\/www.buroperiodistico.com.mx\/wp-content\/uploads\/2022\/03\/PC-I-1.jpg 640w, https:\/\/www.buroperiodistico.com.mx\/wp-content\/uploads\/2022\/03\/PC-I-1-300x200.jpg 300w\" sizes=\"auto, (max-width: 640px) 100vw, 640px\" \/><\/p>\n<div style=\"width: 640px;\" class=\"wp-video\"><video class=\"wp-video-shortcode\" id=\"video-5783-1\" width=\"640\" height=\"360\" preload=\"metadata\" controls=\"controls\"><source type=\"video\/mp4\" src=\"https:\/\/www.buroperiodistico.com.mx\/wp-content\/uploads\/2022\/03\/05-DE-MARZO-DIRECTOR-DE-PROTECCION-CIVIL-Y-BOMBEROS-HUMBERTO-FERNANDEZ-DIEZ-CAPACITACION-BINACIONAL-PC.mp4?_=1\" \/><a href=\"https:\/\/www.buroperiodistico.com.mx\/wp-content\/uploads\/2022\/03\/05-DE-MARZO-DIRECTOR-DE-PROTECCION-CIVIL-Y-BOMBEROS-HUMBERTO-FERNANDEZ-DIEZ-CAPACITACION-BINACIONAL-PC.mp4\">https:\/\/www.buroperiodistico.com.mx\/wp-content\/uploads\/2022\/03\/05-DE-MARZO-DIRECTOR-DE-PROTECCION-CIVIL-Y-BOMBEROS-HUMBERTO-FERNANDEZ-DIEZ-CAPACITACION-BINACIONAL-PC.mp4<\/a><\/video><\/div>\n","protected":false},"excerpt":{"rendered":"<p>Nuevo Laredo, Tam (15-Marzo-2022).- Producto de la buena relaci\u00f3n entre autoridades de ambos Laredos, 15&#8230;<\/p>\n","protected":false},"author":1,"featured_media":5785,"comment_status":"open","ping_status":"open","sticky":false,"template":"","format":"standard","meta":{"footnotes":"","jetpack_publicize_message":"","jetpack_publicize_feature_enabled":true,"jetpack_social_post_already_shared":false,"jetpack_social_options":{"image_generator_settings":{"template":"highway","default_image_id":0,"font":"","enabled":false},"version":2}},"categories":[16],"tags":[],"class_list":["post-5783","post","type-post","status-publish","format-standard","has-post-thumbnail","hentry","category-nuevolaredo"],"jetpack_publicize_connections":[],"_links":{"self":[{"href":"https:\/\/www.buroperiodistico.com.mx\/index.php?rest_route=\/wp\/v2\/posts\/5783","targetHints":{"allow":["GET"]}}],"collection":[{"href":"https:\/\/www.buroperiodistico.com.mx\/index.php?rest_route=\/wp\/v2\/posts"}],"about":[{"href":"https:\/\/www.buroperiodistico.com.mx\/index.php?rest_route=\/wp\/v2\/types\/post"}],"author":[{"embeddable":true,"href":"https:\/\/www.buroperiodistico.com.mx\/index.php?rest_route=\/wp\/v2\/users\/1"}],"replies":[{"embeddable":true,"href":"https:\/\/www.buroperiodistico.com.mx\/index.php?rest_route=%2Fwp%2Fv2%2Fcomments&post=5783"}],"version-history":[{"count":0,"href":"https:\/\/www.buroperiodistico.com.mx\/index.php?rest_route=\/wp\/v2\/posts\/5783\/revisions"}],"wp:featuredmedia":[{"embeddable":true,"href":"https:\/\/www.buroperiodistico.com.mx\/index.php?rest_route=\/wp\/v2\/media\/5785"}],"wp:attachment":[{"href":"https:\/\/www.buroperiodistico.com.mx\/index.php?rest_route=%2Fwp%2Fv2%2Fmedia&parent=5783"}],"wp:term":[{"taxonomy":"category","embeddable":true,"href":"https:\/\/www.buroperiodistico.com.mx\/index.php?rest_route=%2Fwp%2Fv2%2Fcategories&post=5783"},{"taxonomy":"post_tag","embeddable":true,"href":"https:\/\/www.buroperiodistico.com.mx\/index.php?rest_route=%2Fwp%2Fv2%2Ftags&post=5783"}],"curies":[{"name":"wp","href":"https:\/\/api.w.org\/{rel}","templated":true}]}}