{"id":5779,"date":"2022-03-15T13:36:23","date_gmt":"2022-03-15T19:36:23","guid":{"rendered":"https:\/\/www.buroperiodistico.com.mx\/?p=5779"},"modified":"2022-03-15T13:36:23","modified_gmt":"2022-03-15T19:36:23","slug":"conmemoracion-del-dia-de-la-mujer-continuara-todo-el-mes","status":"publish","type":"post","link":"https:\/\/www.buroperiodistico.com.mx\/?p=5779","title":{"rendered":"CONMEMORACI\u00d3N DEL D\u00cdA DE LA MUJER CONTINUAR\u00c1 TODO EL MES"},"content":{"rendered":"<p><em><strong><img loading=\"lazy\" decoding=\"async\" class=\"alignright  wp-image-5780\" src=\"https:\/\/www.buroperiodistico.com.mx\/wp-content\/uploads\/2022\/03\/Inmujer.jpg\" alt=\"\" width=\"496\" height=\"284\" srcset=\"https:\/\/www.buroperiodistico.com.mx\/wp-content\/uploads\/2022\/03\/Inmujer.jpg 1024w, https:\/\/www.buroperiodistico.com.mx\/wp-content\/uploads\/2022\/03\/Inmujer-300x172.jpg 300w, https:\/\/www.buroperiodistico.com.mx\/wp-content\/uploads\/2022\/03\/Inmujer-768x440.jpg 768w\" sizes=\"auto, (max-width: 496px) 100vw, 496px\" \/>Nuevo Laredo, Tam (15-Marzo-2022).-<\/strong><\/em> Una serie de actividades que van\u00a0 desde pl\u00e1ticas, caminatas, brigadas\u00a0 y reconocimientos a ellas, ser\u00e1n el marco para continuar conmemorando el D\u00eda Internacional de la Mujer.<\/p>\n<p>Para tal prop\u00f3sito el Gobierno Municipal y el Instituto Municipal de la Mujer (INMUJER) preparan una serie de eventos para reconocer su talento; el viernes 18 de marzo se realizar\u00e1\u00a0 el curso online sobre \u201cLiderazgo y emprendedurismo\u201d en coordinaci\u00f3n con CANACINTRA, a cargo de la Licenciada, Tanya Osmara Hern\u00e1ndez de 4:00 a 6:00 de la tarde.<\/p>\n<p>Este martes 22 de marzo se llevar\u00e1 a cabo el primer encuentro de mujeres universitarias en coordinaci\u00f3n con la Universidad Aut\u00f3noma de Tamaulipas (UAT) de 10:00 de la ma\u00f1ana a 12:15 de la tarde.<\/p>\n<p>Mientras que, el viernes 25 de marzo, se har\u00e1 Guardia de Honor a Mar\u00eda de Jes\u00fas de la Rosa \u201cLa Coronela\u201d, a las 10:00 de la ma\u00f1ana en el Pante\u00f3n Municipal Antiguo.<\/p>\n<p>El s\u00e1bado, 26 de marzo se llevar\u00e1 a cabo la Marcha del silencio y mitin cultural el punto de reuni\u00f3n es a las 4:30 de la tarde, en la Plaza Ju\u00e1rez ubicada en avenida Guerrero y calle Victoria en el que solo participar\u00e1n mujeres, al terminar en la Explanada Independencia se realizar\u00e1 el evento \u201cmercadita feminista\u201d en el que podr\u00e1n participar familias completas.<\/p>\n<p>Para culminar las actividades alusivas al D\u00eda Internacional de la Mujer, el mi\u00e9rcoles 30 de marzo se llevar\u00e1 a cabo la brigada mujer de 9:00 de la ma\u00f1ana a 1:00 de la tarde, en el Parque lineal, R\u00edo Guadiana 1107,en la Colonia Voluntad y Trabajo N\u00famero III.<\/p>\n<p><img loading=\"lazy\" decoding=\"async\" class=\"size-full wp-image-5781 aligncenter\" src=\"https:\/\/www.buroperiodistico.com.mx\/wp-content\/uploads\/2022\/03\/Inmujer-I.jpg\" alt=\"\" width=\"640\" height=\"427\" srcset=\"https:\/\/www.buroperiodistico.com.mx\/wp-content\/uploads\/2022\/03\/Inmujer-I.jpg 640w, https:\/\/www.buroperiodistico.com.mx\/wp-content\/uploads\/2022\/03\/Inmujer-I-300x200.jpg 300w\" sizes=\"auto, (max-width: 640px) 100vw, 640px\" \/><\/p>\n","protected":false},"excerpt":{"rendered":"<p>Nuevo Laredo, Tam (15-Marzo-2022).- Una serie de actividades que van\u00a0 desde pl\u00e1ticas, caminatas, brigadas\u00a0 y&#8230;<\/p>\n","protected":false},"author":1,"featured_media":5780,"comment_status":"open","ping_status":"open","sticky":false,"template":"","format":"standard","meta":{"footnotes":"","jetpack_publicize_message":"","jetpack_publicize_feature_enabled":true,"jetpack_social_post_already_shared":false,"jetpack_social_options":{"image_generator_settings":{"template":"highway","default_image_id":0,"font":"","enabled":false},"version":2}},"categories":[16],"tags":[],"class_list":["post-5779","post","type-post","status-publish","format-standard","has-post-thumbnail","hentry","category-nuevolaredo"],"jetpack_publicize_connections":[],"_links":{"self":[{"href":"https:\/\/www.buroperiodistico.com.mx\/index.php?rest_route=\/wp\/v2\/posts\/5779","targetHints":{"allow":["GET"]}}],"collection":[{"href":"https:\/\/www.buroperiodistico.com.mx\/index.php?rest_route=\/wp\/v2\/posts"}],"about":[{"href":"https:\/\/www.buroperiodistico.com.mx\/index.php?rest_route=\/wp\/v2\/types\/post"}],"author":[{"embeddable":true,"href":"https:\/\/www.buroperiodistico.com.mx\/index.php?rest_route=\/wp\/v2\/users\/1"}],"replies":[{"embeddable":true,"href":"https:\/\/www.buroperiodistico.com.mx\/index.php?rest_route=%2Fwp%2Fv2%2Fcomments&post=5779"}],"version-history":[{"count":0,"href":"https:\/\/www.buroperiodistico.com.mx\/index.php?rest_route=\/wp\/v2\/posts\/5779\/revisions"}],"wp:featuredmedia":[{"embeddable":true,"href":"https:\/\/www.buroperiodistico.com.mx\/index.php?rest_route=\/wp\/v2\/media\/5780"}],"wp:attachment":[{"href":"https:\/\/www.buroperiodistico.com.mx\/index.php?rest_route=%2Fwp%2Fv2%2Fmedia&parent=5779"}],"wp:term":[{"taxonomy":"category","embeddable":true,"href":"https:\/\/www.buroperiodistico.com.mx\/index.php?rest_route=%2Fwp%2Fv2%2Fcategories&post=5779"},{"taxonomy":"post_tag","embeddable":true,"href":"https:\/\/www.buroperiodistico.com.mx\/index.php?rest_route=%2Fwp%2Fv2%2Ftags&post=5779"}],"curies":[{"name":"wp","href":"https:\/\/api.w.org\/{rel}","templated":true}]}}