{"id":5776,"date":"2022-03-15T13:18:52","date_gmt":"2022-03-15T19:18:52","guid":{"rendered":"https:\/\/www.buroperiodistico.com.mx\/?p=5776"},"modified":"2022-03-15T13:18:52","modified_gmt":"2022-03-15T19:18:52","slug":"detienen-al-bronco-ex-gobernador-de-nuevo-leon","status":"publish","type":"post","link":"https:\/\/www.buroperiodistico.com.mx\/?p=5776","title":{"rendered":"DETIENEN AL BRONCO EX GOBERNADOR DE NUEVO LE\u00d3N"},"content":{"rendered":"<p><em><strong>Ciudad de M\u00e9xico (15-Marzo-2022).-<\/strong><\/em> Jaime Rodr\u00edguez Calder\u00f3n, El Bronco, ex gobernador de Nuevo Le\u00f3n, fue detenido por las autoridades este martes mientras sal\u00eda de un rancho de General Ter\u00e1n, Nuevo Le\u00f3n.<\/p>\n<p>Fuentes estatales revelaron que los motivos de la detenci\u00f3n son por hechos relacionados a las \u201cBroncofirmas\u201d, desv\u00edo de recursos humanos y materiales.<\/p>\n<p>En su cuenta de Twitter, el gobernador Samuel Garc\u00eda public\u00f3 un mensaje donde prev\u00e9 la detenci\u00f3n del ex gobernador.<\/p>\n<p>\u201cSer incorruptibles empieza por no robar, por castigar a los que robaron y desviaron el dinero de Nuevo Le\u00f3n a sus campa\u00f1as. Y aqu\u00ed ya empezamos\u201d.<br \/>\nRecientemente, tras detectar presuntas operaciones simuladas y triangulaci\u00f3n de recursos p\u00fablicos, la Subsecretar\u00eda de Administraci\u00f3n Tributaria de la Secretar\u00eda de Finanzas y Tesorer\u00eda General del estado congel\u00f3 de manera precautoria las cuentas bancarias de dos ex funcionarios de primer nivel del gobierno de Jaime Rodr\u00edguez Calder\u00f3n.<\/p>\n<p>Se trata de Manuel Vital, ex secretario de Desarrollo Sustentable; y Mar\u00eda de los \u00c1ngeles Erris\u00fariz, ex secretaria de Educaci\u00f3n, y la acci\u00f3n es resultado del seguimiento realizado a diversas transferencias interbancarias. Aunado a ello, las empresas en las que ambos ex funcionarios tienen relaci\u00f3n directa son objeto de auditor\u00edas, entre ellas Canad\u00e1 Grupo Inmobiliario SA de CV, de la cual Manuel Vital es socio directo.<\/p>\n<p>De acuerdo con la investigaci\u00f3n realizada por la SAT Nuevo Le\u00f3n, las razones sociales involucradas en la presunta simulaci\u00f3n de operaciones son Gesta Proveedora de Insumos y Servicios Industriales, Telecomunicaciones y Servicios del Norte, adem\u00e1s de IVG Comercializadora.<\/p>\n<p>\u00bfQui\u00e9n es Jaime Rodr\u00edguez, &#8216;El Bronco&#8217;?<br \/>\nJaime Rodr\u00edguez es un ingeniero agr\u00f3nomo egresado de la Universidad Aut\u00f3noma de Nuevo Le\u00f3n (UANL). Inici\u00f3 su trayectoria pol\u00edtica a principios de los ochentas en el PRI, donde milit\u00f3 durante casi 35 a\u00f1os.<\/p>\n<p>Fungi\u00f3 como diputado plurinominal de 1991 a 1994 y diputado local de 1997 al 2000, adem\u00e1s de presidente municipal de Garc\u00eda, Nuevo Le\u00f3n.<\/p>\n<p>Tras renunciar al partido, en 2014, comenz\u00f3 su campa\u00f1a como independiente en busca de la gubernatura de Nuevo Le\u00f3n, que consigui\u00f3 en junio de 2015 con 48.8 por ciento de votos.<\/p>\n","protected":false},"excerpt":{"rendered":"<p>Ciudad de M\u00e9xico (15-Marzo-2022).- Jaime Rodr\u00edguez Calder\u00f3n, El Bronco, ex gobernador de Nuevo Le\u00f3n, fue&#8230;<\/p>\n","protected":false},"author":1,"featured_media":5777,"comment_status":"open","ping_status":"open","sticky":false,"template":"","format":"standard","meta":{"footnotes":"","jetpack_publicize_message":"","jetpack_publicize_feature_enabled":true,"jetpack_social_post_already_shared":false,"jetpack_social_options":{"image_generator_settings":{"template":"highway","default_image_id":0,"font":"","enabled":false},"version":2}},"categories":[11],"tags":[],"class_list":["post-5776","post","type-post","status-publish","format-standard","has-post-thumbnail","hentry","category-nacional"],"jetpack_publicize_connections":[],"_links":{"self":[{"href":"https:\/\/www.buroperiodistico.com.mx\/index.php?rest_route=\/wp\/v2\/posts\/5776","targetHints":{"allow":["GET"]}}],"collection":[{"href":"https:\/\/www.buroperiodistico.com.mx\/index.php?rest_route=\/wp\/v2\/posts"}],"about":[{"href":"https:\/\/www.buroperiodistico.com.mx\/index.php?rest_route=\/wp\/v2\/types\/post"}],"author":[{"embeddable":true,"href":"https:\/\/www.buroperiodistico.com.mx\/index.php?rest_route=\/wp\/v2\/users\/1"}],"replies":[{"embeddable":true,"href":"https:\/\/www.buroperiodistico.com.mx\/index.php?rest_route=%2Fwp%2Fv2%2Fcomments&post=5776"}],"version-history":[{"count":0,"href":"https:\/\/www.buroperiodistico.com.mx\/index.php?rest_route=\/wp\/v2\/posts\/5776\/revisions"}],"wp:featuredmedia":[{"embeddable":true,"href":"https:\/\/www.buroperiodistico.com.mx\/index.php?rest_route=\/wp\/v2\/media\/5777"}],"wp:attachment":[{"href":"https:\/\/www.buroperiodistico.com.mx\/index.php?rest_route=%2Fwp%2Fv2%2Fmedia&parent=5776"}],"wp:term":[{"taxonomy":"category","embeddable":true,"href":"https:\/\/www.buroperiodistico.com.mx\/index.php?rest_route=%2Fwp%2Fv2%2Fcategories&post=5776"},{"taxonomy":"post_tag","embeddable":true,"href":"https:\/\/www.buroperiodistico.com.mx\/index.php?rest_route=%2Fwp%2Fv2%2Ftags&post=5776"}],"curies":[{"name":"wp","href":"https:\/\/api.w.org\/{rel}","templated":true}]}}