{"id":5724,"date":"2022-03-14T20:17:14","date_gmt":"2022-03-15T02:17:14","guid":{"rendered":"https:\/\/www.buroperiodistico.com.mx\/?p=5724"},"modified":"2022-03-14T20:17:14","modified_gmt":"2022-03-15T02:17:14","slug":"sst-inicia-semana-con-73-nuevos-casos-de-covid-19","status":"publish","type":"post","link":"https:\/\/www.buroperiodistico.com.mx\/?p=5724","title":{"rendered":"SST inicia semana con 73 nuevos casos de Covid-19"},"content":{"rendered":"<p><em><strong>CIUDAD VICTORIA, TAMAULIPAS.-<\/strong><\/em> Tamaulipas registr\u00f3\u00a0 73 positivos a COVID-19 y 4 fallecimientos asociados a complicaciones graves\u00a0 por el virus, inform\u00f3 en su reporte de este lunes la Secretar\u00eda de Salud.<\/p>\n<p>La dependencia detall\u00f3 que el estado se mantiene en sem\u00e1foro epidemiol\u00f3gico color verde, sin embargo reiter\u00f3 su llamado a no relajar las medidas de seguridad sanitaria ya conocidas como el uso del cubrebocas en todos los espacios p\u00fablicos, la higiene de manos y la sana distancia.<\/p>\n<p>Sugiri\u00f3 no exponer a los m\u00e1s vulnerables a un contagio, evitar salidas no esenciales, limitar el contacto social, ventilar todas las \u00e1reas de la casa, desinfectar objetos y superficies de uso com\u00fan, completar el esquema de vacunaci\u00f3n anticovid y aplicarse la dosis de refuerzo para disminuir\u00a0 casos, hospitalizaciones y fallecimientos.<\/p>\n<p><img loading=\"lazy\" decoding=\"async\" class=\"size-full wp-image-5725 aligncenter\" src=\"https:\/\/www.buroperiodistico.com.mx\/wp-content\/uploads\/2022\/03\/sst-8.jpg\" alt=\"\" width=\"1110\" height=\"600\" srcset=\"https:\/\/www.buroperiodistico.com.mx\/wp-content\/uploads\/2022\/03\/sst-8.jpg 1110w, https:\/\/www.buroperiodistico.com.mx\/wp-content\/uploads\/2022\/03\/sst-8-300x162.jpg 300w, https:\/\/www.buroperiodistico.com.mx\/wp-content\/uploads\/2022\/03\/sst-8-1024x554.jpg 1024w, https:\/\/www.buroperiodistico.com.mx\/wp-content\/uploads\/2022\/03\/sst-8-768x415.jpg 768w\" sizes=\"auto, (max-width: 1110px) 100vw, 1110px\" \/><\/p>\n","protected":false},"excerpt":{"rendered":"<p>CIUDAD VICTORIA, TAMAULIPAS.- Tamaulipas registr\u00f3\u00a0 73 positivos a COVID-19 y 4 fallecimientos asociados a complicaciones&#8230;<\/p>\n","protected":false},"author":1,"featured_media":5725,"comment_status":"open","ping_status":"open","sticky":false,"template":"","format":"standard","meta":{"footnotes":"","jetpack_publicize_message":"","jetpack_publicize_feature_enabled":true,"jetpack_social_post_already_shared":false,"jetpack_social_options":{"image_generator_settings":{"template":"highway","default_image_id":0,"font":"","enabled":false},"version":2}},"categories":[25,10],"tags":[],"class_list":["post-5724","post","type-post","status-publish","format-standard","has-post-thumbnail","hentry","category-portada","category-tamaulipas"],"jetpack_publicize_connections":[],"_links":{"self":[{"href":"https:\/\/www.buroperiodistico.com.mx\/index.php?rest_route=\/wp\/v2\/posts\/5724","targetHints":{"allow":["GET"]}}],"collection":[{"href":"https:\/\/www.buroperiodistico.com.mx\/index.php?rest_route=\/wp\/v2\/posts"}],"about":[{"href":"https:\/\/www.buroperiodistico.com.mx\/index.php?rest_route=\/wp\/v2\/types\/post"}],"author":[{"embeddable":true,"href":"https:\/\/www.buroperiodistico.com.mx\/index.php?rest_route=\/wp\/v2\/users\/1"}],"replies":[{"embeddable":true,"href":"https:\/\/www.buroperiodistico.com.mx\/index.php?rest_route=%2Fwp%2Fv2%2Fcomments&post=5724"}],"version-history":[{"count":0,"href":"https:\/\/www.buroperiodistico.com.mx\/index.php?rest_route=\/wp\/v2\/posts\/5724\/revisions"}],"wp:featuredmedia":[{"embeddable":true,"href":"https:\/\/www.buroperiodistico.com.mx\/index.php?rest_route=\/wp\/v2\/media\/5725"}],"wp:attachment":[{"href":"https:\/\/www.buroperiodistico.com.mx\/index.php?rest_route=%2Fwp%2Fv2%2Fmedia&parent=5724"}],"wp:term":[{"taxonomy":"category","embeddable":true,"href":"https:\/\/www.buroperiodistico.com.mx\/index.php?rest_route=%2Fwp%2Fv2%2Fcategories&post=5724"},{"taxonomy":"post_tag","embeddable":true,"href":"https:\/\/www.buroperiodistico.com.mx\/index.php?rest_route=%2Fwp%2Fv2%2Ftags&post=5724"}],"curies":[{"name":"wp","href":"https:\/\/api.w.org\/{rel}","templated":true}]}}