{"id":5722,"date":"2022-03-14T18:50:05","date_gmt":"2022-03-15T00:50:05","guid":{"rendered":"https:\/\/www.buroperiodistico.com.mx\/?p=5722"},"modified":"2022-03-14T18:50:05","modified_gmt":"2022-03-15T00:50:05","slug":"en-concreto-por-angel-a-guerra-44","status":"publish","type":"post","link":"https:\/\/www.buroperiodistico.com.mx\/?p=5722","title":{"rendered":"EN CONCRETO\/ Por: \u00c1ngel A. Guerra"},"content":{"rendered":"<p style=\"text-align: center;\"><strong><em>Carlos Pe\u00f1a: \u2018Sue\u00f1o un Reynosa de paz\u2019<\/em><\/strong><\/p>\n<ul>\n<li><strong><em>Senador Faustino L\u00f3pez: \u2018Reynosa, base de la 4T\u2019<\/em><\/strong><\/li>\n<li><strong><em>Reynosa, motor de Transformaci\u00f3n en Tamaulipas<\/em><\/strong><\/li>\n<li><strong><em>Encuestas confirman: Am\u00e9rico, 44.8%; \u2018Truko\u2019 31.4<\/em><\/strong><\/li>\n<li><strong><em>Diputados de Morena \u2018acalambran\u2019 a gobernador CV<\/em><\/strong><\/li>\n<li><strong><em>Cabeza viola Ley electoral y desaf\u00eda al INE y IETAM<\/em><\/strong><\/li>\n<\/ul>\n<p>Al asistir como invitado especial a los festejos del 273 Aniversario de la Fundaci\u00f3n de Reynosa, el senador FAUSTINO L\u00d3PEZ VARGAS afirm\u00f3 que la consolidaci\u00f3n de esta ciudad fronteriza en el desarrollo econ\u00f3mico, pol\u00edtico y social, sienta las bases de la Cuarta Transformaci\u00f3n en Tamaulipas, al tiempo de reconocer el esfuerzo del presidente municipal morenista CARLOS PE\u00d1A ORT\u00cdZ, \u201cquien est\u00e1 empe\u00f1ado en seguir construyendo un futuro m\u00e1s promisorio y con mejores expectativas sociales\u201d.<\/p>\n<p>\u201cReynosa llega a su 273 aniversario con un avance importante en el desarrollo del sector econ\u00f3mico, pol\u00edtico y social que logr\u00f3 consolidar en los \u00faltimos a\u00f1os, y ha iniciado el trabajo para sentar la base de la \u00a0Cuarta Transformaci\u00f3n de Tamaulipas\u201d, refrend\u00f3 el Senador ayer por la ma\u00f1ana, al acompa\u00f1ar en la ceremonia conmemorativa al aniversario de la ciudad al presidente municipal, CARLOS V\u00cdCTOR PE\u00d1A ORTIZ.<\/p>\n<p>Euf\u00f3rico, el legislador expres\u00f3:<\/p>\n<p>\u201cMis felicitaciones al pueblo reynosense y mis mejores parabienes para su gobierno, que est\u00e1 empe\u00f1ado en seguir construyendo un futuro m\u00e1s promisorio y con mejores expectativas, escuchando al pueblo y trabajando por los que menos tienen, lo digo as\u00ed, ante ustedes los medios de comunicaci\u00f3n desde la frontera norte tamaulipeca y desde donde inicia la fortaleza de esta entidad para enfrentar tiempos de reto, teniendo como meta alcanzar mejores condiciones del buen vivir\u201d.<\/p>\n<p>El senador sostuvo di\u00e1logo con el alcalde CARLOS PE\u00d1A ORTIZ, agradeciendo su invitaci\u00f3n para estar presente con el pueblo de Reynosa, reiterando su compromiso de ayudar desde el Senado, legislando, para avanzar en un estado m\u00e1s democr\u00e1tico y con mejores pol\u00edticas para el desarrollo.<\/p>\n<p>Dijo que el alcalde de Reynosa hoy tiene esa gran oportunidad de cumplir con el compromiso con su pueblo y de trabajar para sentar las bases de la transformaci\u00f3n \u201cy estamos seguros que as\u00ed lo habr\u00e1 de cumplir\u201d.<\/p>\n<p style=\"text-align: center;\"><strong><em>CARLOS PE\u00d1A ENCABEZA EL 273 <\/em><em>ANIVERSARIO DE LA CIUDAD<\/em><\/strong><\/p>\n<p>Por asociaci\u00f3n tem\u00e1tica deje compartirle que el Presidente Municipal de Reynosa, CARLOS PE\u00d1A ORTIZ, conmemor\u00f3 el 273 Aniversario de la Fundaci\u00f3n de la ciudad, en el poblado en el cual el Capit\u00e1n Don Carlos Cant\u00fa, el 14 de marzo de 1749, por indicaciones de Don Jos\u00e9 de Escand\u00f3n y Helguera, estableciera las ra\u00edces de esta noble y productiva tierra de hombres y mujeres progresistas.<\/p>\n<p>El Alcalde dio la bienvenida a los asistentes y destac\u00f3 que los liderazgos \u00abson parte fundamental para construir una sociedad m\u00e1s fuerte, m\u00e1s duradera y que nos ayuda a poder saber qu\u00e9 necesitamos hacer en materia de pol\u00edtica p\u00fablica para construir un Reynosa de paz, de oportunidades dignas de educaci\u00f3n y salud de calidad\u00bb.<\/p>\n<p>&#8216;Sue\u00f1o en un Reynosa en el que podamos decir que somos de primer mundo, donde haya paz; los invito para que desde aqu\u00ed, donde empieza la patria y celebramos nuestro aniversario podamos construir el M\u00e9xico que queremos. \u00a1Que viva M\u00e9xico, que viva Tamaulipas, que viva Reynosa!\u00bb<\/p>\n<p>Los festejos dieron inicio este 14 de marzo con la entonaci\u00f3n del Himno Nacional y los Honores a la Bandera, en congregaci\u00f3n Reynosa D\u00edaz, lugar donde se mont\u00f3 guardia de honor ante el busto de Don Jos\u00e9 de Escand\u00f3n y Helguera, los asistentes pudieron conocer la historia de la fundaci\u00f3n de Reynosa y disfrutar de la m\u00fasica y bailes norte\u00f1os, en la interpretaci\u00f3n de los artistas del IRCA.<\/p>\n<p>Acompa\u00f1ando al Presidente CARLOS PE\u00d1A, el Presidente del Patronato del Sistema DIF, CARLOS PE\u00d1A GARZA; la Alcaldesa de D\u00edaz Ordaz, NATALY GARC\u00cdA D\u00cdAZ; el Senador, FAUSTINO L\u00d3PEZ VARGAS; funcionarios municipales, integrantes del Cabildo, autoridades militares y familias descendientes de los fundadores.<\/p>\n<p>As\u00ed mismo participaron la Reina de las Fiestas de Aniversario, YATZIRI OMECALI CAMPOS ARELLANO; la l\u00edder de la comunidad, JUANITA GUTI\u00c9RREZ GARC\u00cdA; Diputados Locales, CASANDRA DE LOS SANTOS FLORES, MAGALY DEANDAR, HUMBERTO PRIETO HERRERA, JUAN OVIDIO GARC\u00cdA GARC\u00cdA\u00a0 MARCO ANTONIO GALLEGOS GALV\u00c1N, entre otros; el Srio. de Organizaci\u00f3n II del SNTE, JORGE GUADALUPE ACU\u00d1A TOB\u00cdAS y MART\u00cdN SALINAS, Cronista de la ciudad.<\/p>\n<p style=\"text-align: center;\"><strong><em>DESAZOLVE DE DRENES, PARA <\/em><em>PROTEGER A LOS MATAMORENSES<\/em><\/strong><\/p>\n<p>Mientras que en Matamoros, con los trabajos de desazolve y limpieza de drenes que realiza el Ayuntamiento, se protege la salud de los ciudadanos, toda vez que los cauces estaban convertidos en verdaderos focos de infecci\u00f3n.<\/p>\n<p>La limpieza de drenes permitir\u00e1 adem\u00e1s, que en temporadas de lluvias se desfogue con mayor rapidez el agua que se acumula en las colonias consideradas como bajas, protegiendo con ello, la integridad f\u00edsica y patrimonial de los matamorenses.<\/p>\n<p>Los trabajos que se realizan en el Dren Emisor que cruza las colonias: Obrera, Fraccionamiento Jes\u00fas\u00a0 Urquiza, Valle del Magisterio, Hacienda del Puente, del Golfo, entre otras, representan un gran beneficio para los habitantes de esos sectores.<\/p>\n<p>Lo anterior en virtud de que el citado cauce, al igual que todos los drenes que se encuentran en la ciudad, est\u00e1n completamente llenos de maleza y basura, motivo por el cual, el Municipio de Matamoros trabaja en su atenci\u00f3n para proteger la salud de los ciudadanos.<\/p>\n<p>Las acciones de limpieza registran tambi\u00e9n gran avance en el Dren 20 de Noviembre que cruza las colonias: Trevi\u00f1o Zapata, Jos\u00e9 Mar\u00eda Morelos, Popular, Infonavit Los \u00c1ngeles, Independencia, Nogalar, Las Bermudas, San Manuel, Derechos Humanos y Comunicadores.<\/p>\n<p style=\"text-align: center;\"><strong><em>NLD: AVANZA REHABILITACI\u00d3N <\/em><em>DEL RASTRO MUNICIPAL<\/em><\/strong><\/p>\n<p>De otro lado, el Gobierno de Nuevo Laredo contin\u00faa con las adecuaciones en el Rastro Municipal y actualmente se encuentra trabajando en la restauraci\u00f3n\u00a0 de la barda perimetral norponiente\u00a0 que fue da\u00f1ada por la tormenta de mayo del 2021.<\/p>\n<p>Esta obra que forma parte del Plan de Obra P\u00fablica 2022 donde se invertir\u00e1n alrededor de 3 millones de pesos, presenta un gran avance y servir\u00e1 para darle una mayor seguridad a trabajadores y usuarios de las instalaciones.<\/p>\n<p>\u201cHa habido un gran avance en la restauraci\u00f3n, de esta manera se trabajar\u00e1 mejor y es un beneficio seguridad para los mismos trabajadores, adem\u00e1s de ofrecer a los ciudadanos mejor calidad\u201d, se\u00f1al\u00f3 Pedro Contreras Moreno, Jefe del Rastro Municipal.<\/p>\n<p>Dentro del Plan de Obra P\u00fablica igualmente est\u00e1 considerado la construcci\u00f3n de la techumbre del \u00e1rea de sacrificio de cabritos; as\u00ed como la techumbre del \u00e1rea de corrales de turno.<\/p>\n<p>Tambi\u00e9n se reconstruyeron los corrales y el and\u00e9n de arreo; adem\u00e1s a los trabajadores de la dependencia municipal se les dar\u00e1 el equipo necesario como cascos, botas, pecheras, cuchillos y chairas, con los que no contaban para trabajar correctamente desde hace seis a\u00f1os.<\/p>\n<p>As\u00ed mismo, Contreras Moreno mencion\u00f3 que el Rastro Municipal cuenta con 9 empleados operativos, por lo que en conjunto con la bolsa de empleo de la administraci\u00f3n, buscar\u00e1n la contrataci\u00f3n de m\u00e1s personal.<\/p>\n<p>Por \u00faltimo, mencion\u00f3 que se presentar\u00e1 una disminuci\u00f3n en el sacrificio de animales debido al bajo consumo por parte de la ciudadan\u00eda en d\u00edas de Cuaresma quienes no acostumbran a comer carnes rojas, sin embargo la dependencia continuar\u00e1 trabajando de la misma manera atendiendo a la ciudadan\u00eda.<\/p>\n<p style=\"text-align: center;\"><strong><em>AM\u00c9RICO 44.8%, \u2018TRUKO\u2019, 31.4; <\/em><em>MORENA SIGUE A LA CABEZA<\/em><\/strong><\/p>\n<p>A prop\u00f3sito de la 4T, una consulta de opini\u00f3n ciudadana realizada por Marketing e Imagen\/Heraldo Media Group, del mes de marzo, refrend\u00f3 todos los pron\u00f3sticos que dan por hecho que el Senador con licencia AM\u00c9RICO VILLARREAL ANAYA, de Morena, se mantiene arriba en las preferencias rumbo a la elecci\u00f3n para gobernador.<\/p>\n<p>De acuerdo a esa medici\u00f3n, el Pre candidato de Morena a Gobernador, Dr. AM\u00c9RICO VILLARREAL ANAYA, registr\u00f3 preferencias de 44.8 por ciento a favor, en tanto que el aspirante de la coalici\u00f3n PAN-PRI-PRD, C\u00c9SAR VER\u00c1TREGUI OSTOS, obtuvo 31.4 por ciento.<\/p>\n<p>En puntos porcentuales, el morenista creci\u00f3, pues en febrero manten\u00eda una ventaja de 8.5 puntos frente al candidato de la Alianza PAN-PRI-PRD, mientras que en marzo la ventaja aumenta de 13.4 puntos.<\/p>\n<p>En segundo lugar se encuentra<strong>\u00a0<\/strong>C\u00c9SAR \u2018El Truco\u2019 VER\u00c1STEGUI,\u00a0con 31.4 por ciento de las preferencias, seguido de ARTURO DIEZ GUTI\u00c9RREZ con 4.8 por ciento en las tendencias, y despu\u00e9s se ubica un eventual candidato independiente, con 4.4 por ciento.<\/p>\n<p>Esto significa, concluy\u00f3 la empres encuestadora Marketing e Imagen\/Heraldo Media Group, que si hoy fueran los comicios para elegir gobernador de Tamaulipas, el triunfador ser\u00eda el abanderado de Morena, Dr. AM\u00c9RICO VILLARREAL ANAYA.<\/p>\n<p style=\"text-align: center;\"><strong><em>LUTO Y DOLOR POR LA MUERTE <\/em><em>DEL PROFR. J. REFUGIO HERN\u00c1NDEZ<\/em><\/strong><\/p>\n<p>Pero como no todo puede ser felicidad, de ciudad Mante nos comparten el doloroso fallecimiento del muy querido profesionista JOS\u00c9 REFUGIO HERN\u00c1NDEZ MART\u00cdNEZ, quien se distingui\u00f3 por ser un Destacado Catedr\u00e1tico, promotor de la educaci\u00f3n media en el estado de Tamaulipas.<\/p>\n<p>El profesor JOS\u00c9 REFUGIO \u201cCuco\u201d HERN\u00c1NDEZ MART\u00cdNEZ, naci\u00f3 en el Ejido Vicente Guerrero, del municipio de Xicot\u00e9ncatl, Tamaulipas, siendo hijo de Don JUAN HERN\u00c1NDEZ SEGURA y ALBINA MART\u00cdNEZ MART\u00cdNEZ.<\/p>\n<p>Curs\u00f3 su primera ense\u00f1anza en la Escuela primaria Ni\u00f1os H\u00e9roes, del mismo Ejido, de 1955 a 1961, y para seguir con su instrucci\u00f3n secundaria tuvo que trasladarse a la Villa de Llera.<\/p>\n<p>En el a\u00f1o de 1964 se traslad\u00f3 a El Mante Tamaulipas, para hacer\u00a0 sus estudios de Bachillerato, en el CECYT No.40<\/p>\n<p>Posteriormente se traslad\u00f3\u00a0 al Puerto de Tampico, donde ingres\u00f3 en el Instituto Tecnol\u00f3gico de Ciudad Madero, donde concluyo sus estudios como Ingeniero Industrial, traslad\u00e1ndose posteriormente a la Ciudad de Monterrey, Nuevo Le\u00f3n, donde ejerci\u00f3 como Ingeniero en la empresa \u2018Fundidora Monterrey\u2019.<\/p>\n<p>En el a\u00f1o de 1974 regres\u00f3 a El Mante para ingresar como Docente de F\u00edsica y Matem\u00e1ticas en la Escuela Secundaria T\u00e9cnica No. 2, donde lleg\u00f3 a ocupar el cargo de Subdirector acad\u00e9mico.<\/p>\n<p>Desempe\u00f1\u00e1ndose posteriormente como Director de la escuela Secundaria T\u00e9cnica\u00a0 No. 38\u00a0 de Xicot\u00e9ncatl; Director del CETIS No.22 de Tampico; Director del CBTIS No. 209 de ciudad Gonz\u00e1lez, en los a\u00f1os 1986 y 1987; Docente de Matem\u00e1ticas en los CBTIS 209 de Gonz\u00e1lez, y CBTIS No.15 de El Mante.<\/p>\n<p>Tambi\u00e9n se desempe\u00f1\u00f3 como responsable del IETAM en El Mante y asumi\u00f3 la Presidencia de los Jubilados de la SEP en El Mante.<\/p>\n<p>Contrajo matrimonio con la Se\u00f1ora EVA MENDOZA, con quien procre\u00f3 seis hijos: JOS\u00c9 REFUGIO, ABIEL, ISAEL, ELIZABETH, JACIEL Y EMMANUEL.<\/p>\n<p>Ayer, al despedirlo en sus funerales, sus familiares y amigos del centro y sur de Tamaulipas, lamentaron la p\u00e9rdida de tan ejemplar ciudadano, docente, hermano, marido, amigo, pues en vida aport\u00f3 lo mejor de s\u00ed para la sociedad en la que se desenvolvi\u00f3.<\/p>\n<p>Este espacio se une tambi\u00e9n al dolor que embarga a todos los familiares y amigos del Profesor JOS\u00c9 REFUGIO HERN\u00c1NDEZ MART\u00cdNEZ, a quien el Todopoderoso recibi\u00f3 ya en su Santa Gloria.<\/p>\n<p>En Paz Descanse.<\/p>\n<p style=\"text-align: center;\"><strong><em>DIPUTADOS DE MORENA <\/em><em>\u2018ACALAMBRAN`AL GOBERNADOR CV<\/em><\/strong><\/p>\n<p>Antes de que se me pase, deje decirle que diputados de Morena encabezados por MAGALY DE\u00c1NDAR ROBINSON, CASSANDRA DE LOS SANTOS, HUMBERTO PRIETO HERRERA y MARCOS GALLEGOS, provocaron que el gobernador FRANCISCO N tirara tama\u00f1o reparo poco antes de iniciar la farsa de su VI Informe en Reynosa, al espantarse creyendo que los legisladores de Morena interpelar\u00edan su comparecencia.<\/p>\n<p>MAGALY DE\u00c1NDAR pidi\u00f3 el gobernador que \u201cdeje de mentir sistem\u00e1ticamente\u201d y afirm\u00f3 que el gobernador FRANCISCO N est\u00e1 haciendo uso de recursos p\u00fablicos y sostuvo que el Tamaulipas en el que vivimos difiere mucho del que \u00e9l cont\u00f3 en su \u201cinforme\u201d.<\/p>\n<p>MAGALY se quej\u00f3 de que el gobernador los corri\u00f3 personalmente del recinto donde \u201cinformar\u00eda\u201d, bajo el argumento de que su comparecencia era un tema privado, pero en realidad a lo que CABEZA ten\u00eda miedo es que los diputados interrumpieran su perorata para protestar por las falsedades en que incurr\u00eda.<\/p>\n<p>\u201cDeje de mentir sistem\u00e1ticamente, no hay nada que informar, el Tamaulipas en el que vivimos difiere mucho del que usted nos quiere contar\u201d, declar\u00f3 la valerosa legisladora, hija del Editor Leyenda del noreste de la rep\u00fablica, Don HERIBERO DE\u00c1NDAR MART\u00cdNEZ, quien ha sido uno de los m\u00e1s celosos defensores de los intereses colectivos de los reynosenses.<\/p>\n<p>Por cierto, el dizque VI Informe no fue sino la quema de incienso en un fastuoso culto a la personalidad de un gobernador fallido, con orden de aprehensi\u00f3n y considerado presunto responsable de los delitos de delincuencia organizada, uso de recursos de procedencia il\u00edcita y defraudaci\u00f3n fiscal equiparada, por lo que la costos\u00edsima ceremonia, realizada en el Holiday Inn zona dorada, no fue sino otra inexplicable tarascada a los impuestos de los tamaulipecos.<\/p>\n<p>Adem\u00e1s, el gobernador FRANCISO N. Hizo que muchos tamaulipecos gastaran en costosos traslados solo para escuchar sus tonter\u00edas, en un acto electorero que tiene toda la intenci\u00f3n de posicionar a su partido, el PAN, al que ha arrastrado en su ca\u00edda.<\/p>\n<p>Con este \u201cevento de relumbr\u00f3n\u201d, CABEZA infringe la Ley electoral con la complacencia de su partido y en franco desacato a lo que establece el C\u00f3digo electoral, a menos de 100 d\u00edas de la elecci\u00f3n para, por fin, echarlo del poder.<\/p>\n<p style=\"text-align: center;\"><strong><em>ABOGADOS ARMAN FRENTE <\/em><em>PARA DEFENDER VOTO DE MORENA<\/em><\/strong><\/p>\n<p>Por otro lado y con e prop\u00f3sito de defender por la v\u00eda legal el voto de Morena y la 4T, las Barras y Colegios de abogados de Tamaulipas, acordaron asesorar y orientar a los ciudadanos que participar\u00e1n en la jornada electoral del 5 de junio pr\u00f3ximo.<\/p>\n<p>\u201cAnte las amenazas por que est\u00e1 recibiendo la poblaci\u00f3n por parte del gobierno, los abogados de Tamaulipas han decidido sumarse a esta lucha por la democracia\u201d, dijeron.<\/p>\n<p>Coincidieron que los \u00f3rganos electorales como el IETAM y el INE en Tamaulipas, est\u00e1n asumiendo un rol parcial y tendencioso, y eso deja en la indefensi\u00f3n a Morena, sus aliados y a los ciudadanos, por eso decidieron formar un frente legal y jur\u00eddico para defender el sufragio popular.<\/p>\n<p>\u201cNosotros como abogados tenemos el compromiso de ejercer nuestra profesi\u00f3n de la manera m\u00e1s clara en esta nueva etapa pol\u00edtica, para desterrar la impunidad y asegurar el respeto del Estado de Derecho\u201d, Agregaron.<\/p>\n<p>Entre los abogados destacan, ARELY GONZ\u00c1LEZ GARC\u00cdA, ALEJANDRO GALLEGOS, AM\u00c9RICO L\u00d3PEZ GARZA, FRANCISCO JAVIER BANDA AGUILAR, JACINTO HERRERA HERRERA, EMANUEL DELGADO MORALES, MARCO ANTONIO CARRILLO REYNA, YADIRA CEPEDA SOSA, JUAN ENRIQUE RODR\u00cdGUEZ IBARRA.<\/p>\n<p>Tambi\u00e9n se sumaron a este proyecto por la democracia, los abogados ARMANDO CEPEDA SOSA, CECILIO GATICA GARC\u00cdA, ALEJANDRO LUMBRERAS CEDILLO, CESAR MORALES, RODOLFO COMPEAN IZAGUIRRE, LEONARDO PUENTE TOVAR, MANUEL RODR\u00cdGUEZ CERVANTES, CARLOS OLAZARAN MART\u00cdNEZ, OLGA LIDIA DE LA CRUZ HERN\u00c1NDEZ, SIM\u00d3N BLANCO PACHECO, AGUST\u00cdN \u00c1VILA JIM\u00c9NEZ, GILBERTO AVAL\u00daOS MART\u00cdNEZ y C\u00c9SAR JIM\u00c9NEZ entre otros.<\/p>\n<p>\u201cTamaulipas tiene muchos desaf\u00edos y cuenta con nosotros para asegurar el respeto al Estado de derecho\u201d, finalizaron.<\/p>\n<p style=\"text-align: center;\"><strong><em>\u2018EN C\u00c9SAR VER\u00c1STEGUI <\/em><em>HEMOS ENCONTRADO RESPALDO\u2019<\/em><\/strong><\/p>\n<p>En otro tema y por el fuerte respaldo y compromiso con la gente, que siempre han encontrado de parte de CESAR VER\u00c1STEGUI, los gestores sociales \u00a0decidieron sumarse al proyecto que \u00e9ste representa, afirm\u00f3 HEIDI ESTRADA, quien ha dedicado gran parte de su vida a la gestor\u00eda social.<\/p>\n<p>\u201cNos estamos sumando al Truko, de nuestro amigo, sabemos que es una persona de confianza, muy comprometida con los victorenses, con los tamaulipecos, m\u00e1s que nada porque es gente de nuestro estado, y con \u00e9l vamos con todo por el bienestar\u201d, dijo.<\/p>\n<p>Destac\u00f3 que con Truko siempre han encontrado las puertas abiertas y les ha brindado toda la atenci\u00f3n para solventar las necesidades de la gente; en este contexto mencion\u00f3 que quieren seguir trabajando con quien ha mostrado su preocupaci\u00f3n por el bienestar de los ciudadanos y el progreso de la entidad, \u201clo sentimos muy comprometido con el proyecto y pues vamos a darle con todo el apoyo a nuestro amigo\u201d, afirm\u00f3 HEIDI ESTRADA.<\/p>\n<p style=\"text-align: center;\"><strong><em>CONCLUYE UAT EN TAMPICO EVENTOS <\/em><em>DEL D\u00cdA INTERNACIONAL DE LA MUJER<\/em><\/strong><\/p>\n<p>Por \u00faltimo, con la participaci\u00f3n de universitarias de las facultades de Ingenier\u00eda y M\u00fasica del Campus Tampico, la Universidad Aut\u00f3noma de Tamaulipas (UAT) concluy\u00f3 las actividades organizadas con motivo de la conmemoraci\u00f3n del D\u00eda de Internacional de la Mujer.<\/p>\n<p>La Facultad de M\u00fasica y Artes \u00abManuel Barroso Ram\u00edrez\u00bb realiz\u00f3 el programa art\u00edstico denominado Mujer Es Arte, destacando las diferentes disciplinas art\u00edsticas que se imparten en la instituci\u00f3n.<\/p>\n<p>Entre las mujeres que participaron en este evento estuvieron la Mtra. IRYDA IN\u00c9S RODR\u00cdGUEZ PEDRAZA, directora de la Orquesta Femenil del plantel universitario, as\u00ed como la Mtra. BLANCA PULIDO, int\u00e9rprete, bailadora, compositora y reconocida representante de la m\u00fasica de huapango en la regi\u00f3n.<\/p>\n<p>De igual forma participaron la Mtra. RUTH MEDINA ARMENTA, bailarina y core\u00f3grafa profesional; ANA VICTORIA LOZANO LEYVA, integrante del cuarteto Elgar Dise\u00f1o Musical; JOHANA ALMAZ\u00c1N PAZ, destacada instrumentista en viol\u00edn; ILIANA JIM\u00c9NEZ ARMEND\u00c1RIZ, int\u00e9rprete del g\u00e9nero popular y, para cerrar el programa, se present\u00f3 Tempus Quartet Violines.<\/p>\n<p>En el evento se cont\u00f3 con la presencia de la C. P. IMELDA SUSTAITA SALAZAR, miembro honorario del equipo UAT U-NIDO; la Mtra. NORMA LAURA BARRIENTOS VILLANUEVA, Directora de la Facultad de M\u00fasica y Artes; la Mtra. ELDA RUTH DE LOS REYES VILLARREAL, Directora interina de la Facultad de Derecho y Ciencias Sociales; la Mtra. SOCORRO RANGEL TORRES, Directora de la Facultad de Enfermer\u00eda Tampico, y otras distinguidas mujeres universitarias.<\/p>\n<p>Por hoy es todo, nos leemos ma\u00f1ana.<\/p>\n","protected":false},"excerpt":{"rendered":"<p>Carlos Pe\u00f1a: \u2018Sue\u00f1o un Reynosa de paz\u2019 Senador Faustino L\u00f3pez: \u2018Reynosa, base de la 4T\u2019&#8230;<\/p>\n","protected":false},"author":1,"featured_media":168,"comment_status":"open","ping_status":"open","sticky":false,"template":"","format":"standard","meta":{"footnotes":"","jetpack_publicize_message":"","jetpack_publicize_feature_enabled":true,"jetpack_social_post_already_shared":false,"jetpack_social_options":{"image_generator_settings":{"template":"highway","default_image_id":0,"font":"","enabled":false},"version":2}},"categories":[23],"tags":[],"class_list":["post-5722","post","type-post","status-publish","format-standard","has-post-thumbnail","hentry","category-columnas"],"jetpack_publicize_connections":[],"_links":{"self":[{"href":"https:\/\/www.buroperiodistico.com.mx\/index.php?rest_route=\/wp\/v2\/posts\/5722","targetHints":{"allow":["GET"]}}],"collection":[{"href":"https:\/\/www.buroperiodistico.com.mx\/index.php?rest_route=\/wp\/v2\/posts"}],"about":[{"href":"https:\/\/www.buroperiodistico.com.mx\/index.php?rest_route=\/wp\/v2\/types\/post"}],"author":[{"embeddable":true,"href":"https:\/\/www.buroperiodistico.com.mx\/index.php?rest_route=\/wp\/v2\/users\/1"}],"replies":[{"embeddable":true,"href":"https:\/\/www.buroperiodistico.com.mx\/index.php?rest_route=%2Fwp%2Fv2%2Fcomments&post=5722"}],"version-history":[{"count":0,"href":"https:\/\/www.buroperiodistico.com.mx\/index.php?rest_route=\/wp\/v2\/posts\/5722\/revisions"}],"wp:featuredmedia":[{"embeddable":true,"href":"https:\/\/www.buroperiodistico.com.mx\/index.php?rest_route=\/wp\/v2\/media\/168"}],"wp:attachment":[{"href":"https:\/\/www.buroperiodistico.com.mx\/index.php?rest_route=%2Fwp%2Fv2%2Fmedia&parent=5722"}],"wp:term":[{"taxonomy":"category","embeddable":true,"href":"https:\/\/www.buroperiodistico.com.mx\/index.php?rest_route=%2Fwp%2Fv2%2Fcategories&post=5722"},{"taxonomy":"post_tag","embeddable":true,"href":"https:\/\/www.buroperiodistico.com.mx\/index.php?rest_route=%2Fwp%2Fv2%2Ftags&post=5722"}],"curies":[{"name":"wp","href":"https:\/\/api.w.org\/{rel}","templated":true}]}}