{"id":5717,"date":"2022-03-14T18:02:50","date_gmt":"2022-03-15T00:02:50","guid":{"rendered":"https:\/\/www.buroperiodistico.com.mx\/?p=5717"},"modified":"2022-03-14T18:02:50","modified_gmt":"2022-03-15T00:02:50","slug":"concluye-uat-en-tampico-eventos-del-dia-internacional-de-la-mujer","status":"publish","type":"post","link":"https:\/\/www.buroperiodistico.com.mx\/?p=5717","title":{"rendered":"Concluye UAT en Tampico eventos del D\u00eda Internacional de la Mujer"},"content":{"rendered":"<p><em><strong><img loading=\"lazy\" decoding=\"async\" class=\"alignright  wp-image-5718\" src=\"https:\/\/www.buroperiodistico.com.mx\/wp-content\/uploads\/2022\/03\/UATW.jpg\" alt=\"\" width=\"480\" height=\"278\" srcset=\"https:\/\/www.buroperiodistico.com.mx\/wp-content\/uploads\/2022\/03\/UATW.jpg 1024w, https:\/\/www.buroperiodistico.com.mx\/wp-content\/uploads\/2022\/03\/UATW-300x174.jpg 300w, https:\/\/www.buroperiodistico.com.mx\/wp-content\/uploads\/2022\/03\/UATW-768x445.jpg 768w\" sizes=\"auto, (max-width: 480px) 100vw, 480px\" \/>Ciudad Victoria, Tam.-<\/strong><\/em> Con la participaci\u00f3n de universitarias de las facultades de Ingenier\u00eda y M\u00fasica del Campus Tampico, la Universidad Aut\u00f3noma de Tamaulipas (UAT) concluy\u00f3 las actividades organizadas con motivo de la conmemoraci\u00f3n del D\u00eda de Internacional de la Mujer.<\/p>\n<p>La Facultad de M\u00fasica y Artes \u00abManuel Barroso Ram\u00edrez\u00bb realiz\u00f3 el programa art\u00edstico denominado Mujer Es Arte, destacando las diferentes disciplinas art\u00edsticas que se imparten en la instituci\u00f3n.<\/p>\n<p>Entre las mujeres que participaron en este evento estuvieron la Mtra. Iryda In\u00e9s Rodr\u00edguez Pedraza, directora de la Orquesta Femenil del plantel universitario, as\u00ed como la Mtra. Blanca Pulido, int\u00e9rprete, bailadora, compositora y reconocida representante de la m\u00fasica de huapango en la regi\u00f3n.<\/p>\n<p>De igual forma participaron la Mtra. Ruth Medina Armenta, bailarina y core\u00f3grafa profesional; Ana Victoria Lozano Leyva, integrante del cuarteto Elgar Dise\u00f1o Musical; Johana Almaz\u00e1n Paz, destacada instrumentista en viol\u00edn; Iliana Jim\u00e9nez Armend\u00e1riz, int\u00e9rprete del g\u00e9nero popular y, para cerrar el programa, se present\u00f3 Tempus Quartet Violines.<\/p>\n<p>En el evento se cont\u00f3 con la presencia de la C. P. Imelda Sustaita Salazar, miembro honorario del equipo UAT U-NIDO; la Mtra. Norma Laura Barrientos Villanueva, Directora de la Facultad de M\u00fasica y Artes; la Mtra. Elda Ruth de los Reyes Villarreal, Directora interina de la Facultad de Derecho y Ciencias Sociales; la Mtra. Socorro Rangel Torres, Directora de la Facultad de Enfermer\u00eda Tampico, y otras distinguidas mujeres universitarias.<\/p>\n<p style=\"text-align: center;\"><strong>Panel y conferencias de mujeres en la ingenier\u00eda<\/strong><\/p>\n<p>Para culminar las actividades en el Centro Universitario Sur, la Facultad de Ingenier\u00eda \u00abArturo Narro Siller\u00bb celebr\u00f3 el evento Ingenier\u00eda es Mujer, con la presentaci\u00f3n de la conferencia magistral \u00abLiderazgo, equidad y responsabilidad a los grandes retos de la mujer\u00bb, que imparti\u00f3 la Mtra. Maricela Gastel\u00fa Userralde en el Centro de Excelencia.<\/p>\n<p>En este contexto se desarroll\u00f3 tambi\u00e9n un panel de docentes universitarias, con las participaciones de la Dra. Esperanza Mart\u00ednez Cano en el tema \u00abParadigmas y retos de la mujer en la ingenier\u00eda\u201d; la C. P. Mar\u00eda de Monserrat Valdez Silva, que expuso \u00abEl camino a la igualdad de g\u00e9nero y empoderamiento de la mujer en la ingenier\u00eda\u00bb; y la Dra. Elizabeth Mayer Granados, que dio el tema \u00abEl emprendimiento femenino\u201d.<\/p>\n<p>Con un reconocimiento a las mujeres ingenieras por sus destacados logros en el campo de trabajo, el evento conmemorativo fue presidido por la C. P. Imelda Sustaita Salazar, miembro honorario del equipo UAT U-NIDO; y el Ing. Ricardo Tob\u00edas Jaramillo, Director de la Facultad de Ingenier\u00eda, con la asistencia de integrantes de la comunidad universitaria de la UAT en la zona sur.<\/p>\n","protected":false},"excerpt":{"rendered":"<p>Ciudad Victoria, Tam.- Con la participaci\u00f3n de universitarias de las facultades de Ingenier\u00eda y M\u00fasica&#8230;<\/p>\n","protected":false},"author":1,"featured_media":5718,"comment_status":"open","ping_status":"open","sticky":false,"template":"","format":"standard","meta":{"footnotes":"","jetpack_publicize_message":"","jetpack_publicize_feature_enabled":true,"jetpack_social_post_already_shared":false,"jetpack_social_options":{"image_generator_settings":{"template":"highway","default_image_id":0,"font":"","enabled":false},"version":2}},"categories":[17,25],"tags":[],"class_list":["post-5717","post","type-post","status-publish","format-standard","has-post-thumbnail","hentry","category-ciudadvictoria","category-portada"],"jetpack_publicize_connections":[],"_links":{"self":[{"href":"https:\/\/www.buroperiodistico.com.mx\/index.php?rest_route=\/wp\/v2\/posts\/5717","targetHints":{"allow":["GET"]}}],"collection":[{"href":"https:\/\/www.buroperiodistico.com.mx\/index.php?rest_route=\/wp\/v2\/posts"}],"about":[{"href":"https:\/\/www.buroperiodistico.com.mx\/index.php?rest_route=\/wp\/v2\/types\/post"}],"author":[{"embeddable":true,"href":"https:\/\/www.buroperiodistico.com.mx\/index.php?rest_route=\/wp\/v2\/users\/1"}],"replies":[{"embeddable":true,"href":"https:\/\/www.buroperiodistico.com.mx\/index.php?rest_route=%2Fwp%2Fv2%2Fcomments&post=5717"}],"version-history":[{"count":0,"href":"https:\/\/www.buroperiodistico.com.mx\/index.php?rest_route=\/wp\/v2\/posts\/5717\/revisions"}],"wp:featuredmedia":[{"embeddable":true,"href":"https:\/\/www.buroperiodistico.com.mx\/index.php?rest_route=\/wp\/v2\/media\/5718"}],"wp:attachment":[{"href":"https:\/\/www.buroperiodistico.com.mx\/index.php?rest_route=%2Fwp%2Fv2%2Fmedia&parent=5717"}],"wp:term":[{"taxonomy":"category","embeddable":true,"href":"https:\/\/www.buroperiodistico.com.mx\/index.php?rest_route=%2Fwp%2Fv2%2Fcategories&post=5717"},{"taxonomy":"post_tag","embeddable":true,"href":"https:\/\/www.buroperiodistico.com.mx\/index.php?rest_route=%2Fwp%2Fv2%2Ftags&post=5717"}],"curies":[{"name":"wp","href":"https:\/\/api.w.org\/{rel}","templated":true}]}}