{"id":5710,"date":"2022-03-14T17:44:53","date_gmt":"2022-03-14T23:44:53","guid":{"rendered":"https:\/\/www.buroperiodistico.com.mx\/?p=5710"},"modified":"2022-03-14T17:44:53","modified_gmt":"2022-03-14T23:44:53","slug":"rescata-inm-a-2-mil-113-personas-migrantes-durante-el-fin-de-semana","status":"publish","type":"post","link":"https:\/\/www.buroperiodistico.com.mx\/?p=5710","title":{"rendered":"Rescata INM a 2 mil 113 personas migrantes durante el fin de semana"},"content":{"rendered":"<ul>\n<li><strong><em>Destaca el auxilio a 122 de origen mexicano que llevaban cinco d\u00edas abandonadas en un rancho; 82 de Cuba hacinadas en la caja seca de un tractocami\u00f3n y 40 de Centroam\u00e9rica transportadas en dos camionetas<\/em><\/strong><\/li>\n<\/ul>\n<p><strong>Ciudad de M\u00e9xico (14-Marzo-2022).-<\/strong> Durante el fin de semana, el Instituto Nacional de Migraci\u00f3n (INM) de la Secretar\u00eda de Gobernaci\u00f3n llev\u00f3 a cabo el rescate de 2 mil 113 personas migrantes originarias de diversas nacionalidades durante su tr\u00e1nsito por territorio nacional hacia la frontera con Estados Unidos.<\/p>\n<p>Entre las acciones emprendidas, destaca la localizaci\u00f3n de 122 de origen mexicano que ten\u00edan cinco d\u00edas abandonadas, sin agua ni alimentos, en el rancho El Chorro, en el estado de Coahuila.<\/p>\n<p>Tambi\u00e9n en esa entidad, en el municipio de Monclova, fueron ubicadas 82 personas migrantes de nacionalidad cubana que eran transportadas en condici\u00f3n de hacinamiento en la caja seca de un tractocami\u00f3n.<\/p>\n<p>De ellas, 70 son personas adultas y 12 menores de edad acompa\u00f1ados que quedaron bajo la tutela del Sistema para el Desarrollo Integral de la Familia (DIF) local.<\/p>\n<p>En tanto, en dos operativos distintos, en los municipios de Tepeaca y de Nopalucan, estado de Puebla, agentes federales del INM ubicaron a 40 personas migrantes originarias de El Salvador, Honduras y Guatemala.<\/p>\n<p>Con apoyo de instancias de seguridad en la entidad, el s\u00e1bado se auxili\u00f3 a las primeras ocho que viajaban en una camioneta de carga sin placas, proveniente de Chiapas, y el domingo a 32 m\u00e1s en una unidad tambi\u00e9n sin placas, con permiso de circulaci\u00f3n de 30 d\u00edas emitido en Oaxaca.<\/p>\n<p>El INM refrenda su compromiso por una migraci\u00f3n segura, ordenada y regular, con pleno respeto y salvaguarda a los derechos de las personas en contexto de movilidad en M\u00e9xico.<\/p>\n","protected":false},"excerpt":{"rendered":"<p>Destaca el auxilio a 122 de origen mexicano que llevaban cinco d\u00edas abandonadas en un&#8230;<\/p>\n","protected":false},"author":1,"featured_media":5154,"comment_status":"open","ping_status":"open","sticky":false,"template":"","format":"standard","meta":{"footnotes":"","jetpack_publicize_message":"","jetpack_publicize_feature_enabled":true,"jetpack_social_post_already_shared":false,"jetpack_social_options":{"image_generator_settings":{"template":"highway","default_image_id":0,"font":"","enabled":false},"version":2}},"categories":[11],"tags":[],"class_list":["post-5710","post","type-post","status-publish","format-standard","has-post-thumbnail","hentry","category-nacional"],"jetpack_publicize_connections":[],"_links":{"self":[{"href":"https:\/\/www.buroperiodistico.com.mx\/index.php?rest_route=\/wp\/v2\/posts\/5710","targetHints":{"allow":["GET"]}}],"collection":[{"href":"https:\/\/www.buroperiodistico.com.mx\/index.php?rest_route=\/wp\/v2\/posts"}],"about":[{"href":"https:\/\/www.buroperiodistico.com.mx\/index.php?rest_route=\/wp\/v2\/types\/post"}],"author":[{"embeddable":true,"href":"https:\/\/www.buroperiodistico.com.mx\/index.php?rest_route=\/wp\/v2\/users\/1"}],"replies":[{"embeddable":true,"href":"https:\/\/www.buroperiodistico.com.mx\/index.php?rest_route=%2Fwp%2Fv2%2Fcomments&post=5710"}],"version-history":[{"count":0,"href":"https:\/\/www.buroperiodistico.com.mx\/index.php?rest_route=\/wp\/v2\/posts\/5710\/revisions"}],"wp:featuredmedia":[{"embeddable":true,"href":"https:\/\/www.buroperiodistico.com.mx\/index.php?rest_route=\/wp\/v2\/media\/5154"}],"wp:attachment":[{"href":"https:\/\/www.buroperiodistico.com.mx\/index.php?rest_route=%2Fwp%2Fv2%2Fmedia&parent=5710"}],"wp:term":[{"taxonomy":"category","embeddable":true,"href":"https:\/\/www.buroperiodistico.com.mx\/index.php?rest_route=%2Fwp%2Fv2%2Fcategories&post=5710"},{"taxonomy":"post_tag","embeddable":true,"href":"https:\/\/www.buroperiodistico.com.mx\/index.php?rest_route=%2Fwp%2Fv2%2Ftags&post=5710"}],"curies":[{"name":"wp","href":"https:\/\/api.w.org\/{rel}","templated":true}]}}