{"id":5642,"date":"2022-03-13T21:07:22","date_gmt":"2022-03-14T03:07:22","guid":{"rendered":"https:\/\/www.buroperiodistico.com.mx\/?p=5642"},"modified":"2022-03-13T21:07:22","modified_gmt":"2022-03-14T03:07:22","slug":"tamaulipas-sumo-127-nuevos-casos-y-6-fallecimientos-por-covid-19","status":"publish","type":"post","link":"https:\/\/www.buroperiodistico.com.mx\/?p=5642","title":{"rendered":"Tamaulipas sum\u00f3 127 nuevos casos y 6 fallecimientos por Covid-19"},"content":{"rendered":"<p><strong><em>Ciudad Victoria, Tamaulipas.-<\/em> <\/strong>Luego de confirmar 127 nuevos casos y 6 fallecimientos durante la jornada de hoy, la Secretar\u00eda de Salud exhort\u00f3 a la poblaci\u00f3n a no bajar la guardia aunque Tamaulipas se encuentre en sem\u00e1foro de riesgo epidemiol\u00f3gico color verde, ya que la emergencia sanitaria contin\u00faa activa.<\/p>\n<p>Reiter\u00f3 su llamado a atender en todo momento, ya sea en el hogar, la escuela, los espacios p\u00fablicos, la calle y los trabajos, las medidas de seguridad sanitaria para disminuir la probabilidad de contagio, complicaciones graves, secuelas o fallecimientos por el virus.<\/p>\n<p>La instituci\u00f3n pidi\u00f3 utilizar cubrebocas, lavarse las manos frecuentemente, mantener la sana distancia, ventilar todas las \u00e1reas de la casa, desinfectar superficies y objetos de uso com\u00fan, completar el esquema de vacunaci\u00f3n anticovid y evitar exponer a los m\u00e1s vulnerables.<\/p>\n","protected":false},"excerpt":{"rendered":"<p>Ciudad Victoria, Tamaulipas.- Luego de confirmar 127 nuevos casos y 6 fallecimientos durante la jornada&#8230;<\/p>\n","protected":false},"author":1,"featured_media":5643,"comment_status":"open","ping_status":"open","sticky":false,"template":"","format":"standard","meta":{"footnotes":"","jetpack_publicize_message":"","jetpack_publicize_feature_enabled":true,"jetpack_social_post_already_shared":false,"jetpack_social_options":{"image_generator_settings":{"template":"highway","default_image_id":0,"font":"","enabled":false},"version":2}},"categories":[25,10],"tags":[],"class_list":["post-5642","post","type-post","status-publish","format-standard","has-post-thumbnail","hentry","category-portada","category-tamaulipas"],"jetpack_publicize_connections":[],"_links":{"self":[{"href":"https:\/\/www.buroperiodistico.com.mx\/index.php?rest_route=\/wp\/v2\/posts\/5642","targetHints":{"allow":["GET"]}}],"collection":[{"href":"https:\/\/www.buroperiodistico.com.mx\/index.php?rest_route=\/wp\/v2\/posts"}],"about":[{"href":"https:\/\/www.buroperiodistico.com.mx\/index.php?rest_route=\/wp\/v2\/types\/post"}],"author":[{"embeddable":true,"href":"https:\/\/www.buroperiodistico.com.mx\/index.php?rest_route=\/wp\/v2\/users\/1"}],"replies":[{"embeddable":true,"href":"https:\/\/www.buroperiodistico.com.mx\/index.php?rest_route=%2Fwp%2Fv2%2Fcomments&post=5642"}],"version-history":[{"count":0,"href":"https:\/\/www.buroperiodistico.com.mx\/index.php?rest_route=\/wp\/v2\/posts\/5642\/revisions"}],"wp:featuredmedia":[{"embeddable":true,"href":"https:\/\/www.buroperiodistico.com.mx\/index.php?rest_route=\/wp\/v2\/media\/5643"}],"wp:attachment":[{"href":"https:\/\/www.buroperiodistico.com.mx\/index.php?rest_route=%2Fwp%2Fv2%2Fmedia&parent=5642"}],"wp:term":[{"taxonomy":"category","embeddable":true,"href":"https:\/\/www.buroperiodistico.com.mx\/index.php?rest_route=%2Fwp%2Fv2%2Fcategories&post=5642"},{"taxonomy":"post_tag","embeddable":true,"href":"https:\/\/www.buroperiodistico.com.mx\/index.php?rest_route=%2Fwp%2Fv2%2Ftags&post=5642"}],"curies":[{"name":"wp","href":"https:\/\/api.w.org\/{rel}","templated":true}]}}