{"id":5474,"date":"2022-03-11T21:54:48","date_gmt":"2022-03-12T03:54:48","guid":{"rendered":"https:\/\/www.buroperiodistico.com.mx\/?p=5474"},"modified":"2022-03-11T21:54:52","modified_gmt":"2022-03-12T03:54:52","slug":"confirma-tamaulipas-177-positivos-y-7-victimas-mortales-por-covid-19","status":"publish","type":"post","link":"https:\/\/www.buroperiodistico.com.mx\/?p=5474","title":{"rendered":"Confirma Tamaulipas 177 positivos y 7 v\u00edctimas mortales por Covid-19"},"content":{"rendered":"<p><em><strong><img loading=\"lazy\" decoding=\"async\" class=\"alignright size-full wp-image-5475\" src=\"https:\/\/www.buroperiodistico.com.mx\/wp-content\/uploads\/2022\/03\/SSTRF-copia.jpg\" alt=\"\" width=\"640\" height=\"416\" srcset=\"https:\/\/www.buroperiodistico.com.mx\/wp-content\/uploads\/2022\/03\/SSTRF-copia.jpg 640w, https:\/\/www.buroperiodistico.com.mx\/wp-content\/uploads\/2022\/03\/SSTRF-copia-300x195.jpg 300w\" sizes=\"auto, (max-width: 640px) 100vw, 640px\" \/>Ciudad Victoria, Tamaulipas (11-Marzo-2022).-<\/strong><\/em> A dos a\u00f1os de ser declarada la pandemia de COVID-19, el riesgo de contagio, de complicaciones graves y fallecimientos contin\u00faa activo, se\u00f1al\u00f3 la Secretar\u00eda de Salud al insistir en su llamado a fortalecer las medidas de prevenci\u00f3n y adaptarse a la nueva realidad \u201cya que la vida cotidiana como la conocemos, no ser\u00e1 la misma por alg\u00fan tiempo\u201d.<\/p>\n<p>Al presentar el reporte diario, la dependencia confirm\u00f3 177 positivos y 7 v\u00edctimas mortales asociadas a comorbilidades y complicaciones graves por el virus, de ah\u00ed la importancia de completar el esquema de vacunaci\u00f3n contra COVID-19 y aplicarse la dosis de refuerzo.<\/p>\n<p>Sugiri\u00f3 no bajar la guardia, proteger a los m\u00e1s vulnerables y atender en todo momento medidas como el uso del cubrebocas en todos los espacios p\u00fablicos, el lavado frecuente de manos, respetar la sana distancia y limitar el contacto social para cortar la cadena de transmisi\u00f3n de la enfermedad.<\/p>\n","protected":false},"excerpt":{"rendered":"<p>Ciudad Victoria, Tamaulipas (11-Marzo-2022).- A dos a\u00f1os de ser declarada la pandemia de COVID-19, el&#8230;<\/p>\n","protected":false},"author":1,"featured_media":5476,"comment_status":"open","ping_status":"open","sticky":false,"template":"","format":"standard","meta":{"footnotes":"","jetpack_publicize_message":"","jetpack_publicize_feature_enabled":true,"jetpack_social_post_already_shared":false,"jetpack_social_options":{"image_generator_settings":{"template":"highway","default_image_id":0,"font":"","enabled":false},"version":2}},"categories":[10],"tags":[],"class_list":["post-5474","post","type-post","status-publish","format-standard","has-post-thumbnail","hentry","category-tamaulipas"],"jetpack_publicize_connections":[],"_links":{"self":[{"href":"https:\/\/www.buroperiodistico.com.mx\/index.php?rest_route=\/wp\/v2\/posts\/5474","targetHints":{"allow":["GET"]}}],"collection":[{"href":"https:\/\/www.buroperiodistico.com.mx\/index.php?rest_route=\/wp\/v2\/posts"}],"about":[{"href":"https:\/\/www.buroperiodistico.com.mx\/index.php?rest_route=\/wp\/v2\/types\/post"}],"author":[{"embeddable":true,"href":"https:\/\/www.buroperiodistico.com.mx\/index.php?rest_route=\/wp\/v2\/users\/1"}],"replies":[{"embeddable":true,"href":"https:\/\/www.buroperiodistico.com.mx\/index.php?rest_route=%2Fwp%2Fv2%2Fcomments&post=5474"}],"version-history":[{"count":0,"href":"https:\/\/www.buroperiodistico.com.mx\/index.php?rest_route=\/wp\/v2\/posts\/5474\/revisions"}],"wp:featuredmedia":[{"embeddable":true,"href":"https:\/\/www.buroperiodistico.com.mx\/index.php?rest_route=\/wp\/v2\/media\/5476"}],"wp:attachment":[{"href":"https:\/\/www.buroperiodistico.com.mx\/index.php?rest_route=%2Fwp%2Fv2%2Fmedia&parent=5474"}],"wp:term":[{"taxonomy":"category","embeddable":true,"href":"https:\/\/www.buroperiodistico.com.mx\/index.php?rest_route=%2Fwp%2Fv2%2Fcategories&post=5474"},{"taxonomy":"post_tag","embeddable":true,"href":"https:\/\/www.buroperiodistico.com.mx\/index.php?rest_route=%2Fwp%2Fv2%2Ftags&post=5474"}],"curies":[{"name":"wp","href":"https:\/\/api.w.org\/{rel}","templated":true}]}}