{"id":5472,"date":"2022-03-11T19:03:03","date_gmt":"2022-03-12T01:03:03","guid":{"rendered":"https:\/\/www.buroperiodistico.com.mx\/?p=5472"},"modified":"2022-03-11T19:03:03","modified_gmt":"2022-03-12T01:03:03","slug":"en-concreto-por-angel-a-guerra-42","status":"publish","type":"post","link":"https:\/\/www.buroperiodistico.com.mx\/?p=5472","title":{"rendered":"EN CONCRETO\/ Por: \u00c1ngel A. Guerra"},"content":{"rendered":"<p style=\"text-align: center;\"><strong><em>[Pre]candidato\u2026 al desafuero<\/em><\/strong><\/p>\n<ul>\n<li><strong><em>Marko Cort\u00e9s provoc\u00f3 una carcajada nacional<\/em><\/strong><\/li>\n<li><strong><em>\u00bfFrancisco N, para presidente de la rep\u00fablica?<\/em><\/strong><\/li>\n<li><strong><em>Vaya: \u00bfas\u00ed de flaca est\u00e1 la caballada del PAN?<\/em><\/strong><\/li>\n<li><strong><em>Carlos Pe\u00f1a, en el 273 Aniversario de Reynosa<\/em><\/strong><\/li>\n<li><strong><em>Tampico se consolida como un destino tur\u00edstico<\/em><\/strong><\/li>\n<\/ul>\n<p>En un desliz de humor involuntario \u2013\u201clapsus linguae\u201d, dicen los acad\u00e9micos&#8211;, el presidente nacional del PAN MARKO CORT\u00c9S MENDOZA, provoc\u00f3 una carcajada nacional al citar al gobernador de Tamaulipas, FRANCISCO N, como \u201cprospecto\u201d de Acci\u00f3n Nacional a candidato a la presidencia de la rep\u00fablica el 2024.<\/p>\n<p>\u00bfAs\u00ed de flaca est\u00e1 la \u201ccaballada\u201d del PAN?<\/p>\n<p>Esta percepci\u00f3n de MARKO concuerda con la del presidente nacional del PRI, ALEJANDRO [\u2018Alito\u2019, para los \u00edntimos] MORENO C\u00c1RDENAS, quien con tal de salvar su liderazgo de los embates del ex gobernador de Oaxaca ULISES RU\u00cdZ\u00a0 ORT\u00cdZ, hizo pactos con dios y con el diablo sin consultar a las bases del partido, como sucedi\u00f3 con la alianza contranatura del PAN, en Tamaulipas, que suscribi\u00f3 a espaldas de la militancia y en una acci\u00f3n desesperada de dudoso resultado electoral.<\/p>\n<p>Bajo esas circunstancias, las bases del PRI y del PAN \u2013es decir la militancia que trae en las venas sangre azul o tricolor, seg\u00fan sea el caso&#8211;, repudian el ultraje a sus principios ideol\u00f3gicos perpetrados por los l\u00edderes cupulares de sus partidos, pues se brincaron las bases estatutarias por razones estrictamente personales y se olvidaron de los principios fundacionales de PLUTARCO EL\u00cdAS CALLES y MANUEL G\u00d3MEZ MOR\u00cdN, fundadores del Revolucionario Institucional, y de Acci\u00f3n Nacional.<\/p>\n<p>Igual hab\u00eda hecho ya en Tamaulipas FRANCISCO N el 2021, cuando \u201crescat\u00f3\u201d priistas para met\u00e9rselos &#8211;\u00a1a hueggs!\u2014como candidatos del PAN en ciudades estrat\u00e9gicas como Nuevo Laredo, donde impuls\u00f3 nada m\u00e1s y nada menos que a la ex presidenta estatal del PRI, YAHLEEL ABDALA, en una aberraci\u00f3n pol\u00edtica que dej\u00f3 al descubierto la ausencia de principios ideol\u00f3gicos \u2013no me haga re\u00edr, que traigo el labio partido&#8211;, del cabecismo.<\/p>\n<p>Desde entonces, ya se ve\u00eda venir lo que el Presidente ANDR\u00c9S MANUEL L\u00d3PEZ OBRADOR hab\u00eda visualizado desde hace 18 a\u00f1os y que identific\u00f3 a esa distancia de tiempo como \u201cla mafia del poder\u201d.<\/p>\n<p>\u201cSon los mismos\u201d, sentenci\u00f3 AMLO.<\/p>\n<p>Y empez\u00f3 a identificarlos como el PRIAN.<\/p>\n<p>Y hoy, cierto: ah\u00ed vienen, juntos, con un proyecto mal parido.<\/p>\n<p>\u00bfQu\u00e9 tipo de \u201cmonstruo\u201d procrear\u00e1 esa alianza contranatura, a la que el ex presidente municipal de Reynosa, OSCAR LUEBBERT GUTI\u00c9RREZ tild\u00f3 de \u201cespuria\u201d, que puede interpretarse tambi\u00e9n como \u201cileg\u00edtima\u201d, \u201cbastarda\u201d?<\/p>\n<p>Es decir, desde antes de que se formalizara la coalici\u00f3n espuria PRI-PAN-PRD, ya el gobernador de Tamaulipas hab\u00eda traicionado al PAN, al imponer como candidatos de Acci\u00f3n Nacional, a militantes distinguidos del PRI, provocando profundo malestar entre el panismo de cepa en los principales municipios de Tamaulipas.<\/p>\n<p>\u00bfCree verdaderamente MARKO CORT\u00c9S que su compa\u00f1ero de partido FRANCISCO N, es un \u201dcuadro distinguido\u201d con m\u00e9ritos, cualidades y presencia nacional para lanzarlo a la candidatura presidencial?<\/p>\n<p>\u2026 Porque aqu\u00ed en Tamaulipas, la ciudadan\u00eda lo visualiza solo como el \u201ccandidato natural\u201d, pero al desafuero.<\/p>\n<p>Y ya advirti\u00f3 el Dr. ARMANDO ZERTUCHE ZUANI: \u201cEl desafuero est\u00e1 en marcha y es irreversible\u201d.<\/p>\n<p>Y ZERTUCHE, profesionista de la sicolog\u00eda y estudioso de la conducta humana, diagnostic\u00f3:<\/p>\n<p>\u201cEl gobernador tiene miedo\u201d.<\/p>\n<p style=\"text-align: center;\"><strong><em>CORONA ALCALDE CARLOS PE\u00d1A A <\/em><em>YATZIRI, SRITA. FIESTAS DE ANIVERSARIO<\/em><\/strong><\/p>\n<p>En Reynosa, entre tanto, el Presidente Municipal CARLOS PE\u00d1A ORTIZ, presidi\u00f3 el certamen Se\u00f1orita Fiestas de Aniversario Reynosa 2022, celebrado este jueves 10 de marzo en la Plaza Principal Miguel Hidalgo, con la participaci\u00f3n de 11 talentosas j\u00f3venes reynosenses representantes de las grandes mujeres de esta ciudad.<\/p>\n<p>\u00abNos da gusto que nos acompa\u00f1en tantos reynosenses en este acto tan importante que se ha estado realizando por muchos a\u00f1os\u00bb, dijo el Alcalde, quien coloc\u00f3 la corona a YATZIRI OMECALI CAMPOS ARELLANO, Reina de las Fiestas del 273 Aniversario de la Fundaci\u00f3n de nuestra ciudad.<\/p>\n<p>YELILE ADNIL CALDER\u00d3N HERRERA, logr\u00f3 el Segundo Lugar entreg\u00e1ndole su nombramiento de Princesa y ALEXANDRA MENDOZA OBREG\u00d3N Duquesa con el Tercero, obteniendo su reconocimiento y regalos de los patrocinadores.<\/p>\n<p>El Jurado estuvo integrado por la Secretaria de Desarrollo Social Municipal, HIDILBERTA VEL\u00c1ZQUEZ MENDOZA; los Regidores PATRICIA RAM\u00cdREZ RUIZ y JAIME ARRATIA BANDA; ESMERALDA MOLINA RAM\u00cdREZ, Directora de Audiencias P\u00fablicas; MARIBEL MART\u00cdNEZ MORENO, ex Modelo y los Dise\u00f1adores CAROLINA LAV\u00cdN y ABRAHAM JIM\u00c9NEZ YEPEZ.<\/p>\n<p>Por su participaci\u00f3n recibieron reconocimiento: CORINA FRANCHESKA RAZO FUENTES, LILIA ABIGAIL RUIZ FLORES, GLADYS LILIANA MART\u00cdNEZ GARC\u00cdA, JOANA NATALIA CH\u00c1VEZ MONTENEGRO; DANIA MICHELLE ORTEGA HERN\u00c1NDEZ, JOHANA ASTRID MALDONADO APARICIO, YASMIN MAYLEN DE LA FUENTE RAM\u00cdREZ y NIZARENDY D\u00cdAZ ROSARIO.<\/p>\n<p style=\"text-align: center;\"><strong><em>REYNOSENSES TESTIGOS DEL <\/em><em>INICIO DEL 273 ANIVERSARIO DE REYNOSA<\/em><\/strong><\/p>\n<p>Concatenando temas, miles de ciudadanos acompa\u00f1aron a las autoridades municipales y el Presidente Municipal CARLOS PE\u00d1A ORTIZ, para presenciar la coronaci\u00f3n de la Se\u00f1orita Fiestas de Aniversario, durante este jueves 10 de marzo en la Plaza Principal Miguel Hidalgo.<\/p>\n<p>Dentro del marco del Aniversario de Reynosa, la cantante de m\u00fasica norte\u00f1a ALICIA VILLARREAL ameniz\u00f3 el arranque de los festejos, poniendo a bailar y disfrutar a los ciudadanos y autoridades presentes, d\u00f3nde recibi\u00f3 un reconocimiento especial de manos del Presidente Municipal por su participaci\u00f3n.<\/p>\n<p>Con esto el Republicano Ayuntamiento, pone en marcha una serie de actividades que se estar\u00e1n realizando en el marco de los 273 a\u00f1os de la fundaci\u00f3n de Reynosa, actos que estar\u00e1n encabezados por el Presidente CARLOS PE\u00d1A.<\/p>\n<p style=\"text-align: center;\"><strong><em>DOMINGO 13: INICIA HORARIO <\/em><em>DE VERANO EN LA FRONTERA<\/em><\/strong><\/p>\n<p>Por cierto, el Gobierno Municipal de Reynosa informa que esta ciudad, al igual que la franja fronteriza norte de M\u00e9xico, cambiar\u00e1 a Horario de Verano el pr\u00f3ximo domingo 13 de marzo, cuando se deber\u00e1 adelantar una hora al reloj, medida que puede ser aplicada el s\u00e1bado 12 antes de ir a dormir.<\/p>\n<p>El Horario de Verano estar\u00e1 vigente para la zona fronteriza, en 10 municipios tamaulipecos; Nuevo Laredo, Mier, Guerrero, Miguel Alem\u00e1n, D\u00edaz Ordaz; Camargo, Reynosa, R\u00edo Bravo, Valle Hermoso y Matamoros, hasta el d\u00eda 6 de noviembre en que se revertir\u00e1 el cambio.<\/p>\n<p style=\"text-align: center;\"><strong><em>PREPARAN PARQUE LA JUNTA <\/em><em>PARA LA TEMPORADA 2022<\/em><\/strong><\/p>\n<p>Mientras que en Nuevo Laredo, el Gobierno Municipal trabaja para que los aficionados y el equipo Tecolotes de Nuevo Laredo, cuenten\u00a0 con un estadio c\u00f3modo y funcional; por ello realizan importantes obras de mejoramiento en el Parque La Junta el que estar\u00e1 listo para arrancar la temporada beisbolera el pr\u00f3ximo 26 de abril.<\/p>\n<p>En la d\u00e9cima octava sesi\u00f3n ordinaria del cabildo, autoridades de Nuevo Laredo autorizaron por unanimidad el contrato de comodato de las instalaciones del inmueble para que el equipo desarrolle los partidos como local de la Temporada 2022; y actualmente colocan pasto\u00a0 sint\u00e9tico de calidad profesional en el terreno de juego.<\/p>\n<p>La alcaldesa CARMEN LILIA CANTUROSAS dio a conocer que actualmente el Gobierno Municipal realiza labores de remodelaci\u00f3n dentro del parque de b\u00e9isbol el cual se tiene proyectado terminar en 20 d\u00edas aproximadamente<\/p>\n<p>\u201cEstamos trabajando en el parque de b\u00e9isbol, la afici\u00f3n se lo merece; se est\u00e1 mejorando al cien por ciento, esto lo estamos haciendo por el gran cari\u00f1o que les tenemos a los neolaredenses, a la afici\u00f3n tan importante y aparte comprometer a los Tecolotes a ser campeones este a\u00f1o\u201d, se\u00f1al\u00f3 la alcaldesa CARMEN LILIA CANTUROSAS VILLARREAL.<\/p>\n<p>Los trabajos que actualmente realizan en el Junte\u00f1o, comprenden colocaci\u00f3n del pasto sint\u00e9tico, mantenimiento en la zona de dogouts, alumbrado p\u00fablico,\u00a0 reparaci\u00f3n en una parte de las gradas; lockers, ba\u00f1os y vestidores de los jugadores; trabajos de pintura y limpieza, con la finalidad de ofrecer a los asistentes, as\u00ed como a los beisbolistas mejores instalaciones.<\/p>\n<p>Recientemente la Presidenta Municipal, junto a ARMANDO LOZANO, gerente de los Tecolotes de los Dos Laredos en Nuevo Laredo y CARLOS DE ANDA HERN\u00c1NDEZ, secretario de Obras P\u00fablicas, Desarrollo Urbano y Medio Ambiente, realizaron un recorrido por el m\u00edtico estadio, para constatar los avances de las obras que se realizan y estar en condiciones para la apertura de la temporada como local que ser\u00e1 el 26 de abril<\/p>\n<p>\u201cAl ser un campo para b\u00e9isbol profesional, la LMB nos manda una especificaci\u00f3n en cuanto a la calidad que debe de tener el mismo pasto, por lo que toda esa informaci\u00f3n se envi\u00f3 al Ayuntamiento de Nuevo Laredo y ellos a su vez la turnar\u00e1n al contratista encargado\u00bb, subray\u00f3 LOZANO.<\/p>\n<p style=\"text-align: center;\"><strong><em>TAMPICO SE CONSOLIDA COMO <\/em><em>DESTINO DE CONVENCIONES<\/em><\/strong><\/p>\n<p>Mientras que en Tampico, luego de asistir a la clausura de la Convenci\u00f3n Nacional de la Asociaci\u00f3n Mexicana de Agentes de Seguros y Fianzas A.C. -AMASFAC-, encabezada por el Gobernador en el Centro de convenciones Expo Tampico, el Presidente municipal CHUCHO NADER agradeci\u00f3 la confianza de los organismos civiles del pa\u00eds, por considerar este puerto como el principal destino para la celebraci\u00f3n de sus asambleas, convenciones y congresos de car\u00e1cter nacional.<\/p>\n<p>El jefe edilicio destac\u00f3 que el municipio ha ampliado y fortalecido su infraestructura tur\u00edstica y de convenciones gracias al apoyo del Gobierno de Estado, con el fin de ofrecer a los visitantes y congresistas, espacios modernos, seguros y funcionales para el desarrollo de sus asambleas.<\/p>\n<p>\u00abEn Tampico, hemos contado siempre con el valioso apoyo del Gobernador para la construcci\u00f3n, ampliaci\u00f3n y mejora de nuestros sitios de recreo, desarrollo tur\u00edstico y espacios para la celebraci\u00f3n de convenciones; tarea a la que se han sumado los diferentes prestadores de servicios tur\u00edsticos, en una sinergia que hoy coloca a Tampico en el plano nacional como un interesante destino para el desarrollo de congresos de car\u00e1cter nacional e internacional\u00bb, mencion\u00f3.<\/p>\n<p style=\"text-align: center;\"><strong><em>LIDERAZGOS POL\u00cdTICOS Y <\/em><em>ECON\u00d3MICOS SE SUMAN AL \u201cTRUKO\u201d<\/em><\/strong><\/p>\n<p>A\u00fan no inicia la campa\u00f1a electoral por la gubernatura y el precandidato de la alianza \u201cVa por Tamaulipas\u201d sigue sumando a su proyecto liderazgos sociales, pol\u00edticos y econ\u00f3micos.<br \/>\nEn los d\u00edas recientes, diversas personalidades se han pronunciado a favor de C\u00c9SAR AUGUSTO VER\u00c1STEGUI OSTOS, reconociendo que es el \u00fanico aspirante que se puede medir en resultados, sobre todo favorables para los tamaulipecos.<\/p>\n<p>En Matamoros, el ex legislador federal del PRI MARCO ANTONIO BERNAL GUTI\u00c9RREZ; en Reynosa, el ex diputado local RIGOBERTO RAMOS ORDO\u00d1EZ y el ex legislador y ex alcalde por el PRI, EVERARDO VILLARREAL SALINAS, destacaron la capacidad de C\u00c9SAR VER\u00c1STEGUI para trabajar por el avance del tema de seguridad p\u00fablica, y coincidieron que los priistas saldr\u00e1n en campa\u00f1a a trabajar de forma intensa para promover las ventajas de contar con un gobernador con las caracter\u00edsticas del \u201cTruko\u201d.<\/p>\n<p>En la zona sur de la entidad EDUARDO HERN\u00c1NDEZ CHAVARR\u00cdA, se pronunci\u00f3 a favor de Truko VER\u00c1STEGUI, mientras que el empresario ARTURO ELIZONDO NARANJO, dijo: \u201cno hay mucho que pensarle, yo veo en C\u00c9SAR VER\u00c1STEGUI a la persona que Tamaulipas requiere\u201d.<\/p>\n<p>VER\u00c1STEGUI OSTOS se encuentra en etapa de preparaci\u00f3n para el inicio de la campa\u00f1a electoral, cerrando pinzas en todos los municipios para fortalecer el proyecto que busca convertir a Tamaulipas en el mejor lugar para vivir.<\/p>\n<p style=\"text-align: center;\"><strong><em>FADU UAT CELEBRA EL <\/em><em>D\u00cdA INTERNACIONAL DE LA MUJER<\/em><\/strong><\/p>\n<p>Por \u00faltimo, la Facultad de Arquitectura, Dise\u00f1o y Urbanismo (FADU) de la Universidad Aut\u00f3noma de Tamaulipas (UAT), conmemor\u00f3 el D\u00eda Internacional de la Mujer mediante diversas actividades dentro del evento denominado \u201cLa maravilla de ser mujer\u201d.<\/p>\n<p>El principal objetivo de las actividades realizadas en las instalaciones de esa Facultad fue fortalecer el crecimiento femenino en sus distintas dimensiones y su inclusi\u00f3n en los diferentes \u00e1mbitos de desempe\u00f1o.<\/p>\n<p>La declaratoria inaugural estuvo a cargo del Dr. GILDARDO HERRERA S\u00c1NCHEZ, Director de la FADU, en compa\u00f1\u00eda de la C. P. Imelda Sustaita Salazar, miembro honorario del programa UAT U-NIDO.<\/p>\n<p>Al respecto, el Dr. GILDARDO HERRERA agradeci\u00f3 la participaci\u00f3n de estudiantes, catedr\u00e1ticos y p\u00fablico en general, y destac\u00f3 la importancia de la mujer en el mundo y su participaci\u00f3n en el \u00e1mbito profesional, promoviendo la igualdad de g\u00e9nero en la comunidad universitaria, a fin de fomentar una sociedad inclusiva.<\/p>\n<p>Iniciando las actividades, se imparti\u00f3 la conferencia \u00abReencontrando tu fortaleza de ser mujer\u00bb, impartida por GRACIETTA DEL MILAGRO PULICE COSS\u00da, mejor conocida como CHETTA, en la que busc\u00f3 desarrollar una autoestima correcta en la mujer, valorar su potencial y sus habilidades y cualidades para incrementar su capacidad de logro de objetivos y obtenci\u00f3n de satisfactores.<\/p>\n<p>Al t\u00e9rmino del evento inaugural se realiz\u00f3 un recorrido a lo largo de la Expo Emprendedores \u00abMercadito FADU\u00bb y se dio por inaugurada la exposici\u00f3n de pintura presentada por estudiantes universitarios.<\/p>\n<p>En el evento estuvieron la Dra. MARIANA ZEN\u00d3N F\u00c9LIX, Secretaria de Investigaci\u00f3n y Posgrado; la Dra. BLANCA LETICIA D\u00cdAZ MARI\u00d1O, Directora de Proyecci\u00f3n Social; la Dra. YOLANDA MENDOZA CAVAZOS, Directora de Sustentabilidad; la Dra. KARLA VILLARREAL SOTELO, de la Direcci\u00f3n de Estudios de Posgrado; la Lic. SANDRA LACORTE RAM\u00cdREZ, Directora de la Casa de la Cultura Tampico; as\u00ed como autoridades universitarias y directoras de las diferentes facultades del Centro Universitario Sur.<\/p>\n<p>Por hoy es todo, nos leemos el lunes.<\/p>\n","protected":false},"excerpt":{"rendered":"<p>[Pre]candidato\u2026 al desafuero Marko Cort\u00e9s provoc\u00f3 una carcajada nacional \u00bfFrancisco N, para presidente de la&#8230;<\/p>\n","protected":false},"author":1,"featured_media":168,"comment_status":"open","ping_status":"open","sticky":false,"template":"","format":"standard","meta":{"footnotes":"","jetpack_publicize_message":"","jetpack_publicize_feature_enabled":true,"jetpack_social_post_already_shared":false,"jetpack_social_options":{"image_generator_settings":{"template":"highway","default_image_id":0,"font":"","enabled":false},"version":2}},"categories":[23],"tags":[],"class_list":["post-5472","post","type-post","status-publish","format-standard","has-post-thumbnail","hentry","category-columnas"],"jetpack_publicize_connections":[],"_links":{"self":[{"href":"https:\/\/www.buroperiodistico.com.mx\/index.php?rest_route=\/wp\/v2\/posts\/5472","targetHints":{"allow":["GET"]}}],"collection":[{"href":"https:\/\/www.buroperiodistico.com.mx\/index.php?rest_route=\/wp\/v2\/posts"}],"about":[{"href":"https:\/\/www.buroperiodistico.com.mx\/index.php?rest_route=\/wp\/v2\/types\/post"}],"author":[{"embeddable":true,"href":"https:\/\/www.buroperiodistico.com.mx\/index.php?rest_route=\/wp\/v2\/users\/1"}],"replies":[{"embeddable":true,"href":"https:\/\/www.buroperiodistico.com.mx\/index.php?rest_route=%2Fwp%2Fv2%2Fcomments&post=5472"}],"version-history":[{"count":0,"href":"https:\/\/www.buroperiodistico.com.mx\/index.php?rest_route=\/wp\/v2\/posts\/5472\/revisions"}],"wp:featuredmedia":[{"embeddable":true,"href":"https:\/\/www.buroperiodistico.com.mx\/index.php?rest_route=\/wp\/v2\/media\/168"}],"wp:attachment":[{"href":"https:\/\/www.buroperiodistico.com.mx\/index.php?rest_route=%2Fwp%2Fv2%2Fmedia&parent=5472"}],"wp:term":[{"taxonomy":"category","embeddable":true,"href":"https:\/\/www.buroperiodistico.com.mx\/index.php?rest_route=%2Fwp%2Fv2%2Fcategories&post=5472"},{"taxonomy":"post_tag","embeddable":true,"href":"https:\/\/www.buroperiodistico.com.mx\/index.php?rest_route=%2Fwp%2Fv2%2Ftags&post=5472"}],"curies":[{"name":"wp","href":"https:\/\/api.w.org\/{rel}","templated":true}]}}