{"id":5326,"date":"2022-03-10T20:14:19","date_gmt":"2022-03-11T02:14:19","guid":{"rendered":"https:\/\/www.buroperiodistico.com.mx\/?p=5326"},"modified":"2022-03-10T20:14:19","modified_gmt":"2022-03-11T02:14:19","slug":"verastegui-ostos-sostiene-mesas-de-trabajo","status":"publish","type":"post","link":"https:\/\/www.buroperiodistico.com.mx\/?p=5326","title":{"rendered":"Ver\u00e1stegui Ostos sostiene mesas de trabajo"},"content":{"rendered":"<p><em><strong>Cd. Victoria, Tam.-<\/strong><\/em> C\u00e9sar Augusto Ver\u00e1stegui Ostos precandidato a la gubernatura de Tamaulipas junto con sus similares \u00a0de Aguascalientes, Durango, Hidalgo, Oaxaca y Quintana Roo, sostuvieron mesas de trabajo a trav\u00e9s de la Comisi\u00f3n Permanente Nacional de este organismo pol\u00edtico que encabeza Marko Cort\u00e9s Mendoza.<\/p>\n<p>\u00abEstoy seguro que #UnidosYFuertes lograremos buenos resultados para M\u00e9xico\u00bb, afirm\u00f3 el l\u00edder panista.<\/p>\n<p><img loading=\"lazy\" decoding=\"async\" class=\" wp-image-5328 aligncenter\" src=\"https:\/\/www.buroperiodistico.com.mx\/wp-content\/uploads\/2022\/03\/MEzza.jpeg\" alt=\"\" width=\"640\" height=\"366\" srcset=\"https:\/\/www.buroperiodistico.com.mx\/wp-content\/uploads\/2022\/03\/MEzza.jpeg 1024w, https:\/\/www.buroperiodistico.com.mx\/wp-content\/uploads\/2022\/03\/MEzza-300x172.jpeg 300w, https:\/\/www.buroperiodistico.com.mx\/wp-content\/uploads\/2022\/03\/MEzza-768x440.jpeg 768w\" sizes=\"auto, (max-width: 640px) 100vw, 640px\" \/><\/p>\n<p><img loading=\"lazy\" decoding=\"async\" class=\"size-full wp-image-5327 aligncenter\" src=\"https:\/\/www.buroperiodistico.com.mx\/wp-content\/uploads\/2022\/03\/MEzza-I.jpeg\" alt=\"\" width=\"640\" height=\"479\" srcset=\"https:\/\/www.buroperiodistico.com.mx\/wp-content\/uploads\/2022\/03\/MEzza-I.jpeg 640w, https:\/\/www.buroperiodistico.com.mx\/wp-content\/uploads\/2022\/03\/MEzza-I-300x225.jpeg 300w\" sizes=\"auto, (max-width: 640px) 100vw, 640px\" \/><\/p>\n","protected":false},"excerpt":{"rendered":"<p>Cd. Victoria, Tam.- C\u00e9sar Augusto Ver\u00e1stegui Ostos precandidato a la gubernatura de Tamaulipas junto con&#8230;<\/p>\n","protected":false},"author":1,"featured_media":5328,"comment_status":"open","ping_status":"open","sticky":false,"template":"","format":"standard","meta":{"footnotes":"","jetpack_publicize_message":"","jetpack_publicize_feature_enabled":true,"jetpack_social_post_already_shared":false,"jetpack_social_options":{"image_generator_settings":{"template":"highway","default_image_id":0,"font":"","enabled":false},"version":2}},"categories":[17],"tags":[],"class_list":["post-5326","post","type-post","status-publish","format-standard","has-post-thumbnail","hentry","category-ciudadvictoria"],"jetpack_publicize_connections":[],"_links":{"self":[{"href":"https:\/\/www.buroperiodistico.com.mx\/index.php?rest_route=\/wp\/v2\/posts\/5326","targetHints":{"allow":["GET"]}}],"collection":[{"href":"https:\/\/www.buroperiodistico.com.mx\/index.php?rest_route=\/wp\/v2\/posts"}],"about":[{"href":"https:\/\/www.buroperiodistico.com.mx\/index.php?rest_route=\/wp\/v2\/types\/post"}],"author":[{"embeddable":true,"href":"https:\/\/www.buroperiodistico.com.mx\/index.php?rest_route=\/wp\/v2\/users\/1"}],"replies":[{"embeddable":true,"href":"https:\/\/www.buroperiodistico.com.mx\/index.php?rest_route=%2Fwp%2Fv2%2Fcomments&post=5326"}],"version-history":[{"count":0,"href":"https:\/\/www.buroperiodistico.com.mx\/index.php?rest_route=\/wp\/v2\/posts\/5326\/revisions"}],"wp:featuredmedia":[{"embeddable":true,"href":"https:\/\/www.buroperiodistico.com.mx\/index.php?rest_route=\/wp\/v2\/media\/5328"}],"wp:attachment":[{"href":"https:\/\/www.buroperiodistico.com.mx\/index.php?rest_route=%2Fwp%2Fv2%2Fmedia&parent=5326"}],"wp:term":[{"taxonomy":"category","embeddable":true,"href":"https:\/\/www.buroperiodistico.com.mx\/index.php?rest_route=%2Fwp%2Fv2%2Fcategories&post=5326"},{"taxonomy":"post_tag","embeddable":true,"href":"https:\/\/www.buroperiodistico.com.mx\/index.php?rest_route=%2Fwp%2Fv2%2Ftags&post=5326"}],"curies":[{"name":"wp","href":"https:\/\/api.w.org\/{rel}","templated":true}]}}