{"id":5324,"date":"2022-03-10T20:07:07","date_gmt":"2022-03-11T02:07:07","guid":{"rendered":"https:\/\/www.buroperiodistico.com.mx\/?p=5324"},"modified":"2022-03-10T20:07:07","modified_gmt":"2022-03-11T02:07:07","slug":"agenda-fronteriza-por-humberto-gutierrez-28","status":"publish","type":"post","link":"https:\/\/www.buroperiodistico.com.mx\/?p=5324","title":{"rendered":"AGENDA FRONTERIZA\/ POR HUMBERTO GUTIERREZ"},"content":{"rendered":"<p style=\"text-align: center;\"><em><strong>LOS PATRONES DE LOS DIPUTADOS DE MORENA<\/strong><\/em><\/p>\n<p>Los acontecimientos de ayer en cuanto al desconocimiento del Presidente de la Junta de Coordinaci\u00f3n Pol\u00edtica del Congreso de Tamaulipas, ARMANDO ZERTUCHE ZUANI del partido de MORENA me deja varias lecturas seg\u00fan el color del cristal con se mira.<\/p>\n<p>Sea la verdad de cualquier escenario, palo dado ni Dios lo quita.<\/p>\n<p>Al final es el resultado de una realidad nunca vista y, si la vieron les gano la confianza y la soberbia y les falto humildad para reconocer que el partido MORENA no existe liderazgo en Tamaulipas y mucho menos lealtad a los principios b\u00e1sicos de MORENA.<\/p>\n<p>Se podr\u00e1n decir muchas cosas, usted y yo sabemos que esos diputados no se mandan solos, que todos tienen a sus patrones que los pusieron para atender a sus propios intereses.<\/p>\n<p>De 12 que eran diputados por MORENA el primero de octubre, perdieron seis, imposible de entender y comprender que los hicieron sin consultar a sus patrones.<\/p>\n<p>y\u2026. quien son esos patrones?.<\/p>\n<p>A decir verdad, no los conozco, se rumora que un ex aspirante y dos presidentes municipales.<\/p>\n<p>Un rumor que da mucho en que pensar.<\/p>\n<p>Lo primero que se me ocurre pensar es que las traiciones est\u00e1n en la c\u00fapula a todo lo que da, y van por m\u00e1s. Los diputados locales, son simples peoncitos, gente de uso de pol\u00edticos con aspiraciones mayares..<\/p>\n<p>Con muy raras excepciones. Si ponen a un bulto con ese ganan, hubo \u201c alguien \u201c que meci\u00f3 la cuna.<\/p>\n<p>Como tambi\u00e9n hoy, hay alguien que mece la cuna, en sentido contrario con la evidente candidatura de AMERICO.<\/p>\n<p>Menci\u00f3n aparte es el hecho que ZERTUCHE mereci\u00f3 el desprecio de todos. Se dice que como l\u00edder de la JUCOPO no escucho a nadie, como Coordinador del grupo de diputados de Morena, se dio a odiar.<\/p>\n<p>Po\u00b4s as\u00ed \u2026..como ?.<\/p>\n<p>Es as\u00ed como se escribe para algunos la cr\u00f3nica de una muerte anunciada de MORENA en Tamaulipas.<\/p>\n<p>Creyeron que las tablas pol\u00edticas se venden en la maderer\u00eda.<\/p>\n<p>En la primera sesi\u00f3n de la nueva era panista, el primer manotazo del pan se dej\u00f3 sentir, cambiaron al Secretario General y a todos los funcionarios afines a ZERTUCHE y a la cuarta transformaci\u00f3n, se borr\u00f3 el color guindo y dejo de ser la casa del pueblo.<\/p>\n<p>Los mal pensados creen que van a legislar porque el fuero sea de seis a\u00f1os m\u00e1s al terminar su mandato.<\/p>\n<p>Si no es ahora,\u00bf cuando?<\/p>\n<p style=\"text-align: center;\"><strong>ESCASEA EL AGUA POTABLE<\/strong><\/p>\n<p>\u00a0Datos oficiales afirman, por tanto, que s\u00f3lo el 0.007% del agua existente en la Tierra es potable, y esa cantidad se reduce a\u00f1o tras a\u00f1o debido a la contaminaci\u00f3n. Esto nos hace conscientes que el agua es un recurso escaso y limitado adem\u00e1s de un derecho en un mundo desigual.<\/p>\n<p>Actualmente en nuestro planeta viven m\u00e1s de 7.700 millones de personas, de las cuales 2.100 millones (3 de cada 10) carecen de acceso a abastecimiento de agua. &#8230; Unos 4000 millones de personas \u2014casi dos tercios de la poblaci\u00f3n mundial\u2014 padecen escasez grave de agua durante al menos un mes al a\u00f1o.<\/p>\n<p>M\u00e9xico ha enfrentado en 2019 una de las sequ\u00edas m\u00e1s severas y extendidas en d\u00e9cadas. M\u00e1s de 50 millones de personas experimentan alg\u00fan tipo de escasez, seg\u00fan investigadores cient\u00edficos de dentro y fuera de M\u00e9xico<\/p>\n<p>Por lo que tendremos en el pa\u00eds reducciones de suministro de agua por falta de lluvias que durar\u00e1n hasta que comience la temporada de lluvias.<\/p>\n<p>Hay otros pa\u00edses que muy probablemente experimentar\u00e1n recortes en el suministro. Entre ellos se cuentan Estados Unidos, China e India.<\/p>\n<p>En la ciudad capital una de las principales razones por las que el agua no es suficiente es la demanda excesiva por el crecimiento de la poblaci\u00f3n.<\/p>\n<p>Adem\u00e1s. La grave sequ\u00eda que azota al Estado pone en riesgo el suministro de agua para uso p\u00fablico urbano en 11 municipios fronterizos del estado, donde viven m\u00e1s de 1 mill\u00f3n 900 mil habitantes que la han padecido en los \u00faltimos tres a\u00f1os por lo que han estado a punto de quedarse sin agua, luego que la m\u00e1s castigada es la cuenca del r\u00edo Bravo, de donde se surten de agua con informaci\u00f3n de la CONAGUA.<\/p>\n<p>En la zona conurbada de Nuevo Le\u00f3n, el gobernador est\u00e1 alertando que solamente para 20 d\u00edas tendr\u00e1n el suministro de agua,<\/p>\n<p>En SLP les negaron agua a los regios porque est\u00e1n en desabasto.<\/p>\n<p>El organismo estatal de agua en Tamaulipas en su diagn\u00f3stico diario revela como d\u00eda tras d\u00eda, los niveles de almacenamientos de las principales presas del estado van a la baja, por lo que s\u00f3lo el impacto de un cicl\u00f3n volver\u00eda a llenar esos embalses.<\/p>\n<p>Muestra de ello es que hace cuatro a\u00f1os la presa Vicente Guerrero ten\u00eda m\u00e1s del 70 por ciento de su nivel, ahora por debajo del 32%.<\/p>\n<p>Esta sequ\u00eda no es privativa de Tamaulipas.<\/p>\n<p>En la ciudad capital ante la ausencia de lluvias que no han podido recargar los mantos acu\u00edferos, el alcalde LALO GATTAS toma las medidas pertinentes tratando el menos impacto en la vida de los ciudadanos con un tandeo que ser\u00e1 parejo para todos los sectores de la poblaci\u00f3n.<\/p>\n<p>Mi correo: <a href=\"mailto:humbertografico@yahoo.com.mx\">humbertografico@yahoo.com.mx<\/a><\/p>\n","protected":false},"excerpt":{"rendered":"<p>LOS PATRONES DE LOS DIPUTADOS DE MORENA Los acontecimientos de ayer en cuanto al desconocimiento&#8230;<\/p>\n","protected":false},"author":1,"featured_media":213,"comment_status":"open","ping_status":"open","sticky":false,"template":"","format":"standard","meta":{"footnotes":"","jetpack_publicize_message":"","jetpack_publicize_feature_enabled":true,"jetpack_social_post_already_shared":false,"jetpack_social_options":{"image_generator_settings":{"template":"highway","default_image_id":0,"font":"","enabled":false},"version":2}},"categories":[23],"tags":[],"class_list":["post-5324","post","type-post","status-publish","format-standard","has-post-thumbnail","hentry","category-columnas"],"jetpack_publicize_connections":[],"_links":{"self":[{"href":"https:\/\/www.buroperiodistico.com.mx\/index.php?rest_route=\/wp\/v2\/posts\/5324","targetHints":{"allow":["GET"]}}],"collection":[{"href":"https:\/\/www.buroperiodistico.com.mx\/index.php?rest_route=\/wp\/v2\/posts"}],"about":[{"href":"https:\/\/www.buroperiodistico.com.mx\/index.php?rest_route=\/wp\/v2\/types\/post"}],"author":[{"embeddable":true,"href":"https:\/\/www.buroperiodistico.com.mx\/index.php?rest_route=\/wp\/v2\/users\/1"}],"replies":[{"embeddable":true,"href":"https:\/\/www.buroperiodistico.com.mx\/index.php?rest_route=%2Fwp%2Fv2%2Fcomments&post=5324"}],"version-history":[{"count":0,"href":"https:\/\/www.buroperiodistico.com.mx\/index.php?rest_route=\/wp\/v2\/posts\/5324\/revisions"}],"wp:featuredmedia":[{"embeddable":true,"href":"https:\/\/www.buroperiodistico.com.mx\/index.php?rest_route=\/wp\/v2\/media\/213"}],"wp:attachment":[{"href":"https:\/\/www.buroperiodistico.com.mx\/index.php?rest_route=%2Fwp%2Fv2%2Fmedia&parent=5324"}],"wp:term":[{"taxonomy":"category","embeddable":true,"href":"https:\/\/www.buroperiodistico.com.mx\/index.php?rest_route=%2Fwp%2Fv2%2Fcategories&post=5324"},{"taxonomy":"post_tag","embeddable":true,"href":"https:\/\/www.buroperiodistico.com.mx\/index.php?rest_route=%2Fwp%2Fv2%2Ftags&post=5324"}],"curies":[{"name":"wp","href":"https:\/\/api.w.org\/{rel}","templated":true}]}}