{"id":5322,"date":"2022-03-10T20:05:03","date_gmt":"2022-03-11T02:05:03","guid":{"rendered":"https:\/\/www.buroperiodistico.com.mx\/?p=5322"},"modified":"2022-03-10T20:05:03","modified_gmt":"2022-03-11T02:05:03","slug":"en-concreto-por-angel-a-guerra-41","status":"publish","type":"post","link":"https:\/\/www.buroperiodistico.com.mx\/?p=5322","title":{"rendered":"EN CONCRETO\/ Por: \u00c1ngel A. Guerra"},"content":{"rendered":"<p style=\"text-align: center;\"><strong><em>\u2018El gobernador tiene miedo\u2019<\/em><\/strong><\/p>\n<ul>\n<li><strong><em>Zertuche: \u2018el desafuero, irreversible y est\u00e1 en marcha\u2019<\/em><\/strong><\/li>\n<li><strong><em>Compra de diputadas, \u2018una emboscada a la integridad\u2019<\/em><\/strong><\/li>\n<li><strong><em>Delegado: \u2018diputadas mercanchifles, fuera de Morena\u2019<\/em><\/strong><\/li>\n<li><strong><em>Mafia del Poder toma el Congreso, \u2018al precio que sea\u2019<\/em><\/strong><\/li>\n<li><strong><em>Alerta Carlos Pe\u00f1a contra frente fr\u00edo de 4 y 5 grados c<\/em><\/strong><\/li>\n<\/ul>\n<p>El Delegado estatal del Movimiento de Regeneraci\u00f3n Nacional en Tamaulipas, ERNESTO PALACIOS CORDERO, anunci\u00f3 en conferencia conjunta que las diputadas que traicionaron los principios de la Cuarta Transformaci\u00f3n, \u201cYa-No-Forman-Parte de Morena\u201d, pues al dejar de coincidir y de practicar los principios de No Mentir, No Robar y No Traicionar, se apartaron por voluntad propia de ese instituto.<\/p>\n<p>Por su parte, el ex presidente de la Junta de Coordinaci\u00f3n Pol\u00edtica de la 65 Legislatura, Dr. ARMANDO ZERTUCHE ZUANI, expres\u00f3 sin titubeos: \u201cEstamos en presencia de una emboscada a la integridad poli\u0301tica. la situacio\u0301n que hoy enfrentamos tiene una causa clara y precisa: El gobernador tiene miedo. Sabe que su desafuero esta\u0301 cerca, y que es un proceso irreversible\u201d.<\/p>\n<p>Ello, ante la reciente salida de varios legisladores del Grupo Parlamentario de Morena, en cuyo escenario establecio que \u201cMorena tiene so\u0301lidos principios y un compromiso inalterable con el logro de la Cuarta Transformacio\u0301n. El liderazgo de nuestro presidente es nacional y regional, cohesionado y firme. Y por esta razo\u0301n, nuestra fortaleza no se va a ver alterada con los hechos antes mencionados.<\/p>\n<p>Ellas, con esta decisio\u0301n, se ponen al margen de una clara tendencia mayoritaria que exige la integridad y la coherencia de sus militantes y simpatizantes.<\/p>\n<p>Al mismo tiempo y en la conferencia conjunta celebrada ayer por la tarde en la capital del Estado, el Delegado PALACIOS CORDERO estableci\u00f3 que la conducta de las diputadas disidentes, \u201ces totalmente incongruente con lo que significa la 4T: la lucha de los que menos tienen, la solidaridad social y el bienestar\u201d.<\/p>\n<p>PALACIOS CORDERO sostuvo que \u201ccomo lo presentan todas las mediciones pu\u0301blicas, Morena permanece so\u0301lido y unido, con una clara ventaja por parte de nuestro pre Candidato. Asi\u0301 seguiremos trabajando unidos y en equipo, abanderando y defendiendo la gesti\u00f3n y el trabajo de ustedes ya saben quien\u201d.<\/p>\n<p style=\"text-align: center;\"><strong><em>ARMANDO ZERTUCHE<\/em><\/strong><\/p>\n<p>Durante su intervenci\u00f3n en la conferencia conjunta, el Dr.ARMANDO ZERTUCHE ZUANI dej\u00f3 claro: \u201cComo todos ustedes han sido testigos, estamos en presencia de una emboscada a la integridad poli\u0301tica. Como bien lo ha dicho el Delegado, la situacio\u0301n que hoy enfrentamos tiene una causa clara y precisa: El gobernador tiene miedo. Sabe que su desafuero esta\u0301 cerca, y que es un proceso irreversible\u201d.<\/p>\n<p>\u201cCon la fuerza de la ley y de las instituciones se va a decidir su futuro, pero e\u0301l pretende mantenerse al precio que sea, incluso interpo\u0301sita persona si fuese necesario. Lo que hoy vivimos es un abuso de poder, y del uso indebido de su posicio\u0301n como gobernador. Queriendo controlar el Congreso, ma\u0301s alla\u0301 de los votos, violentando claramente la decisi\u00f3n de las y los Tamaulipecos.<\/p>\n<p>Y puntualiz\u00f3: \u201cHoy, quienes estamos aqui\u0301 presentes, nos mantenemos firmes a los principios de la 4T, y los seguiremos defendiendo\u00a0 siempre. Nuestro presidente lo ha dicho y nosotros lo reafirmamos, son tiempos de definiciones, o se esta\u0301 con la transformacio\u0301n o se es parte de la maf\u00eda del poder y se esta\u0301 contra ella\u201d.<\/p>\n<p>Finalmente, contextualiz\u00f3: \u201cAquellos que han decidido dejar de lado los intereses de las mayori\u0301as, por banales intereses personales, han dejado claro ante el pueblo, cua\u0301l es su prioridad: pero adem\u00e1s \u2013precis\u00f3&#8211;: \u201chan sellado su futuro pol\u00edtico, porque las y los tamaulipecos los han conocido de cuerpo entero\u201d.<\/p>\n<p style=\"text-align: center;\"><strong><em>ALERTA PC REYNOSA: CLIMA <\/em><em>FR\u00cdO A PARTIR DE HOY VIERNES<\/em><\/strong><\/p>\n<p>En Reynosa, entre tanto, el Gobierno Municipal, a trav\u00e9s de la Coordinaci\u00f3n de Protecci\u00f3n Civil y Bomberos, recomienda a la comunidad tomar medidas de prevenci\u00f3n ante la llegada de un nuevo frente fr\u00edo, este viernes 11 de marzo.<\/p>\n<p>La informaci\u00f3n compartida por el Servicio Meteorol\u00f3gico Nacional indica que la temperatura descender\u00e1 desde los 30 Cent\u00edgrados hasta una m\u00ednima de 5 con vientos del norte de 30 a 50 km\/h y 20% de posibilidad de lluvia.<\/p>\n<p>De acuerdo al pron\u00f3stico oficial, el s\u00e1bado 12 de marzo se presentar\u00e1 una m\u00e1xima de 17 grados Celsius y m\u00ednima 4, sin probabilidad de lluvia y vientos del norte de 25 a 40 Km\/h, por lo cual se recomienda el cuidado especial de ni\u00f1os, adultos mayores, enfermos, y mascotas.<\/p>\n<p>Por instrucci\u00f3n del Alcalde CARLOS PE\u00d1A ORTIZ, la dependencia municipal de auxilio civil pone a disposici\u00f3n de la poblaci\u00f3n sus n\u00fameros 8999550010, 8999550011 y el N\u00famero de Emergencias 911, atendidos las 24 horas.<\/p>\n<p style=\"text-align: center;\"><strong><em>NLD: PADRES AGRADECEN <\/em><em>APLICACI\u00d3N DE VACUNA ANTI VPH<\/em><\/strong><\/p>\n<p>En Nuevo Laredo, entre tanto, padres de familia agradecen el esfuerzo desplegado por el Gobierno Municipal, iniciativa privada y sociedad civil para concretar la vacunaci\u00f3n hist\u00f3rica a sus hijos contra el Virus de Papiloma Humano (VPH).<\/p>\n<p>La aplicaci\u00f3n de vacunas tiene como objetivo evitar el contagio de dicha enfermedad y en el peor de los casos contraer c\u00e1ncer cervicouterino, siendo Nuevo Laredo el primer municipio en M\u00e9xico que lo realiza.<\/p>\n<p>Esta campa\u00f1a que finaliza ma\u00f1ana, tiene como meta vacunar a 4 mil 900 ni\u00f1os y ni\u00f1as de 9 a 14 a\u00f1os en el Centro C\u00edvico \u201cCarlos Cant\u00fa Rosas\u201d, brindando un beneficio a largo plazo y eviten propagar el VPH.<\/p>\n<p>A trav\u00e9s del compromiso con la salud de los neolaredenses del Club de Rotarios de Nuevo Laredo, Maratones Palos Garza y los esfuerzos que sum\u00f3 el Gobierno Municipal que preside CARMEN LILIA CANTUROSAS VILLARREAL, se logr\u00f3 continuar esta campa\u00f1a que hab\u00eda sido pausada por la pandemia.<\/p>\n<p>La ciudadan\u00eda mostr\u00f3 una respuesta positiva, ocupando el 100 por ciento de las vacantes y destacaron el beneficio de agregar a las ni\u00f1as a esta campa\u00f1a ya que existe una escasez del biol\u00f3gico en centros m\u00e9dicos.<\/p>\n<p>Personal de Salud Municipal atendi\u00f3 de manera clara y \u00e1gil los registros previos de la campa\u00f1a y durante la aplicaci\u00f3n de la vacuna trabajaron en conjunto con la Facultad de Enfermer\u00eda, siendo responsables de la administraci\u00f3n de la primera dosis, atendiendo a mil menores al d\u00eda en forma r\u00e1pida y segura.<\/p>\n<p style=\"text-align: center;\"><strong><em>\u00c9XODO MASIVO DE EX PRIISTAS <\/em><em>DEL SUR: SE SUMAN AL DR. AM\u00c9RICO<\/em><\/strong><\/p>\n<p>Mientras que en Tampico, lastimados por no coincidir en sus ideales para llevar bienestar social a las y los tamaulipecos, empresarios, acad\u00e9micos, especialistas, as\u00ed como militantes del \u00a0Partido Revolucionario Institucional del sur de Tamaulipas decidieron sumarse al proyecto del doctor AM\u00c9RICO VILLAREAL ANAYA, precandidato \u00fanico de Morena al Gobierno del Estado.<\/p>\n<p>\u201cLa suma de nuevos liderazgos a MORENA, es una muestra de la confianza y viabilidad de nuestro proyecto de desarrollo para los municipios de la zona conurbada de Tampico, Madero y Altamira, que sin mentir, ni denostar, hemos demostrado c\u00f3mo se gobierna por el bienestar de todos los ciudadanos\u201d, afirmaron los empresarios.<\/p>\n<p>Dijeron que abandonan el PRI porque se ha unido con su peor enemigo que hace seis a\u00f1os lo maltrat\u00f3 y lo desde\u00f1\u00f3; \u201cpor eso no podemos seguir con ellos y nos vamos con el Doctor AM\u00c9RICO VILLARREAL\u201d.<\/p>\n<p>La suma de dirigentes que hasta hace unos d\u00edas militaban en otros partidos pol\u00edticos, pero ahora convencidos con los resultados de los gobiernos anteriores, se suman para enriquecer este proyecto que ofrece un mejor bienestar social, mejorar las condiciones de vida de las ni\u00f1as y los ni\u00f1os y por la igualdad de g\u00e9nero.<\/p>\n<p>Entre los ciudadanos que sumaron voluntades se encuentran: V\u00cdCTOR HUGO MENDOZA SAN LUIS, EDGAR RODR\u00cdGUEZ LEAL, FILIBERTO ROMERO GONZ\u00c1LEZ, ADOLFO EDUARDO ORTIZ FLORES, CARLOS MU\u00d1OZ GONZ\u00c1LEZ, FABI\u00c1N HUMBERTO VELARDE TORRES.<\/p>\n<p>Empresarios \u00a0y ex priistas del sur del estado, coinciden con el proyecto de la cuarta transformaci\u00f3n por ello deciden de manera \u00a0clara y contundente inclinarse por el Movimiento de Regeneraci\u00f3n Nacional.<\/p>\n<p>De igual forma se integraron; HIRAM MEDELL\u00cdN SMITH, FRANCISCO LAV\u00cdN, SERGIO NARV\u00c1EZ L\u00d3PEZ, NICOL\u00c1S MALDONADO MORENO, UBALDO E. CABALLERO, JOS\u00c9 ANTONIO BARR\u00d3N OSORIO, MANLIO FABIO SADA ESCALANTE, V\u00cdCTOR BUCIO PANIAGUA, RODRIGO CONDE MUJICA, as\u00ed como el ex alcalde de Abasolo, EDUARDO MART\u00cdNEZ.<\/p>\n<p>Como empresarios y pol\u00edticos, sabedores de las instituciones que hemos ido forjando, somos conscientes de que necesitamos un Gobierno s\u00f3lido y fuerte y hemos decidido integrarnos de lleno al proyecto de la cuarta transformaci\u00f3n, apoyando al doctor AM\u00c9RICO VILLARREAL ANAYA, finalizaron.<\/p>\n<p style=\"text-align: center;\"><strong><em>\u201cEL MOYO\u201d LE PLANCHA EL <\/em><em>INFORME A CABEZA DE VACA<\/em><\/strong><\/p>\n<p>Y claro que por supuesto que s\u00ed: si no, p\u2019os pa\u2019qu\u00e9 tanto brinco: convertido ya el Congreso local en otra nueva parcela de poder del gobernador FRANCISCO N, donde los diputados pasan a ser vasallos del Poder Ejecutivo estatal, el nuevo presidente de la Junta de Coordinaci\u00f3n Pol\u00edtica del Congreso, F\u00c9LIX \u201cEl Moyo\u201d GARC\u00cdA, se encargar\u00e1 del alfombrado del Palacio Legislativo para la presentaci\u00f3n del VI Informe de gobierno.<\/p>\n<p>Y ahora, por supuesto, en el nuevo escenario legislativo, se le preguntar\u00e1 a Su Majestad: \u201cSe\u00f1or, a qu\u00e9 hora desea que sea recibido su Informe\u201d.<\/p>\n<p>Y del Tercer Piso ya decidieron: si antes se pensaba realizar la ceremonia a las 11:00 de la ma\u00f1ana, \u201c\u00a1c\u00e1mbienlo para las seis de la tarde!\u201d.<\/p>\n<p>Y claro que as\u00ed ser\u00e1, \u00a1faltaba m\u00e1s!<\/p>\n<p>Ahora bien: \u00bflo presentar\u00e1 personalmente FRANCISCO N, ahora que ya tomaron el poder del Congreso los azules?<\/p>\n<p>Puede ser, a lo mejor, qui\u00e9n sabe, a ver c\u00f3mo amanece de humor el se\u00f1or.<\/p>\n<p>Y por supuesto: si El Se\u00f1or desea realizar su VI Informe en cada uno de los 43 Municipios de Tamaulipas, \u00a1Adelante!, Se\u00f1or, usted decide.<\/p>\n<p>\u00a1Faltaba m\u00e1s!<\/p>\n<p style=\"text-align: center;\"><strong><em>PROPONEN EDGAR FRENTE <\/em><em>PARA ATACAR PROBLEMA DEL AGUA<\/em><\/strong><\/p>\n<p>Sin embargo, dentro del Congreso no todo est\u00e1 perdido, pues en la sesi\u00f3n ordinaria de este mi\u00e9rcoles los diputados locales de los diferentes partidos aprobaron por unanimidad un exhorto a la Comisi\u00f3n Nacional del Agua, a fin de crear un grupo t\u00e9cnico que permita encontrar soluciones al severo estiaje y desabasto de agua que enfrentan Nuevo Le\u00f3n y Tamaulipas.<\/p>\n<p>La propuesta presentada por el diputado del PRI, EDGARDO MELHEM SALINAS contempla la participaci\u00f3n de dos legisladores de Tamaulipas, dos de Nuevo Le\u00f3n, un representante del Organismo de Cuenca R\u00edo Bravo, un representante del Organismo de Cuenca Golfo Norte, un representante de la Comisi\u00f3n Estatal del Agua de Tamaulipas, un representante de Servicios de Agua y drenaje de Monterrey y un asesor t\u00e9cnico por entidad federativa.<\/p>\n<p>En su exposici\u00f3n de motivos el coordinador de la Fracci\u00f3n Parlamentaria del PRI, destac\u00f3 que la severa sequ\u00eda que afecta al centro y norte del pa\u00eds, los pobres niveles de las presas internacionales Amistad y Falc\u00f3n, as\u00ed como la entrega de t\u00edtulos de concesi\u00f3n por arriba de la oferta potencial de los principales afluentes de donde comparten agua Nuevo Le\u00f3n y Tamaulipas podr\u00eda repercutir negativamente en el suministro para uso dom\u00e9stico en los dos estados.<\/p>\n<p>\u201cEn la actualidad la severa sequ\u00eda que afecta al centro y norte del pa\u00eds y especialmente a Nuevo Le\u00f3n y Tamaulipas, estados que comparten las aguas de los r\u00edos San Juan, Conchos y Soto la Marina, nos obliga a reflexionar sobre el tema hidr\u00e1ulico para encontrar alternativas de soluci\u00f3n o mitigaci\u00f3n del problema que se deriva de la escasez de agua\u201d, enfatiz\u00f3.<\/p>\n<p style=\"text-align: center;\"><strong><em>MORENISTAS DE TAMPICO <\/em><em>SE ADHIEREN A \u201cEL TRUKO\u201d<\/em><\/strong><\/p>\n<p>En contraparte, Morenistas de todo el estado se siguen sumando al proyecto del precandidato de la alianza \u201cVa por Tamaulipas\u201d; en esta ocasi\u00f3n fue el grupo encabezado en Tampico por EDUARDO HERN\u00c1NDEZ CHAVARR\u00cdA, ex candidato de Morena a la diputaci\u00f3n federal.<\/p>\n<p>En entrevista, el tambi\u00e9n exvdiputado local se\u00f1al\u00f3 que en el presente proceso electoral la gente ya no votar\u00e1 por colores: \u201clo que importa realmente es saber qui\u00e9n es el candidato, su trayectoria y capacidad para gobernar\u201d.<\/p>\n<p>En este sentido, afirm\u00f3 que C\u00c9SAR AUGUSTO VER\u00c1STEGUI OSTOS representa al mejor proyecto para Tamaulipas, al tratarse de una persona que conoce la entidad, los retos que se enfrentan en cada una de sus regiones y las oportunidades para salir adelante.<\/p>\n<p>\u201cLos votantes analizan a los candidatos, su trayectoria, quieren a alguien que sea capaz de gobernar Tamaulipas\u201d, y estos factores, se\u00f1al\u00f3, son por los que VER\u00c1STEGUI OSTOS est\u00e1 captando la atenci\u00f3n de las personas, incluso de aquellos que no pertenecen a los partidos PAN, PRI y PRD que conforman la alianza.<\/p>\n<p style=\"text-align: center;\"><strong><em>ENTREGA RECTOR DE LA UAT <\/em><em>CARTAS A EGRESADOS<\/em><\/strong><\/p>\n<p>Finalmente, el C. P. GUILLERMO MENDOZA CAVAZOS, Rector de la Universidad Aut\u00f3noma de Tamaulipas (UAT), presidi\u00f3 la ceremonia de graduaci\u00f3n de los 173 egresados de la Unidad Acad\u00e9mica de Trabajo Social y Ciencias para el Desarrollo Humano (UATSCDH) en el Gimnasio Multidisciplinario del Centro Universitario Victoria.<\/p>\n<p>Cumpliendo con todos los protocolos de seguridad e higiene, el acto se llev\u00f3 a cabo de manera presencial en este recinto universitario, con la asistencia de padres de familia, docentes y autoridades de la m\u00e1xima casa de estudios. Adem\u00e1s, el evento se transmiti\u00f3 por Facebook Live.<\/p>\n<p>El Rector MENDOZA CAVAZOS estuvo acompa\u00f1ado por la Dra. GUILLERMINA DE LA CRUZ JIM\u00c9NEZ GOD\u00cdNEZ, Directora de la Unidad Acad\u00e9mica, y la Lic. \u00c9RIKA AGUILAR MART\u00cdNEZ, encargada de la Direcci\u00f3n de Educaci\u00f3n Superior, quien acudi\u00f3 en representaci\u00f3n del Gobernador y del Secretario de Educaci\u00f3n en Tamaulipas, MARIO G\u00d3MEZ MONROY.<\/p>\n<p>La ceremonia de graduaci\u00f3n de la generaci\u00f3n 2017-2021 de la UATSCDH, que lleva el nombre del C. P. GUILLERMO MENDOZA CAVAZOS, cont\u00f3 con la presencia de las maestras DIANA MIREYA GARZA V\u00c1ZQUEZ y MIRIANA DE LOURDES ZAPATA HERN\u00c1NDEZ, madrinas de las licenciaturas de Trabajo Social y Psicolog\u00eda, respectivamente, as\u00ed como del Dr. JUAN FRANCISCO CASTA\u00d1\u00d3N RODR\u00cdGUEZ, padrino de la Licenciatura en Nutrici\u00f3n.<\/p>\n<p>En su mensaje, el Rector felicit\u00f3 a los egresados de los tres programas de estudios y elogi\u00f3 el desempe\u00f1o que mostraron en su trayectoria escolar, en la cual se enfrentaron a una pandemia con momentos de incertidumbre, y no obstante lograron desarrollar habilidades de resiliencia, determinaci\u00f3n y perseverancia para alcanzar su meta.<\/p>\n<p>De igual manera los motiv\u00f3 a seguir prepar\u00e1ndose, a lograr un posgrado y a siempre trabajar por cumplir sus metas y anhelos.<\/p>\n<p>Por hoy es todo, nos leemos ma\u00f1ana.<\/p>\n","protected":false},"excerpt":{"rendered":"<p>\u2018El gobernador tiene miedo\u2019 Zertuche: \u2018el desafuero, irreversible y est\u00e1 en marcha\u2019 Compra de diputadas,&#8230;<\/p>\n","protected":false},"author":1,"featured_media":168,"comment_status":"open","ping_status":"open","sticky":false,"template":"","format":"standard","meta":{"footnotes":"","jetpack_publicize_message":"","jetpack_publicize_feature_enabled":true,"jetpack_social_post_already_shared":false,"jetpack_social_options":{"image_generator_settings":{"template":"highway","default_image_id":0,"font":"","enabled":false},"version":2}},"categories":[23],"tags":[],"class_list":["post-5322","post","type-post","status-publish","format-standard","has-post-thumbnail","hentry","category-columnas"],"jetpack_publicize_connections":[],"_links":{"self":[{"href":"https:\/\/www.buroperiodistico.com.mx\/index.php?rest_route=\/wp\/v2\/posts\/5322","targetHints":{"allow":["GET"]}}],"collection":[{"href":"https:\/\/www.buroperiodistico.com.mx\/index.php?rest_route=\/wp\/v2\/posts"}],"about":[{"href":"https:\/\/www.buroperiodistico.com.mx\/index.php?rest_route=\/wp\/v2\/types\/post"}],"author":[{"embeddable":true,"href":"https:\/\/www.buroperiodistico.com.mx\/index.php?rest_route=\/wp\/v2\/users\/1"}],"replies":[{"embeddable":true,"href":"https:\/\/www.buroperiodistico.com.mx\/index.php?rest_route=%2Fwp%2Fv2%2Fcomments&post=5322"}],"version-history":[{"count":0,"href":"https:\/\/www.buroperiodistico.com.mx\/index.php?rest_route=\/wp\/v2\/posts\/5322\/revisions"}],"wp:featuredmedia":[{"embeddable":true,"href":"https:\/\/www.buroperiodistico.com.mx\/index.php?rest_route=\/wp\/v2\/media\/168"}],"wp:attachment":[{"href":"https:\/\/www.buroperiodistico.com.mx\/index.php?rest_route=%2Fwp%2Fv2%2Fmedia&parent=5322"}],"wp:term":[{"taxonomy":"category","embeddable":true,"href":"https:\/\/www.buroperiodistico.com.mx\/index.php?rest_route=%2Fwp%2Fv2%2Fcategories&post=5322"},{"taxonomy":"post_tag","embeddable":true,"href":"https:\/\/www.buroperiodistico.com.mx\/index.php?rest_route=%2Fwp%2Fv2%2Ftags&post=5322"}],"curies":[{"name":"wp","href":"https:\/\/api.w.org\/{rel}","templated":true}]}}