{"id":5114,"date":"2022-03-09T13:55:10","date_gmt":"2022-03-09T19:55:10","guid":{"rendered":"https:\/\/www.buroperiodistico.com.mx\/?p=5114"},"modified":"2022-03-09T13:55:10","modified_gmt":"2022-03-09T19:55:10","slug":"atienden-agricultura-y-conagua-a-productores-del-bajo-rio-bravo-de-tamaulipas-afectados-por-la-sequia-2","status":"publish","type":"post","link":"https:\/\/www.buroperiodistico.com.mx\/?p=5114","title":{"rendered":"Atienden Agricultura y Conagua a productores del Bajo R\u00edo Bravo de Tamaulipas, afectados por la sequ\u00eda"},"content":{"rendered":"<p><strong><em>\u2022 El Gobierno de M\u00e9xico integr\u00f3 un programa de acciones extraordinarias para productores del Distrito de Riego 025, el m\u00e1s grande en extensi\u00f3n territorial y el cuarto con mayor superficie de riego, con m\u00e1s de 15 mil usuarios que se han visto afectados por la baja disponibilidad de agua.<\/em><\/strong><\/p>\n<p><strong><em>\u2022 El secretario de Agricultura y Desarrollo Rural, V\u00edctor Villalobos Ar\u00e1mbula, se\u00f1al\u00f3 que las capacidades y la voluntad est\u00e1n al servicio de los productores del campo, con acciones interinstitucionales y la aplicaci\u00f3n de una estrategia de mediano y largo plazos.<\/em><\/strong><\/p>\n<p><strong><em>\u2022 El director general de la Conagua, Germ\u00e1n Arturo Mart\u00ednez Santoyo, expres\u00f3 que dicho distrito ha enfrentado factores que impactan la producci\u00f3n agropecuaria en la regi\u00f3n, por lo que el programa de estimulaci\u00f3n de lluvias, operado por Agricultura, ser\u00e1 una opci\u00f3n para disminuir los efectos de la sequ\u00eda.<\/em><\/strong><\/p>\n<p><strong><img loading=\"lazy\" decoding=\"async\" class=\"alignright  wp-image-5115\" src=\"https:\/\/www.buroperiodistico.com.mx\/wp-content\/uploads\/2022\/03\/Agricul-2.jpeg\" alt=\"\" width=\"495\" height=\"265\" srcset=\"https:\/\/www.buroperiodistico.com.mx\/wp-content\/uploads\/2022\/03\/Agricul-2.jpeg 1024w, https:\/\/www.buroperiodistico.com.mx\/wp-content\/uploads\/2022\/03\/Agricul-2-300x161.jpeg 300w, https:\/\/www.buroperiodistico.com.mx\/wp-content\/uploads\/2022\/03\/Agricul-2-768x411.jpeg 768w\" sizes=\"auto, (max-width: 495px) 100vw, 495px\" \/>Ciudad de M\u00e9xico (9-Marzo-2022).-<\/strong> La Secretar\u00eda de Agricultura y Desarrollo Rural y la Comisi\u00f3n Nacional del Agua (Conagua) sostuvieron una reuni\u00f3n de trabajo con asociaciones de usuarios del Distrito de Riego 025 (DR-025) Bajo R\u00edo Bravo de Tamaulipas, en la cual se presentaron medidas extraordinarias de apoyo a los productores que se han visto afectados por la sequ\u00eda recurrente.<\/p>\n<p>En el encuentro, se explic\u00f3 que el Gobierno de M\u00e9xico ha integrado un programa de acciones extraordinarias para productores del DR-025, el m\u00e1s grande en extensi\u00f3n territorial y el cuarto con mayor superficie de riego, con m\u00e1s de 15 mil usuarios que se han visto afectados por la baja disponibilidad de agua para el presente ciclo agr\u00edcola 2021-2022.<\/p>\n<p>El secretario de Agricultura y Desarrollo Rural, V\u00edctor Villalobos Ar\u00e1mbula, coment\u00f3 que se gestion\u00f3 un recurso extraordinario y un paquete de alternativas para hacer frente a la situaci\u00f3n, adem\u00e1s de prever, planear y anticipar medidas y acciones en el futuro, ante una problem\u00e1tica compleja para el sector agropecuario.<\/p>\n<p>Las capacidades y la voluntad est\u00e1n al servicio de los productores del campo, con acciones interinstitucionales y la aplicaci\u00f3n de una estrategia de mediano y largo plazos para tener la disponibilidad de agua y adaptar la agricultura a esas condiciones, expres\u00f3.<\/p>\n<p>Como parte de su gira de trabajo por la entidad, el funcionario federal dijo que la instrumentaci\u00f3n de esquemas de reconversi\u00f3n productiva a cultivos con menor demanda de l\u00edquido, cuidado de suelos agr\u00edcolas y ciclos productivos m\u00e1s cortos, representan alternativas para la mitigaci\u00f3n de los efectos del cambio clim\u00e1tico.<\/p>\n<p>El director general de la Conagua, Germ\u00e1n Arturo Mart\u00ednez Santoyo, expres\u00f3 que el DR-025 ha enfrentado factores que impactan la producci\u00f3n agropecuaria en la regi\u00f3n, por lo que el proyecto de estimulaci\u00f3n de lluvias, operado por Agricultura, es una opci\u00f3n para disminuir los efectos de la sequ\u00eda.<\/p>\n<p>Se\u00f1al\u00f3 que se requiere trabajar en la atenci\u00f3n de la emergencia y en acciones de planeaci\u00f3n, mediante alternativas que permitan mitigar la falta de agua, adem\u00e1s de desarrollar programas de modernizaci\u00f3n de la infraestructura hidr\u00e1ulica que generen ahorros en el uso de agua y mayor productividad.<\/p>\n<p>Resalt\u00f3 que el DR-025 es un modelo a seguir en t\u00e9rminos de uso eficiente de agua, por lo que se acelerar\u00e1 el proceso para establecer los anexos de ejecuci\u00f3n necesarios que permitan rehabilitar la infraestructura hidr\u00e1ulica, para lo cual la Comisi\u00f3n destinar\u00e1 76 millones de pesos.<\/p>\n<p>Entre las acciones consideradas, se prev\u00e9 la instrumentaci\u00f3n del proyecto de estimulaci\u00f3n de lluvias, con el apoyo de la Secretar\u00eda de la Defensa Nacional, en todo el sistema de presas en la zona norte de Tamaulipas, Chihuahua y Nuevo Le\u00f3n que permita contrarrestar los efectos de la sequ\u00eda, incrementar la producci\u00f3n y mejorar las condiciones de agricultores y ganaderos.<\/p>\n<p>Tambi\u00e9n, se estableci\u00f3 un apoyo emergente para mitigar el costo de producci\u00f3n por mil 485 pesos por hect\u00e1rea (con hasta 50 hect\u00e1reas por productor) y la gesti\u00f3n con aseguradoras \u2013como la Aseguradora Agropecuaria y de Bienes Patrimoniales del Gobierno Federal (Agroasemex)\u2014, intermediarios financieros y banca de desarrollo, para facilitar la reestructura de cartera y acceso a financiamiento.<\/p>\n<p>Representantes de los productores expresaron su benepl\u00e1cito de que en esta reuni\u00f3n participaran, por primera vez, los titulares de Agricultura y de Conagua, lo que representa un hecho sin precedentes para el DR-025 y solicitaron explorar alternativas en conjunto para recuperar la productividad en la zona.<\/p>\n<p>Como parte de su gira de trabajo por Tamaulipas, el secretario Villalobos Ar\u00e1mbula tambi\u00e9n recorri\u00f3 el Distrito de Desarrollo Rural 155 D\u00edaz Ordaz, asentado en el municipio de Reynosa.<\/p>\n","protected":false},"excerpt":{"rendered":"<p>\u2022 El Gobierno de M\u00e9xico integr\u00f3 un programa de acciones extraordinarias para productores del Distrito&#8230;<\/p>\n","protected":false},"author":1,"featured_media":5115,"comment_status":"open","ping_status":"open","sticky":false,"template":"","format":"standard","meta":{"footnotes":"","jetpack_publicize_message":"","jetpack_publicize_feature_enabled":true,"jetpack_social_post_already_shared":false,"jetpack_social_options":{"image_generator_settings":{"template":"highway","default_image_id":0,"font":"","enabled":false},"version":2}},"categories":[11],"tags":[],"class_list":["post-5114","post","type-post","status-publish","format-standard","has-post-thumbnail","hentry","category-nacional"],"jetpack_publicize_connections":[],"_links":{"self":[{"href":"https:\/\/www.buroperiodistico.com.mx\/index.php?rest_route=\/wp\/v2\/posts\/5114","targetHints":{"allow":["GET"]}}],"collection":[{"href":"https:\/\/www.buroperiodistico.com.mx\/index.php?rest_route=\/wp\/v2\/posts"}],"about":[{"href":"https:\/\/www.buroperiodistico.com.mx\/index.php?rest_route=\/wp\/v2\/types\/post"}],"author":[{"embeddable":true,"href":"https:\/\/www.buroperiodistico.com.mx\/index.php?rest_route=\/wp\/v2\/users\/1"}],"replies":[{"embeddable":true,"href":"https:\/\/www.buroperiodistico.com.mx\/index.php?rest_route=%2Fwp%2Fv2%2Fcomments&post=5114"}],"version-history":[{"count":0,"href":"https:\/\/www.buroperiodistico.com.mx\/index.php?rest_route=\/wp\/v2\/posts\/5114\/revisions"}],"wp:featuredmedia":[{"embeddable":true,"href":"https:\/\/www.buroperiodistico.com.mx\/index.php?rest_route=\/wp\/v2\/media\/5115"}],"wp:attachment":[{"href":"https:\/\/www.buroperiodistico.com.mx\/index.php?rest_route=%2Fwp%2Fv2%2Fmedia&parent=5114"}],"wp:term":[{"taxonomy":"category","embeddable":true,"href":"https:\/\/www.buroperiodistico.com.mx\/index.php?rest_route=%2Fwp%2Fv2%2Fcategories&post=5114"},{"taxonomy":"post_tag","embeddable":true,"href":"https:\/\/www.buroperiodistico.com.mx\/index.php?rest_route=%2Fwp%2Fv2%2Ftags&post=5114"}],"curies":[{"name":"wp","href":"https:\/\/api.w.org\/{rel}","templated":true}]}}