{"id":41384,"date":"2023-01-11T19:12:49","date_gmt":"2023-01-12T01:12:49","guid":{"rendered":"https:\/\/www.buroperiodistico.com.mx\/?p=41384"},"modified":"2023-01-11T19:12:49","modified_gmt":"2023-01-12T01:12:49","slug":"juntos-consolidaremos-la-transformacion-dice-jr-a-tampico-y-madero","status":"publish","type":"post","link":"https:\/\/www.buroperiodistico.com.mx\/?p=41384","title":{"rendered":"Juntos consolidaremos la Transformaci\u00f3n dice JR a Tampico y Madero"},"content":{"rendered":"<p><em><strong><img loading=\"lazy\" decoding=\"async\" class=\"alignright  wp-image-41392\" src=\"https:\/\/www.buroperiodistico.com.mx\/wp-content\/uploads\/2023\/01\/Zenadorx.jpeg\" alt=\"\" width=\"615\" height=\"350\" srcset=\"https:\/\/www.buroperiodistico.com.mx\/wp-content\/uploads\/2023\/01\/Zenadorx.jpeg 1024w, https:\/\/www.buroperiodistico.com.mx\/wp-content\/uploads\/2023\/01\/Zenadorx-300x171.jpeg 300w, https:\/\/www.buroperiodistico.com.mx\/wp-content\/uploads\/2023\/01\/Zenadorx-768x437.jpeg 768w\" sizes=\"auto, (max-width: 615px) 100vw, 615px\" \/>CIUDAD MADERO, TAM (11-Enero-2023).-<\/strong><\/em> El compromiso de los maderenses es trabajar por el presente y futuro de Tamaulipas, de la mano de Jos\u00e9 Ram\u00f3n G\u00f3mez Leal \u00abJR\u00bb, afirm\u00f3 David Anaya Mosqueda.<\/p>\n<p>\u00abNecesitamos seguir impulsando pol\u00edticas p\u00fablicas que responden a las necesidades propias del pueblo, es la \u00fanica manera de seguir avanzando\u00bb expres\u00f3, ante militantes y simpatizantes de Morena y PT, para llamar al voto el pr\u00f3ximo 19 de febrero.<\/p>\n<p>Agreg\u00f3 que ha cuatro a\u00f1os de distancia, Madero es un municipio que d\u00eda a d\u00eda construye la esperanza y que hoy, con el candidato al Senado JR por la coalici\u00f3n \u00abJuntos Haremos Historia en Tamaulipas\u00bb, volver\u00e1 a refrendar su vocaci\u00f3n transformadora.<\/p>\n<p>\u00abHoy junto a JR, haremos del Senado de la Rep\u00fablica, la plataforma donde se siga construyendo una naci\u00f3n justa, moderna, equitativa, para todos\u00bb, subray\u00f3, David Anaya Mosqueda.<\/p>\n<p>Dijo, que la verdadera transformaci\u00f3n se sustenta en un principio fundamental por el bien de M\u00e9xico, por el bien de Tamaulipas y por el bien de Madero: \u00abprimero los pobres\u00bb.<\/p>\n<p>Durante su gira de campa\u00f1a por los municipios de Madero y Tampico, el candidato de Morena y PT, Jos\u00e9 Ram\u00f3n G\u00f3mez Leal, manifest\u00f3 que, \u00absin todos ustedes no es posible que se haga un movimiento, sin todos ustedes no es posible que siga adelante la transformaci\u00f3n\u00bb.<\/p>\n<p>Frente a mil 200 maderenses congregados en la playa Miramar, dijo sentirse muy contento con Morena y PT, \u00abpor darme esta oportunidad, mi compromiso ser\u00e1 por todo Tamaulipas\u00bb.<\/p>\n<p>Por su parte, la compa\u00f1era de f\u00f3rmula, Paola L\u00f3pez, reiter\u00f3 su compromiso de lucha, para seguir adelante con la Cuarta Transformaci\u00f3n, que su padre, el doctor Faustino L\u00f3pez Vargas, ayud\u00f3 a cimentar en Tamaulipas y todo M\u00e9xico.<\/p>\n<p><img loading=\"lazy\" decoding=\"async\" class=\"size-full wp-image-41387 aligncenter\" src=\"https:\/\/www.buroperiodistico.com.mx\/wp-content\/uploads\/2023\/01\/Zenadorx-III.jpeg\" alt=\"\" width=\"640\" height=\"426\" srcset=\"https:\/\/www.buroperiodistico.com.mx\/wp-content\/uploads\/2023\/01\/Zenadorx-III.jpeg 640w, https:\/\/www.buroperiodistico.com.mx\/wp-content\/uploads\/2023\/01\/Zenadorx-III-300x200.jpeg 300w\" sizes=\"auto, (max-width: 640px) 100vw, 640px\" \/> <img loading=\"lazy\" decoding=\"async\" class=\"size-full wp-image-41386 aligncenter\" src=\"https:\/\/www.buroperiodistico.com.mx\/wp-content\/uploads\/2023\/01\/Zenadorx-II.jpeg\" alt=\"\" width=\"640\" height=\"426\" srcset=\"https:\/\/www.buroperiodistico.com.mx\/wp-content\/uploads\/2023\/01\/Zenadorx-II.jpeg 640w, https:\/\/www.buroperiodistico.com.mx\/wp-content\/uploads\/2023\/01\/Zenadorx-II-300x200.jpeg 300w\" sizes=\"auto, (max-width: 640px) 100vw, 640px\" \/> <img loading=\"lazy\" decoding=\"async\" class=\"size-full wp-image-41391 aligncenter\" src=\"https:\/\/www.buroperiodistico.com.mx\/wp-content\/uploads\/2023\/01\/Zenadorx-IIIIIII.jpeg\" alt=\"\" width=\"640\" height=\"426\" srcset=\"https:\/\/www.buroperiodistico.com.mx\/wp-content\/uploads\/2023\/01\/Zenadorx-IIIIIII.jpeg 640w, https:\/\/www.buroperiodistico.com.mx\/wp-content\/uploads\/2023\/01\/Zenadorx-IIIIIII-300x200.jpeg 300w\" sizes=\"auto, (max-width: 640px) 100vw, 640px\" \/> <img loading=\"lazy\" decoding=\"async\" class=\"size-full wp-image-41390 aligncenter\" src=\"https:\/\/www.buroperiodistico.com.mx\/wp-content\/uploads\/2023\/01\/Zenadorx-IIIIII.jpeg\" alt=\"\" width=\"640\" height=\"426\" srcset=\"https:\/\/www.buroperiodistico.com.mx\/wp-content\/uploads\/2023\/01\/Zenadorx-IIIIII.jpeg 640w, https:\/\/www.buroperiodistico.com.mx\/wp-content\/uploads\/2023\/01\/Zenadorx-IIIIII-300x200.jpeg 300w\" sizes=\"auto, (max-width: 640px) 100vw, 640px\" \/> <img loading=\"lazy\" decoding=\"async\" class=\"size-full wp-image-41389 aligncenter\" src=\"https:\/\/www.buroperiodistico.com.mx\/wp-content\/uploads\/2023\/01\/Zenadorx-IIIII.jpeg\" alt=\"\" width=\"640\" height=\"426\" srcset=\"https:\/\/www.buroperiodistico.com.mx\/wp-content\/uploads\/2023\/01\/Zenadorx-IIIII.jpeg 640w, https:\/\/www.buroperiodistico.com.mx\/wp-content\/uploads\/2023\/01\/Zenadorx-IIIII-300x200.jpeg 300w\" sizes=\"auto, (max-width: 640px) 100vw, 640px\" \/> <img loading=\"lazy\" decoding=\"async\" class=\"size-full wp-image-41388 aligncenter\" src=\"https:\/\/www.buroperiodistico.com.mx\/wp-content\/uploads\/2023\/01\/Zenadorx-IIII.jpeg\" alt=\"\" width=\"640\" height=\"426\" srcset=\"https:\/\/www.buroperiodistico.com.mx\/wp-content\/uploads\/2023\/01\/Zenadorx-IIII.jpeg 640w, https:\/\/www.buroperiodistico.com.mx\/wp-content\/uploads\/2023\/01\/Zenadorx-IIII-300x200.jpeg 300w\" sizes=\"auto, (max-width: 640px) 100vw, 640px\" \/> <img loading=\"lazy\" decoding=\"async\" class=\"size-full wp-image-41385 aligncenter\" src=\"https:\/\/www.buroperiodistico.com.mx\/wp-content\/uploads\/2023\/01\/Zenadorx-I.jpeg\" alt=\"\" width=\"640\" height=\"426\" srcset=\"https:\/\/www.buroperiodistico.com.mx\/wp-content\/uploads\/2023\/01\/Zenadorx-I.jpeg 640w, https:\/\/www.buroperiodistico.com.mx\/wp-content\/uploads\/2023\/01\/Zenadorx-I-300x200.jpeg 300w\" sizes=\"auto, (max-width: 640px) 100vw, 640px\" \/><\/p>\n<div style=\"width: 640px;\" class=\"wp-video\"><video class=\"wp-video-shortcode\" id=\"video-41384-1\" width=\"640\" height=\"352\" preload=\"metadata\" controls=\"controls\"><source type=\"video\/mp4\" src=\"https:\/\/www.buroperiodistico.com.mx\/wp-content\/uploads\/2023\/01\/WhatsApp-Video-2023-01-11-at-7.00.56-PM.mp4?_=1\" \/><a href=\"https:\/\/www.buroperiodistico.com.mx\/wp-content\/uploads\/2023\/01\/WhatsApp-Video-2023-01-11-at-7.00.56-PM.mp4\">https:\/\/www.buroperiodistico.com.mx\/wp-content\/uploads\/2023\/01\/WhatsApp-Video-2023-01-11-at-7.00.56-PM.mp4<\/a><\/video><\/div>\n","protected":false},"excerpt":{"rendered":"<p>CIUDAD MADERO, TAM (11-Enero-2023).- El compromiso de los maderenses es trabajar por el presente y&#8230;<\/p>\n","protected":false},"author":1,"featured_media":41392,"comment_status":"open","ping_status":"open","sticky":false,"template":"","format":"standard","meta":{"footnotes":"","jetpack_publicize_message":"","jetpack_publicize_feature_enabled":true,"jetpack_social_post_already_shared":false,"jetpack_social_options":{"image_generator_settings":{"template":"highway","default_image_id":0,"font":"","enabled":false},"version":2}},"categories":[10],"tags":[],"class_list":["post-41384","post","type-post","status-publish","format-standard","has-post-thumbnail","hentry","category-tamaulipas"],"jetpack_publicize_connections":[],"_links":{"self":[{"href":"https:\/\/www.buroperiodistico.com.mx\/index.php?rest_route=\/wp\/v2\/posts\/41384","targetHints":{"allow":["GET"]}}],"collection":[{"href":"https:\/\/www.buroperiodistico.com.mx\/index.php?rest_route=\/wp\/v2\/posts"}],"about":[{"href":"https:\/\/www.buroperiodistico.com.mx\/index.php?rest_route=\/wp\/v2\/types\/post"}],"author":[{"embeddable":true,"href":"https:\/\/www.buroperiodistico.com.mx\/index.php?rest_route=\/wp\/v2\/users\/1"}],"replies":[{"embeddable":true,"href":"https:\/\/www.buroperiodistico.com.mx\/index.php?rest_route=%2Fwp%2Fv2%2Fcomments&post=41384"}],"version-history":[{"count":0,"href":"https:\/\/www.buroperiodistico.com.mx\/index.php?rest_route=\/wp\/v2\/posts\/41384\/revisions"}],"wp:featuredmedia":[{"embeddable":true,"href":"https:\/\/www.buroperiodistico.com.mx\/index.php?rest_route=\/wp\/v2\/media\/41392"}],"wp:attachment":[{"href":"https:\/\/www.buroperiodistico.com.mx\/index.php?rest_route=%2Fwp%2Fv2%2Fmedia&parent=41384"}],"wp:term":[{"taxonomy":"category","embeddable":true,"href":"https:\/\/www.buroperiodistico.com.mx\/index.php?rest_route=%2Fwp%2Fv2%2Fcategories&post=41384"},{"taxonomy":"post_tag","embeddable":true,"href":"https:\/\/www.buroperiodistico.com.mx\/index.php?rest_route=%2Fwp%2Fv2%2Ftags&post=41384"}],"curies":[{"name":"wp","href":"https:\/\/api.w.org\/{rel}","templated":true}]}}