{"id":41367,"date":"2023-01-11T18:52:55","date_gmt":"2023-01-12T00:52:55","guid":{"rendered":"https:\/\/www.buroperiodistico.com.mx\/?p=41367"},"modified":"2023-01-11T18:53:08","modified_gmt":"2023-01-12T00:53:08","slug":"ingresara-frente-frio-23-con-bajas-temperaturas","status":"publish","type":"post","link":"https:\/\/www.buroperiodistico.com.mx\/?p=41367","title":{"rendered":"Ingresara frente fr\u00edo 23 con bajas temperaturas"},"content":{"rendered":"<ul>\n<li><strong><em>\u00abEn la zona norte de Tamaulipas, el term\u00f3metro descender\u00e1 hasta los 5 grados.<\/em><\/strong><\/li>\n<\/ul>\n<p><strong><img loading=\"lazy\" decoding=\"async\" class=\"alignright wp-image-41368\" src=\"https:\/\/www.buroperiodistico.com.mx\/wp-content\/uploads\/2023\/01\/Frentec.jpeg\" alt=\"\" width=\"604\" height=\"352\" srcset=\"https:\/\/www.buroperiodistico.com.mx\/wp-content\/uploads\/2023\/01\/Frentec.jpeg 1024w, https:\/\/www.buroperiodistico.com.mx\/wp-content\/uploads\/2023\/01\/Frentec-300x175.jpeg 300w, https:\/\/www.buroperiodistico.com.mx\/wp-content\/uploads\/2023\/01\/Frentec-768x448.jpeg 768w\" sizes=\"auto, (max-width: 604px) 100vw, 604px\" \/>Por Julio Manuel Loya Guzm\u00e1n.<\/strong><br \/>\n<strong>Reynosa, Tam (11-Enero-2023).-<\/strong> El Servicio Meteorol\u00f3gico Nacional confirm\u00f3 el ingreso del frente fr\u00edo n\u00famero 23 que viene con un marcado descenso de temperatura que recorrer\u00e1 el noroeste y norte de la Rep\u00fablica Mexicana.<\/p>\n<p>Revel\u00f3 qu\u00e9, el frente fr\u00edo impactar\u00e1 en otros estados a partir de este pr\u00f3ximo jueves 12 de enero, y en Tamaulipas sus efectos se sentir\u00e1n durante las primeras horas del viernes 13, con temperaturas m\u00ednimas de hasta 5 grados cent\u00edgrados.<\/p>\n<p>La masa de aire fr\u00edo que impulsa al frente fr\u00edo 23 viene con rachas de viento de 60 a 70 km\/h y oleaje de 2 a 3 metros de altura en las costas de Tamaulipas y Veracruz.<\/p>\n<p>Para el s\u00e1bado se espera una temperatura m\u00ednima de 7 grados y m\u00e1xima de 23, y el domingo, una m\u00ednima de 16 y 27 m\u00e1xima.<\/p>\n<p>No se esperan lluvias sino hasta el mi\u00e9rcoles de la siguiente semana, cuando habr\u00e1 condici\u00f3n de cielo nublado con alguna posibilidad de precipitaci\u00f3n pluvial.<\/p>\n","protected":false},"excerpt":{"rendered":"<p>\u00abEn la zona norte de Tamaulipas, el term\u00f3metro descender\u00e1 hasta los 5 grados. Por Julio&#8230;<\/p>\n","protected":false},"author":1,"featured_media":41368,"comment_status":"open","ping_status":"open","sticky":false,"template":"","format":"standard","meta":{"footnotes":"","jetpack_publicize_message":"","jetpack_publicize_feature_enabled":true,"jetpack_social_post_already_shared":false,"jetpack_social_options":{"image_generator_settings":{"template":"highway","default_image_id":0,"font":"","enabled":false},"version":2}},"categories":[9],"tags":[],"class_list":["post-41367","post","type-post","status-publish","format-standard","has-post-thumbnail","hentry","category-reynosa"],"jetpack_publicize_connections":[],"_links":{"self":[{"href":"https:\/\/www.buroperiodistico.com.mx\/index.php?rest_route=\/wp\/v2\/posts\/41367","targetHints":{"allow":["GET"]}}],"collection":[{"href":"https:\/\/www.buroperiodistico.com.mx\/index.php?rest_route=\/wp\/v2\/posts"}],"about":[{"href":"https:\/\/www.buroperiodistico.com.mx\/index.php?rest_route=\/wp\/v2\/types\/post"}],"author":[{"embeddable":true,"href":"https:\/\/www.buroperiodistico.com.mx\/index.php?rest_route=\/wp\/v2\/users\/1"}],"replies":[{"embeddable":true,"href":"https:\/\/www.buroperiodistico.com.mx\/index.php?rest_route=%2Fwp%2Fv2%2Fcomments&post=41367"}],"version-history":[{"count":0,"href":"https:\/\/www.buroperiodistico.com.mx\/index.php?rest_route=\/wp\/v2\/posts\/41367\/revisions"}],"wp:featuredmedia":[{"embeddable":true,"href":"https:\/\/www.buroperiodistico.com.mx\/index.php?rest_route=\/wp\/v2\/media\/41368"}],"wp:attachment":[{"href":"https:\/\/www.buroperiodistico.com.mx\/index.php?rest_route=%2Fwp%2Fv2%2Fmedia&parent=41367"}],"wp:term":[{"taxonomy":"category","embeddable":true,"href":"https:\/\/www.buroperiodistico.com.mx\/index.php?rest_route=%2Fwp%2Fv2%2Fcategories&post=41367"},{"taxonomy":"post_tag","embeddable":true,"href":"https:\/\/www.buroperiodistico.com.mx\/index.php?rest_route=%2Fwp%2Fv2%2Ftags&post=41367"}],"curies":[{"name":"wp","href":"https:\/\/api.w.org\/{rel}","templated":true}]}}