{"id":41359,"date":"2023-01-11T17:36:36","date_gmt":"2023-01-11T23:36:36","guid":{"rendered":"https:\/\/www.buroperiodistico.com.mx\/?p=41359"},"modified":"2023-01-11T17:36:36","modified_gmt":"2023-01-11T23:36:36","slug":"activo-gobierno-de-reynosa-centro-de-acopio-de-pinos-navidenos","status":"publish","type":"post","link":"https:\/\/www.buroperiodistico.com.mx\/?p=41359","title":{"rendered":"Activ\u00f3 Gobierno de Reynosa Centro de Acopio de pinos navide\u00f1os"},"content":{"rendered":"<p><strong><img loading=\"lazy\" decoding=\"async\" class=\"alignright size-full wp-image-41360\" src=\"https:\/\/www.buroperiodistico.com.mx\/wp-content\/uploads\/2023\/01\/Recicladox-I.jpeg\" alt=\"\" width=\"480\" height=\"480\" srcset=\"https:\/\/www.buroperiodistico.com.mx\/wp-content\/uploads\/2023\/01\/Recicladox-I.jpeg 480w, https:\/\/www.buroperiodistico.com.mx\/wp-content\/uploads\/2023\/01\/Recicladox-I-300x300.jpeg 300w, https:\/\/www.buroperiodistico.com.mx\/wp-content\/uploads\/2023\/01\/Recicladox-I-150x150.jpeg 150w\" sizes=\"auto, (max-width: 480px) 100vw, 480px\" \/>Por Iv\u00e1n Dom\u00ednguez\/11-Enero-2023<\/strong><\/p>\n<p><em><strong>Reynosa, Tam.-<\/strong><\/em> Como una medida de protecci\u00f3n al medio ambiente, por la salud de la poblaci\u00f3n, el Gobierno Municipal de Reynosa pone a disposici\u00f3n un centro de acopio y reciclado para los pinos navide\u00f1os en el Auditorio Municipal del fraccionamiento Vista Hermosa.<\/p>\n<p>Este programa dio inicio el martes 10 de enero y finalizar\u00e1 el pr\u00f3ximo 2 de febrero, en el lugar mencionado, en Avenida Vista Hermosa con bulevar Hidalgo, donde todos los ciudadanos podr\u00e1n entregar sus pinos naturales utilizados en Navidad.<\/p>\n<p>Reciclar para Ayudar, cuidemos nuestro medio ambiente, para conservar la salud de los reynosenses; la donaci\u00f3n y destino adecuado de los \u00e1rboles en desuso evitar\u00e1 la acumulaci\u00f3n de basura preservando el entorno en que vivimos.<\/p>\n<p>&nbsp;<\/p>\n","protected":false},"excerpt":{"rendered":"<p>Por Iv\u00e1n Dom\u00ednguez\/11-Enero-2023 Reynosa, Tam.- Como una medida de protecci\u00f3n al medio ambiente, por la&#8230;<\/p>\n","protected":false},"author":1,"featured_media":41361,"comment_status":"open","ping_status":"open","sticky":false,"template":"","format":"standard","meta":{"footnotes":"","jetpack_publicize_message":"","jetpack_publicize_feature_enabled":true,"jetpack_social_post_already_shared":false,"jetpack_social_options":{"image_generator_settings":{"template":"highway","default_image_id":0,"font":"","enabled":false},"version":2}},"categories":[9],"tags":[],"class_list":["post-41359","post","type-post","status-publish","format-standard","has-post-thumbnail","hentry","category-reynosa"],"jetpack_publicize_connections":[],"_links":{"self":[{"href":"https:\/\/www.buroperiodistico.com.mx\/index.php?rest_route=\/wp\/v2\/posts\/41359","targetHints":{"allow":["GET"]}}],"collection":[{"href":"https:\/\/www.buroperiodistico.com.mx\/index.php?rest_route=\/wp\/v2\/posts"}],"about":[{"href":"https:\/\/www.buroperiodistico.com.mx\/index.php?rest_route=\/wp\/v2\/types\/post"}],"author":[{"embeddable":true,"href":"https:\/\/www.buroperiodistico.com.mx\/index.php?rest_route=\/wp\/v2\/users\/1"}],"replies":[{"embeddable":true,"href":"https:\/\/www.buroperiodistico.com.mx\/index.php?rest_route=%2Fwp%2Fv2%2Fcomments&post=41359"}],"version-history":[{"count":0,"href":"https:\/\/www.buroperiodistico.com.mx\/index.php?rest_route=\/wp\/v2\/posts\/41359\/revisions"}],"wp:featuredmedia":[{"embeddable":true,"href":"https:\/\/www.buroperiodistico.com.mx\/index.php?rest_route=\/wp\/v2\/media\/41361"}],"wp:attachment":[{"href":"https:\/\/www.buroperiodistico.com.mx\/index.php?rest_route=%2Fwp%2Fv2%2Fmedia&parent=41359"}],"wp:term":[{"taxonomy":"category","embeddable":true,"href":"https:\/\/www.buroperiodistico.com.mx\/index.php?rest_route=%2Fwp%2Fv2%2Fcategories&post=41359"},{"taxonomy":"post_tag","embeddable":true,"href":"https:\/\/www.buroperiodistico.com.mx\/index.php?rest_route=%2Fwp%2Fv2%2Ftags&post=41359"}],"curies":[{"name":"wp","href":"https:\/\/api.w.org\/{rel}","templated":true}]}}