{"id":41353,"date":"2023-01-11T17:31:12","date_gmt":"2023-01-11T23:31:12","guid":{"rendered":"https:\/\/www.buroperiodistico.com.mx\/?p=41353"},"modified":"2023-01-11T17:31:12","modified_gmt":"2023-01-11T23:31:12","slug":"cuente-con-el-apoyo-de-los-26-mil-trabajadores-cetemistas-de-altamira-para-llevarlo-al-senado-jaime-garcia-contreras","status":"publish","type":"post","link":"https:\/\/www.buroperiodistico.com.mx\/?p=41353","title":{"rendered":"Cuente con el apoyo de los 26 mil trabajadores cetemistas de Altamira para llevarlo al Senado: Jaime Garc\u00eda Contreras"},"content":{"rendered":"<ul>\n<li><strong><em>EL DIRIGENTE DE TRABAJADORES CETEMISTAS MOSTR\u00d3 LA ADHESI\u00d3N DE LOS SINDICATOS AFILIADOS A ESTE ORGANISMO, AL PROYECTO DE MANUEL MU\u00d1OZ PORQUE DIJO, CONOCE EL SECTOR LABORAL.<\/em><\/strong><\/li>\n<\/ul>\n<p><strong><img loading=\"lazy\" decoding=\"async\" class=\"alignright  wp-image-41357\" src=\"https:\/\/www.buroperiodistico.com.mx\/wp-content\/uploads\/2023\/01\/Cetemistasx.jpeg\" alt=\"\" width=\"514\" height=\"294\" srcset=\"https:\/\/www.buroperiodistico.com.mx\/wp-content\/uploads\/2023\/01\/Cetemistasx.jpeg 1024w, https:\/\/www.buroperiodistico.com.mx\/wp-content\/uploads\/2023\/01\/Cetemistasx-300x172.jpeg 300w, https:\/\/www.buroperiodistico.com.mx\/wp-content\/uploads\/2023\/01\/Cetemistasx-768x440.jpeg 768w\" sizes=\"auto, (max-width: 514px) 100vw, 514px\" \/>Altamira, Tam (11-Enero-2023).-<\/strong> Porque conoce nuestro sector, los trabajadores de la CTM Altamira apoyar\u00e1n el proyecto de Manuel Mu\u00f1oz para llevarlo al Senado de la Rep\u00fablica.<\/p>\n<p>As\u00ed lo declar\u00f3 el dirigente sindical, Jaime Enrique Garc\u00eda Contreras, quien dijo que la CTM aglutina a m\u00e1s de una decena de sindicatos que brindan apoyo de manera altruista a la sociedad por lo que trabajar\u00e1n en pos del Verde y su candidato al Senado.<\/p>\n<p>Manuel Mu\u00f1oz dijo sentirse muy satisfecho por estas muestras de adhesi\u00f3n a sus propuestas por parte de los trabajadores de este polo de desarrollo ejemplo nacional, el cual inici\u00f3 como un municipio agropecuario pero que se ha consolidado con la instalaci\u00f3n de la industria qu\u00edmica y petroquimica, debido a la apertura del puerto industrial.<\/p>\n<p>Hoy en d\u00eda, Altamira se encuentra entre los dos primeros lugares a nivel nacional en el manejo de carga y es el n\u00famero uno en manejo de fluidos petroqu\u00edmicos, lo cual ha sido posible en gran medida por su calidad se mano de obra.<\/p>\n<p>La Confederaci\u00f3n de Trabajadores de M\u00e9xico (CTM) en Altamira, representa a 20 sindicatos locales y 3 nacionales que en su totalidad suman m\u00e1s de 26 mil trabajadores tan solo en este municipio.<\/p>\n<p>\u00abQueremos que vean al Verde Tamaulipas como un partido de la gente de bien, quienes anhelamos el bienestar para todos, que vean que este partido es una opci\u00f3n pol\u00edtica real\u00bb, dijo el candidato.<\/p>\n<p>Mu\u00f1oz Cano dijo a los presentes que quiere ser senador para que los tamaulipecos est\u00e9n bien representados en el Congreso de la Uni\u00f3n, para dar seguimiento puntual a sus propuestas.<\/p>\n<p><img loading=\"lazy\" decoding=\"async\" class=\"size-full wp-image-41354 aligncenter\" src=\"https:\/\/www.buroperiodistico.com.mx\/wp-content\/uploads\/2023\/01\/Cetemistasx-I.jpeg\" alt=\"\" width=\"640\" height=\"427\" srcset=\"https:\/\/www.buroperiodistico.com.mx\/wp-content\/uploads\/2023\/01\/Cetemistasx-I.jpeg 640w, https:\/\/www.buroperiodistico.com.mx\/wp-content\/uploads\/2023\/01\/Cetemistasx-I-300x200.jpeg 300w\" sizes=\"auto, (max-width: 640px) 100vw, 640px\" \/> <img loading=\"lazy\" decoding=\"async\" class=\"size-full wp-image-41356 aligncenter\" src=\"https:\/\/www.buroperiodistico.com.mx\/wp-content\/uploads\/2023\/01\/Cetemistasx-III.jpeg\" alt=\"\" width=\"640\" height=\"427\" srcset=\"https:\/\/www.buroperiodistico.com.mx\/wp-content\/uploads\/2023\/01\/Cetemistasx-III.jpeg 640w, https:\/\/www.buroperiodistico.com.mx\/wp-content\/uploads\/2023\/01\/Cetemistasx-III-300x200.jpeg 300w\" sizes=\"auto, (max-width: 640px) 100vw, 640px\" \/> <img loading=\"lazy\" decoding=\"async\" class=\"size-full wp-image-41355 aligncenter\" src=\"https:\/\/www.buroperiodistico.com.mx\/wp-content\/uploads\/2023\/01\/Cetemistasx-II.jpeg\" alt=\"\" width=\"640\" height=\"427\" srcset=\"https:\/\/www.buroperiodistico.com.mx\/wp-content\/uploads\/2023\/01\/Cetemistasx-II.jpeg 640w, https:\/\/www.buroperiodistico.com.mx\/wp-content\/uploads\/2023\/01\/Cetemistasx-II-300x200.jpeg 300w\" sizes=\"auto, (max-width: 640px) 100vw, 640px\" \/><\/p>\n","protected":false},"excerpt":{"rendered":"<p>EL DIRIGENTE DE TRABAJADORES CETEMISTAS MOSTR\u00d3 LA ADHESI\u00d3N DE LOS SINDICATOS AFILIADOS A ESTE ORGANISMO,&#8230;<\/p>\n","protected":false},"author":1,"featured_media":41357,"comment_status":"open","ping_status":"open","sticky":false,"template":"","format":"standard","meta":{"footnotes":"","jetpack_publicize_message":"","jetpack_publicize_feature_enabled":true,"jetpack_social_post_already_shared":false,"jetpack_social_options":{"image_generator_settings":{"template":"highway","default_image_id":0,"font":"","enabled":false},"version":2}},"categories":[19,25],"tags":[],"class_list":["post-41353","post","type-post","status-publish","format-standard","has-post-thumbnail","hentry","category-altamira","category-portada"],"jetpack_publicize_connections":[],"_links":{"self":[{"href":"https:\/\/www.buroperiodistico.com.mx\/index.php?rest_route=\/wp\/v2\/posts\/41353","targetHints":{"allow":["GET"]}}],"collection":[{"href":"https:\/\/www.buroperiodistico.com.mx\/index.php?rest_route=\/wp\/v2\/posts"}],"about":[{"href":"https:\/\/www.buroperiodistico.com.mx\/index.php?rest_route=\/wp\/v2\/types\/post"}],"author":[{"embeddable":true,"href":"https:\/\/www.buroperiodistico.com.mx\/index.php?rest_route=\/wp\/v2\/users\/1"}],"replies":[{"embeddable":true,"href":"https:\/\/www.buroperiodistico.com.mx\/index.php?rest_route=%2Fwp%2Fv2%2Fcomments&post=41353"}],"version-history":[{"count":0,"href":"https:\/\/www.buroperiodistico.com.mx\/index.php?rest_route=\/wp\/v2\/posts\/41353\/revisions"}],"wp:featuredmedia":[{"embeddable":true,"href":"https:\/\/www.buroperiodistico.com.mx\/index.php?rest_route=\/wp\/v2\/media\/41357"}],"wp:attachment":[{"href":"https:\/\/www.buroperiodistico.com.mx\/index.php?rest_route=%2Fwp%2Fv2%2Fmedia&parent=41353"}],"wp:term":[{"taxonomy":"category","embeddable":true,"href":"https:\/\/www.buroperiodistico.com.mx\/index.php?rest_route=%2Fwp%2Fv2%2Fcategories&post=41353"},{"taxonomy":"post_tag","embeddable":true,"href":"https:\/\/www.buroperiodistico.com.mx\/index.php?rest_route=%2Fwp%2Fv2%2Ftags&post=41353"}],"curies":[{"name":"wp","href":"https:\/\/api.w.org\/{rel}","templated":true}]}}