{"id":41014,"date":"2023-01-08T12:55:40","date_gmt":"2023-01-08T18:55:40","guid":{"rendered":"https:\/\/www.buroperiodistico.com.mx\/?p=41014"},"modified":"2023-01-08T12:55:44","modified_gmt":"2023-01-08T18:55:44","slug":"mi-compromiso-es-permanecer-con-la-gente-imelda","status":"publish","type":"post","link":"https:\/\/www.buroperiodistico.com.mx\/?p=41014","title":{"rendered":"Mi compromiso es permanecer con la gente: Imelda"},"content":{"rendered":"<p><em><strong><img loading=\"lazy\" decoding=\"async\" class=\"alignright wp-image-41019\" src=\"https:\/\/www.buroperiodistico.com.mx\/wp-content\/uploads\/2023\/01\/Imeldaxc.jpeg\" alt=\"\" width=\"616\" height=\"324\" srcset=\"https:\/\/www.buroperiodistico.com.mx\/wp-content\/uploads\/2023\/01\/Imeldaxc.jpeg 1024w, https:\/\/www.buroperiodistico.com.mx\/wp-content\/uploads\/2023\/01\/Imeldaxc-300x158.jpeg 300w, https:\/\/www.buroperiodistico.com.mx\/wp-content\/uploads\/2023\/01\/Imeldaxc-768x404.jpeg 768w\" sizes=\"auto, (max-width: 616px) 100vw, 616px\" \/>Cd. Victoria, Tam.-<\/strong><\/em> Este fin de semana la candidata al senado por la alianza \u201cVa por M\u00e9xico\u201d Imelda Sanmiguel S\u00e1nchez, visit\u00f3 los municipios de Casas, G\u00fc\u00e9mez, Padilla y Soto la Marina, donde tuvo la oportunidad de reunirse con la gente del campo.<\/p>\n<p>Durante su visita, la abanderada del PAN, PRI y PRD dirigi\u00f3 su mensaje a todos los productores, quienes han sido los principales afectados de las malas pol\u00edticas p\u00fablicas del gobierno federal, quien los ha dejado desprotegidos y sin apoyos.<\/p>\n<p>\u201cMe comprometo a defender desde el senado los incentivos que le corresponden al campo y representar\u00e9 con orgullo a todas y todos los ciudadanos\u201d se\u00f1al\u00f3.<\/p>\n<p>As\u00ed mismo, sostuvo que m\u00e1s que una alianza entre partidos, este compromiso que ha adquirido, representa una alianza con la gente.<\/p>\n<p>\u201cPara poder trabajar de una mejor forma tenemos que estar en comunicaci\u00f3n con los ciudadanos, como pol\u00edticos o como servidores p\u00fablicos, no nos podemos ir a sentar a un escritorio. Tenemos que seguir en contacto con la ciudadan\u00eda para poder incrementar y poder llevar las mejores pol\u00edticas p\u00fablicas que nos van a llevar a tener un mejor estado y un mejor pa\u00eds\u201d sostuvo la candidata.<\/p>\n<p>La l\u00edder panista conden\u00f3 la guerra sucia que encabeza el gobierno en su contra, programando entregas de apoyos durante eventos pol\u00edticos, para amenazar a los beneficiarios con retirarles dichos incentivos.<\/p>\n<p>\u201cTenemos que decirle a la gente que los apoyos no se les pueden quitar, esos est\u00e1n en la constituci\u00f3n y no les pueden decir si no votas por tal partido te vamos a quitar los apoyos, eso lo debemos de tener bien consciente.\u201d Afirm\u00f3<\/p>\n<p>Por \u00faltimo, exhort\u00f3 a las y los ciudadanos a tomar el control este 19 de febrero, saliendo a votar para defender ese lugar en el senado que puede detener el retroceso que se est\u00e1 viviendo en M\u00e9xico.<\/p>\n<p><img loading=\"lazy\" decoding=\"async\" class=\"size-full wp-image-41015 aligncenter\" src=\"https:\/\/www.buroperiodistico.com.mx\/wp-content\/uploads\/2023\/01\/Imeldaxc-I.jpeg\" alt=\"\" width=\"480\" height=\"480\" srcset=\"https:\/\/www.buroperiodistico.com.mx\/wp-content\/uploads\/2023\/01\/Imeldaxc-I.jpeg 480w, https:\/\/www.buroperiodistico.com.mx\/wp-content\/uploads\/2023\/01\/Imeldaxc-I-300x300.jpeg 300w, https:\/\/www.buroperiodistico.com.mx\/wp-content\/uploads\/2023\/01\/Imeldaxc-I-150x150.jpeg 150w\" sizes=\"auto, (max-width: 480px) 100vw, 480px\" \/> <img loading=\"lazy\" decoding=\"async\" class=\"size-full wp-image-41018 aligncenter\" src=\"https:\/\/www.buroperiodistico.com.mx\/wp-content\/uploads\/2023\/01\/Imeldaxc-IIII.jpeg\" alt=\"\" width=\"640\" height=\"317\" srcset=\"https:\/\/www.buroperiodistico.com.mx\/wp-content\/uploads\/2023\/01\/Imeldaxc-IIII.jpeg 640w, https:\/\/www.buroperiodistico.com.mx\/wp-content\/uploads\/2023\/01\/Imeldaxc-IIII-300x149.jpeg 300w\" sizes=\"auto, (max-width: 640px) 100vw, 640px\" \/> <img loading=\"lazy\" decoding=\"async\" class=\"size-full wp-image-41017 aligncenter\" src=\"https:\/\/www.buroperiodistico.com.mx\/wp-content\/uploads\/2023\/01\/Imeldaxc-III.jpeg\" alt=\"\" width=\"640\" height=\"391\" srcset=\"https:\/\/www.buroperiodistico.com.mx\/wp-content\/uploads\/2023\/01\/Imeldaxc-III.jpeg 640w, https:\/\/www.buroperiodistico.com.mx\/wp-content\/uploads\/2023\/01\/Imeldaxc-III-300x183.jpeg 300w\" sizes=\"auto, (max-width: 640px) 100vw, 640px\" \/> <img loading=\"lazy\" decoding=\"async\" class=\"size-full wp-image-41016 aligncenter\" src=\"https:\/\/www.buroperiodistico.com.mx\/wp-content\/uploads\/2023\/01\/Imeldaxc-II.jpeg\" alt=\"\" width=\"480\" height=\"480\" srcset=\"https:\/\/www.buroperiodistico.com.mx\/wp-content\/uploads\/2023\/01\/Imeldaxc-II.jpeg 480w, https:\/\/www.buroperiodistico.com.mx\/wp-content\/uploads\/2023\/01\/Imeldaxc-II-300x300.jpeg 300w, https:\/\/www.buroperiodistico.com.mx\/wp-content\/uploads\/2023\/01\/Imeldaxc-II-150x150.jpeg 150w\" sizes=\"auto, (max-width: 480px) 100vw, 480px\" \/><\/p>\n","protected":false},"excerpt":{"rendered":"<p>Cd. Victoria, Tam.- Este fin de semana la candidata al senado por la alianza \u201cVa&#8230;<\/p>\n","protected":false},"author":1,"featured_media":41019,"comment_status":"open","ping_status":"open","sticky":false,"template":"","format":"standard","meta":{"footnotes":"","jetpack_publicize_message":"","jetpack_publicize_feature_enabled":true,"jetpack_social_post_already_shared":false,"jetpack_social_options":{"image_generator_settings":{"template":"highway","default_image_id":0,"font":"","enabled":false},"version":2}},"categories":[17],"tags":[],"class_list":["post-41014","post","type-post","status-publish","format-standard","has-post-thumbnail","hentry","category-ciudadvictoria"],"jetpack_publicize_connections":[],"_links":{"self":[{"href":"https:\/\/www.buroperiodistico.com.mx\/index.php?rest_route=\/wp\/v2\/posts\/41014","targetHints":{"allow":["GET"]}}],"collection":[{"href":"https:\/\/www.buroperiodistico.com.mx\/index.php?rest_route=\/wp\/v2\/posts"}],"about":[{"href":"https:\/\/www.buroperiodistico.com.mx\/index.php?rest_route=\/wp\/v2\/types\/post"}],"author":[{"embeddable":true,"href":"https:\/\/www.buroperiodistico.com.mx\/index.php?rest_route=\/wp\/v2\/users\/1"}],"replies":[{"embeddable":true,"href":"https:\/\/www.buroperiodistico.com.mx\/index.php?rest_route=%2Fwp%2Fv2%2Fcomments&post=41014"}],"version-history":[{"count":0,"href":"https:\/\/www.buroperiodistico.com.mx\/index.php?rest_route=\/wp\/v2\/posts\/41014\/revisions"}],"wp:featuredmedia":[{"embeddable":true,"href":"https:\/\/www.buroperiodistico.com.mx\/index.php?rest_route=\/wp\/v2\/media\/41019"}],"wp:attachment":[{"href":"https:\/\/www.buroperiodistico.com.mx\/index.php?rest_route=%2Fwp%2Fv2%2Fmedia&parent=41014"}],"wp:term":[{"taxonomy":"category","embeddable":true,"href":"https:\/\/www.buroperiodistico.com.mx\/index.php?rest_route=%2Fwp%2Fv2%2Fcategories&post=41014"},{"taxonomy":"post_tag","embeddable":true,"href":"https:\/\/www.buroperiodistico.com.mx\/index.php?rest_route=%2Fwp%2Fv2%2Ftags&post=41014"}],"curies":[{"name":"wp","href":"https:\/\/api.w.org\/{rel}","templated":true}]}}