{"id":41008,"date":"2023-01-08T11:33:53","date_gmt":"2023-01-08T17:33:53","guid":{"rendered":"https:\/\/www.buroperiodistico.com.mx\/?p=41008"},"modified":"2023-01-08T11:33:53","modified_gmt":"2023-01-08T17:33:53","slug":"visita-jr-la-mitad-del-estado-en-9-dias","status":"publish","type":"post","link":"https:\/\/www.buroperiodistico.com.mx\/?p=41008","title":{"rendered":"Visita JR la mitad del estado en 9 d\u00edas"},"content":{"rendered":"<ul>\n<li><strong><em>JR listo para a\u00f1adir dos ejes m\u00e1s a propuesta de campa\u00f1a<\/em><\/strong><\/li>\n<\/ul>\n<p><strong><img loading=\"lazy\" decoding=\"async\" class=\"alignright  wp-image-41012\" src=\"https:\/\/www.buroperiodistico.com.mx\/wp-content\/uploads\/2023\/01\/Vizitax.jpeg\" alt=\"\" width=\"585\" height=\"350\" srcset=\"https:\/\/www.buroperiodistico.com.mx\/wp-content\/uploads\/2023\/01\/Vizitax.jpeg 1024w, https:\/\/www.buroperiodistico.com.mx\/wp-content\/uploads\/2023\/01\/Vizitax-300x179.jpeg 300w, https:\/\/www.buroperiodistico.com.mx\/wp-content\/uploads\/2023\/01\/Vizitax-768x459.jpeg 768w\" sizes=\"auto, (max-width: 585px) 100vw, 585px\" \/>SOTO LA MARINA, TAM (8-Enero-2023).-<\/strong> A nueve d\u00edas de iniciada la campa\u00f1a proselitista rumbo al Senado, Jos\u00e9 Ram\u00f3n G\u00f3mez Leal \u201cJR\u201d, ha recorrido la mitad de los municipios que conforman la entidad.<\/p>\n<p>Durante sus encuentros con las estructuras de Morena y Partido del Trabajo, el candidato de la coalici\u00f3n \u201cJuntos Hacemos Historia en Tamaulipas\u201d, les ha explicado la funci\u00f3n de un Senador de la Rep\u00fablica, y el porque de su inter\u00e9s de ganar el pr\u00f3ximo 19 de febrero la elecci\u00f3n extraordinaria, \u201cnecesitamos fortalecer las acciones impulsadas por la Cuarta Transformaci\u00f3n, solo as\u00ed garantizamos el futuro de las generaciones venideras\u201d.<\/p>\n<p>En nueve d\u00edas de campa\u00f1a proselitista, el abanderado de Morena y PT ha logrado permear en el gusto de la ventaja electoral, toda vez que, de acuerdo a las encuestas publicadas por \u201cHeraldo\u201d y \u201cPolls\u201d le dan la ventaja en la elecci\u00f3n extraordinaria al Senado.<\/p>\n<p>Adem\u00e1s de pedirles a las estructuras y simpatizantes de Morena y PT, refrendar el voto el pr\u00f3ximo 19 de febrero\u00a0 \u201cporqu\u00e9 esta curul ya nos pertenec\u00eda desde el 2018, debemos seguir defendiendo la 4T\u201d, el morenista, ha presentado, durante sus encuentros, los cinco ejes de su campa\u00f1a.<\/p>\n<p>Estos ejes contemplan impulsar mejores leyes en migraci\u00f3n, comercio exterior, seguridad, energ\u00eda y bienestar social; sin embargo, y debido al inter\u00e9s que han mostrado los tamaulipecos, JR incluir\u00e1 dos propuestas legislativas m\u00e1s, que es campo y j\u00f3venes.<\/p>\n<p>Hasta el momento, JR a visitado Victoria, Jaumave, Jim\u00e9nez, Padilla, G\u00fc\u00e9mez, Valle Hermoso, San Fernando, Reynosa, Cruillas, Burgos, M\u00e9ndez, Rio Bravo, Nuevo Laredo, Guerrero, Mier, D\u00edaz Ordaz, Camargo, Altamira, Matamoros, Gonz\u00e1lez, Soto La Marina y Aldama.<\/p>\n<p style=\"text-align: center;\"><strong>LE COMPONEN CORRIDO A JR<\/strong><\/p>\n<p>En Soto La Marina, el candidato JR de Morena y PT, fue sorprendido con el ingenio y talento del se\u00f1or Efrain Hern\u00e1ndez, quien le compuso un corrido, que enton\u00f3 frente a los m\u00e1s de 300 asistentes al encuentro con militantes en ese municipio.<\/p>\n<p>Entre verso y verso, el autor de esta pieza musical, que refleja parte de la cultura tamaulipeca, describe la personalidad de JR y del porqu\u00e9 lo siguen las mayor\u00edas.<\/p>\n<p><img loading=\"lazy\" decoding=\"async\" class=\"size-full wp-image-41009 aligncenter\" src=\"https:\/\/www.buroperiodistico.com.mx\/wp-content\/uploads\/2023\/01\/Vizitax-I.jpeg\" alt=\"\" width=\"640\" height=\"426\" srcset=\"https:\/\/www.buroperiodistico.com.mx\/wp-content\/uploads\/2023\/01\/Vizitax-I.jpeg 640w, https:\/\/www.buroperiodistico.com.mx\/wp-content\/uploads\/2023\/01\/Vizitax-I-300x200.jpeg 300w\" sizes=\"auto, (max-width: 640px) 100vw, 640px\" \/> <img loading=\"lazy\" decoding=\"async\" class=\"size-full wp-image-41011 aligncenter\" src=\"https:\/\/www.buroperiodistico.com.mx\/wp-content\/uploads\/2023\/01\/Vizitax-III.jpeg\" alt=\"\" width=\"640\" height=\"426\" srcset=\"https:\/\/www.buroperiodistico.com.mx\/wp-content\/uploads\/2023\/01\/Vizitax-III.jpeg 640w, https:\/\/www.buroperiodistico.com.mx\/wp-content\/uploads\/2023\/01\/Vizitax-III-300x200.jpeg 300w\" sizes=\"auto, (max-width: 640px) 100vw, 640px\" \/> <img loading=\"lazy\" decoding=\"async\" class=\"size-full wp-image-41010 aligncenter\" src=\"https:\/\/www.buroperiodistico.com.mx\/wp-content\/uploads\/2023\/01\/Vizitax-II.jpeg\" alt=\"\" width=\"640\" height=\"426\" srcset=\"https:\/\/www.buroperiodistico.com.mx\/wp-content\/uploads\/2023\/01\/Vizitax-II.jpeg 640w, https:\/\/www.buroperiodistico.com.mx\/wp-content\/uploads\/2023\/01\/Vizitax-II-300x200.jpeg 300w\" sizes=\"auto, (max-width: 640px) 100vw, 640px\" \/><\/p>\n","protected":false},"excerpt":{"rendered":"<p>JR listo para a\u00f1adir dos ejes m\u00e1s a propuesta de campa\u00f1a SOTO LA MARINA, TAM&#8230;<\/p>\n","protected":false},"author":1,"featured_media":41012,"comment_status":"open","ping_status":"open","sticky":false,"template":"","format":"standard","meta":{"footnotes":"","jetpack_publicize_message":"","jetpack_publicize_feature_enabled":true,"jetpack_social_post_already_shared":false,"jetpack_social_options":{"image_generator_settings":{"template":"highway","default_image_id":0,"font":"","enabled":false},"version":2}},"categories":[10],"tags":[],"class_list":["post-41008","post","type-post","status-publish","format-standard","has-post-thumbnail","hentry","category-tamaulipas"],"jetpack_publicize_connections":[],"_links":{"self":[{"href":"https:\/\/www.buroperiodistico.com.mx\/index.php?rest_route=\/wp\/v2\/posts\/41008","targetHints":{"allow":["GET"]}}],"collection":[{"href":"https:\/\/www.buroperiodistico.com.mx\/index.php?rest_route=\/wp\/v2\/posts"}],"about":[{"href":"https:\/\/www.buroperiodistico.com.mx\/index.php?rest_route=\/wp\/v2\/types\/post"}],"author":[{"embeddable":true,"href":"https:\/\/www.buroperiodistico.com.mx\/index.php?rest_route=\/wp\/v2\/users\/1"}],"replies":[{"embeddable":true,"href":"https:\/\/www.buroperiodistico.com.mx\/index.php?rest_route=%2Fwp%2Fv2%2Fcomments&post=41008"}],"version-history":[{"count":0,"href":"https:\/\/www.buroperiodistico.com.mx\/index.php?rest_route=\/wp\/v2\/posts\/41008\/revisions"}],"wp:featuredmedia":[{"embeddable":true,"href":"https:\/\/www.buroperiodistico.com.mx\/index.php?rest_route=\/wp\/v2\/media\/41012"}],"wp:attachment":[{"href":"https:\/\/www.buroperiodistico.com.mx\/index.php?rest_route=%2Fwp%2Fv2%2Fmedia&parent=41008"}],"wp:term":[{"taxonomy":"category","embeddable":true,"href":"https:\/\/www.buroperiodistico.com.mx\/index.php?rest_route=%2Fwp%2Fv2%2Fcategories&post=41008"},{"taxonomy":"post_tag","embeddable":true,"href":"https:\/\/www.buroperiodistico.com.mx\/index.php?rest_route=%2Fwp%2Fv2%2Ftags&post=41008"}],"curies":[{"name":"wp","href":"https:\/\/api.w.org\/{rel}","templated":true}]}}