{"id":41001,"date":"2023-01-07T22:41:53","date_gmt":"2023-01-08T04:41:53","guid":{"rendered":"https:\/\/www.buroperiodistico.com.mx\/?p=41001"},"modified":"2023-01-08T13:58:43","modified_gmt":"2023-01-08T19:58:43","slug":"clausuran-con-dia-de-reyes-en-reynosa-tradicion-decembrina","status":"publish","type":"post","link":"https:\/\/www.buroperiodistico.com.mx\/?p=41001","title":{"rendered":"Clausuran con D\u00eda de Reyes en Reynosa tradici\u00f3n decembrina"},"content":{"rendered":"<p><strong><img loading=\"lazy\" decoding=\"async\" class=\"alignright wp-image-41026\" src=\"https:\/\/www.buroperiodistico.com.mx\/wp-content\/uploads\/2023\/01\/Clausuarax.jpeg\" alt=\"\" width=\"557\" height=\"301\" srcset=\"https:\/\/www.buroperiodistico.com.mx\/wp-content\/uploads\/2023\/01\/Clausuarax.jpeg 1024w, https:\/\/www.buroperiodistico.com.mx\/wp-content\/uploads\/2023\/01\/Clausuarax-300x162.jpeg 300w, https:\/\/www.buroperiodistico.com.mx\/wp-content\/uploads\/2023\/01\/Clausuarax-768x415.jpeg 768w\" sizes=\"auto, (max-width: 557px) 100vw, 557px\" \/>Por Iv\u00e1n Dom\u00ednguez\/7-Enero-2023<\/strong><\/p>\n<p><em><strong>Reynosa, Tam.-<\/strong><\/em> Celebrando la tradici\u00f3n del D\u00eda de Reyes concluyeron las fiestas decembrinas de Navidad y fin de a\u00f1o, con la clausura de la pista de hielo y apagado del pino de la plaza principal Miguel Hidalgo, con la presencia de cientos de familias que tienen el gusto por la convivencia popular de la temporada.<\/p>\n<p>Cientos de ni\u00f1os, ni\u00f1as y adolescentes asistieron a la clausura realizada por el Gobierno Municipal de Reynosa, en la que participaron todos como invitados especiales para pasar de las fiestas decembrinas y a\u00f1o nuevo a las actividades generales en este 2023.<\/p>\n<p>Los ni\u00f1os disfrutaron del D\u00eda de Reyes y junto con los padres de familia y representantes del Sistema DIF-Reynosa despidieron el per\u00edodo vacacional con alegr\u00eda, en una convivencia popular tradicional que simboliza el amor, la paz y la esperanza.<\/p>\n<p><img loading=\"lazy\" decoding=\"async\" class=\"size-full wp-image-41025 aligncenter\" src=\"https:\/\/www.buroperiodistico.com.mx\/wp-content\/uploads\/2023\/01\/Clausuarax-I.jpeg\" alt=\"\" width=\"640\" height=\"360\" srcset=\"https:\/\/www.buroperiodistico.com.mx\/wp-content\/uploads\/2023\/01\/Clausuarax-I.jpeg 640w, https:\/\/www.buroperiodistico.com.mx\/wp-content\/uploads\/2023\/01\/Clausuarax-I-300x169.jpeg 300w\" sizes=\"auto, (max-width: 640px) 100vw, 640px\" \/><\/p>\n<p><img loading=\"lazy\" decoding=\"async\" class=\"size-full wp-image-41034 aligncenter\" src=\"https:\/\/www.buroperiodistico.com.mx\/wp-content\/uploads\/2023\/01\/Clausuarax-II.jpeg\" alt=\"\" width=\"420\" height=\"640\" srcset=\"https:\/\/www.buroperiodistico.com.mx\/wp-content\/uploads\/2023\/01\/Clausuarax-II.jpeg 420w, https:\/\/www.buroperiodistico.com.mx\/wp-content\/uploads\/2023\/01\/Clausuarax-II-197x300.jpeg 197w\" sizes=\"auto, (max-width: 420px) 100vw, 420px\" \/> <img loading=\"lazy\" decoding=\"async\" class=\"size-full wp-image-41035 aligncenter\" src=\"https:\/\/www.buroperiodistico.com.mx\/wp-content\/uploads\/2023\/01\/Clausuarax-IIi.jpeg\" alt=\"\" width=\"640\" height=\"361\" srcset=\"https:\/\/www.buroperiodistico.com.mx\/wp-content\/uploads\/2023\/01\/Clausuarax-IIi.jpeg 640w, https:\/\/www.buroperiodistico.com.mx\/wp-content\/uploads\/2023\/01\/Clausuarax-IIi-300x169.jpeg 300w\" sizes=\"auto, (max-width: 640px) 100vw, 640px\" \/><\/p>\n","protected":false},"excerpt":{"rendered":"<p>Por Iv\u00e1n Dom\u00ednguez\/7-Enero-2023 Reynosa, Tam.- Celebrando la tradici\u00f3n del D\u00eda de Reyes concluyeron las fiestas&#8230;<\/p>\n","protected":false},"author":1,"featured_media":41026,"comment_status":"open","ping_status":"open","sticky":false,"template":"","format":"standard","meta":{"footnotes":"","jetpack_publicize_message":"","jetpack_publicize_feature_enabled":true,"jetpack_social_post_already_shared":false,"jetpack_social_options":{"image_generator_settings":{"template":"highway","default_image_id":0,"font":"","enabled":false},"version":2}},"categories":[25,9],"tags":[],"class_list":["post-41001","post","type-post","status-publish","format-standard","has-post-thumbnail","hentry","category-portada","category-reynosa"],"jetpack_publicize_connections":[],"_links":{"self":[{"href":"https:\/\/www.buroperiodistico.com.mx\/index.php?rest_route=\/wp\/v2\/posts\/41001","targetHints":{"allow":["GET"]}}],"collection":[{"href":"https:\/\/www.buroperiodistico.com.mx\/index.php?rest_route=\/wp\/v2\/posts"}],"about":[{"href":"https:\/\/www.buroperiodistico.com.mx\/index.php?rest_route=\/wp\/v2\/types\/post"}],"author":[{"embeddable":true,"href":"https:\/\/www.buroperiodistico.com.mx\/index.php?rest_route=\/wp\/v2\/users\/1"}],"replies":[{"embeddable":true,"href":"https:\/\/www.buroperiodistico.com.mx\/index.php?rest_route=%2Fwp%2Fv2%2Fcomments&post=41001"}],"version-history":[{"count":0,"href":"https:\/\/www.buroperiodistico.com.mx\/index.php?rest_route=\/wp\/v2\/posts\/41001\/revisions"}],"wp:featuredmedia":[{"embeddable":true,"href":"https:\/\/www.buroperiodistico.com.mx\/index.php?rest_route=\/wp\/v2\/media\/41026"}],"wp:attachment":[{"href":"https:\/\/www.buroperiodistico.com.mx\/index.php?rest_route=%2Fwp%2Fv2%2Fmedia&parent=41001"}],"wp:term":[{"taxonomy":"category","embeddable":true,"href":"https:\/\/www.buroperiodistico.com.mx\/index.php?rest_route=%2Fwp%2Fv2%2Fcategories&post=41001"},{"taxonomy":"post_tag","embeddable":true,"href":"https:\/\/www.buroperiodistico.com.mx\/index.php?rest_route=%2Fwp%2Fv2%2Ftags&post=41001"}],"curies":[{"name":"wp","href":"https:\/\/api.w.org\/{rel}","templated":true}]}}