{"id":4081,"date":"2022-02-26T14:02:18","date_gmt":"2022-02-26T20:02:18","guid":{"rendered":"https:\/\/www.buroperiodistico.com.mx\/?p=4081"},"modified":"2022-02-26T14:02:18","modified_gmt":"2022-02-26T20:02:18","slug":"entregan-144-pares-de-lentes","status":"publish","type":"post","link":"https:\/\/www.buroperiodistico.com.mx\/?p=4081","title":{"rendered":"ENTREGAN 144 PARES DE LENTES"},"content":{"rendered":"<p><em><strong><img loading=\"lazy\" decoding=\"async\" class=\"alignright  wp-image-4085\" src=\"https:\/\/www.buroperiodistico.com.mx\/wp-content\/uploads\/2022\/02\/Carmen-15.jpeg\" alt=\"\" width=\"531\" height=\"296\" srcset=\"https:\/\/www.buroperiodistico.com.mx\/wp-content\/uploads\/2022\/02\/Carmen-15.jpeg 1024w, https:\/\/www.buroperiodistico.com.mx\/wp-content\/uploads\/2022\/02\/Carmen-15-300x167.jpeg 300w, https:\/\/www.buroperiodistico.com.mx\/wp-content\/uploads\/2022\/02\/Carmen-15-768x428.jpeg 768w\" sizes=\"auto, (max-width: 531px) 100vw, 531px\" \/>Nuevo Laredo, Tam.-<\/strong><\/em> Un total de 144 pares de lentes fueron entregados a ciudadanos que realizaron su petici\u00f3n a trav\u00e9s de los s\u00edndicos y regidores del Ayuntamiento de Nuevo Laredo, lo que representa un gran ahorro econ\u00f3mico.<\/p>\n<p>La alcaldesa Carmen Lilia Canturosas Villarreal, se\u00f1al\u00f3 que estas son parte de las acciones que realiza el Gobierno Municipal, de apoyar a las personas que no cuentan, en este caso, con el recurso suficiente para adquirir sus anteojos.<\/p>\n<p>\u00abEstamos trabajando por todos ustedes, ya que queremos brindarles un beneficio real, donde esto que estamos haciendo es de coraz\u00f3n, al escuchar cada uno de sus reclamos y peticiones, por lo que estamos comprometidos con las familias de Nuevo Laredo\u00bb, dijo Canturosas Villarreal.<\/p>\n<p>Por su parte, Margarita Orona Ortiz, agradeci\u00f3 el apoyo otorgado de sus pares de lentes, ya que era algo que requer\u00eda.<\/p>\n<p>\u00abQuiero agradecer a usted alcaldesa por el apoyo que nos est\u00e1 dando con la graduaci\u00f3n de lentes, ya que no es solamente para leer, sino que muchos tenemos graduaciones complejas y costosas, por lo que muchas gracias\u00bb, mencion\u00f3 Orona Ortiz.<\/p>\n<p>Por su parte, Cristina Santos P\u00e9rez, coment\u00f3 que al obtener su par de lentes, esto se traduce en un ahorro muy significativo, para ella y su familia.<\/p>\n<p>\u00abMis lentes son progresivos y son de 3 mil pesos, entonces es una ayuda muy buena, as\u00ed que agradezco por el apoyo\u00bb, dijo emocionada\u00a0 Cristina Santos<\/p>\n<p>En tanto que Benjam\u00edn Escobedo, felicit\u00f3 al Ayuntamiento de Nuevo Laredo, por darles este obsequio, que sin duda es de gran ayuda.<\/p>\n<p>La entrega de los lentes se realiz\u00f3 en las instalaciones del Centro C\u00edvico, donde tambi\u00e9n estuvieron presentes s\u00edndicos y regidores del Gobierno Municipal.<\/p>\n<p><img loading=\"lazy\" decoding=\"async\" class=\"size-full wp-image-4084 aligncenter\" src=\"https:\/\/www.buroperiodistico.com.mx\/wp-content\/uploads\/2022\/02\/Carmen-II-11.jpeg\" alt=\"\" width=\"640\" height=\"427\" srcset=\"https:\/\/www.buroperiodistico.com.mx\/wp-content\/uploads\/2022\/02\/Carmen-II-11.jpeg 640w, https:\/\/www.buroperiodistico.com.mx\/wp-content\/uploads\/2022\/02\/Carmen-II-11-300x200.jpeg 300w\" sizes=\"auto, (max-width: 640px) 100vw, 640px\" \/> <img loading=\"lazy\" decoding=\"async\" class=\"size-full wp-image-4083 aligncenter\" src=\"https:\/\/www.buroperiodistico.com.mx\/wp-content\/uploads\/2022\/02\/Carmen-I-15.jpeg\" alt=\"\" width=\"640\" height=\"427\" srcset=\"https:\/\/www.buroperiodistico.com.mx\/wp-content\/uploads\/2022\/02\/Carmen-I-15.jpeg 640w, https:\/\/www.buroperiodistico.com.mx\/wp-content\/uploads\/2022\/02\/Carmen-I-15-300x200.jpeg 300w\" sizes=\"auto, (max-width: 640px) 100vw, 640px\" \/><\/p>\n<div style=\"width: 640px;\" class=\"wp-video\"><video class=\"wp-video-shortcode\" id=\"video-4081-1\" width=\"640\" height=\"360\" preload=\"metadata\" controls=\"controls\"><source type=\"video\/mp4\" src=\"https:\/\/www.buroperiodistico.com.mx\/wp-content\/uploads\/2022\/02\/24-DE-FEBRERO-ENTREGA-DE-LENTES-GRADUADOS-CLCR-.mp4?_=1\" \/><a href=\"https:\/\/www.buroperiodistico.com.mx\/wp-content\/uploads\/2022\/02\/24-DE-FEBRERO-ENTREGA-DE-LENTES-GRADUADOS-CLCR-.mp4\">https:\/\/www.buroperiodistico.com.mx\/wp-content\/uploads\/2022\/02\/24-DE-FEBRERO-ENTREGA-DE-LENTES-GRADUADOS-CLCR-.mp4<\/a><\/video><\/div>\n","protected":false},"excerpt":{"rendered":"<p>Nuevo Laredo, Tam.- Un total de 144 pares de lentes fueron entregados a ciudadanos que&#8230;<\/p>\n","protected":false},"author":1,"featured_media":4085,"comment_status":"open","ping_status":"open","sticky":false,"template":"","format":"standard","meta":{"footnotes":"","jetpack_publicize_message":"","jetpack_publicize_feature_enabled":true,"jetpack_social_post_already_shared":false,"jetpack_social_options":{"image_generator_settings":{"template":"highway","default_image_id":0,"font":"","enabled":false},"version":2}},"categories":[16,25],"tags":[],"class_list":["post-4081","post","type-post","status-publish","format-standard","has-post-thumbnail","hentry","category-nuevolaredo","category-portada"],"jetpack_publicize_connections":[],"_links":{"self":[{"href":"https:\/\/www.buroperiodistico.com.mx\/index.php?rest_route=\/wp\/v2\/posts\/4081","targetHints":{"allow":["GET"]}}],"collection":[{"href":"https:\/\/www.buroperiodistico.com.mx\/index.php?rest_route=\/wp\/v2\/posts"}],"about":[{"href":"https:\/\/www.buroperiodistico.com.mx\/index.php?rest_route=\/wp\/v2\/types\/post"}],"author":[{"embeddable":true,"href":"https:\/\/www.buroperiodistico.com.mx\/index.php?rest_route=\/wp\/v2\/users\/1"}],"replies":[{"embeddable":true,"href":"https:\/\/www.buroperiodistico.com.mx\/index.php?rest_route=%2Fwp%2Fv2%2Fcomments&post=4081"}],"version-history":[{"count":0,"href":"https:\/\/www.buroperiodistico.com.mx\/index.php?rest_route=\/wp\/v2\/posts\/4081\/revisions"}],"wp:featuredmedia":[{"embeddable":true,"href":"https:\/\/www.buroperiodistico.com.mx\/index.php?rest_route=\/wp\/v2\/media\/4085"}],"wp:attachment":[{"href":"https:\/\/www.buroperiodistico.com.mx\/index.php?rest_route=%2Fwp%2Fv2%2Fmedia&parent=4081"}],"wp:term":[{"taxonomy":"category","embeddable":true,"href":"https:\/\/www.buroperiodistico.com.mx\/index.php?rest_route=%2Fwp%2Fv2%2Fcategories&post=4081"},{"taxonomy":"post_tag","embeddable":true,"href":"https:\/\/www.buroperiodistico.com.mx\/index.php?rest_route=%2Fwp%2Fv2%2Ftags&post=4081"}],"curies":[{"name":"wp","href":"https:\/\/api.w.org\/{rel}","templated":true}]}}