{"id":34734,"date":"2022-11-18T10:48:32","date_gmt":"2022-11-18T16:48:32","guid":{"rendered":"https:\/\/www.buroperiodistico.com.mx\/?p=34734"},"modified":"2022-11-18T10:48:32","modified_gmt":"2022-11-18T16:48:32","slug":"firmaron-convenio-de-hermanamiento-alcaldes-de-reynosa-tamaulipas-y-de-mercedes-texas","status":"publish","type":"post","link":"https:\/\/www.buroperiodistico.com.mx\/?p=34734","title":{"rendered":"Firmaron Convenio de Hermanamiento Alcaldes de Reynosa, Tamaulipas y de Mercedes, Texas"},"content":{"rendered":"<p><strong><img loading=\"lazy\" decoding=\"async\" class=\"alignright  wp-image-34736\" src=\"https:\/\/www.buroperiodistico.com.mx\/wp-content\/uploads\/2022\/11\/ALcaldesx.jpg\" alt=\"\" width=\"616\" height=\"333\" srcset=\"https:\/\/www.buroperiodistico.com.mx\/wp-content\/uploads\/2022\/11\/ALcaldesx.jpg 1110w, https:\/\/www.buroperiodistico.com.mx\/wp-content\/uploads\/2022\/11\/ALcaldesx-300x162.jpg 300w, https:\/\/www.buroperiodistico.com.mx\/wp-content\/uploads\/2022\/11\/ALcaldesx-1024x554.jpg 1024w, https:\/\/www.buroperiodistico.com.mx\/wp-content\/uploads\/2022\/11\/ALcaldesx-768x415.jpg 768w\" sizes=\"auto, (max-width: 616px) 100vw, 616px\" \/>Por Iv\u00e1n Dom\u00ednguez\/18-Noviembre-2022<\/strong><\/p>\n<p><em><strong>Reynosa, Tam.-<\/strong><\/em> El Alcalde Carlos Pe\u00f1a Ortiz, encabez\u00f3 con el Mayor de Mercedes, Texas, Oscar Montoya, la ceremonia para la firma del Convenio de Hermanamiento de la ciudad texana con el Municipio de Reynosa, que formaliza los lazos hist\u00f3ricos de las familias de ambos lados de la frontera M\u00e9xico-Estados Unidos en esta regi\u00f3n.<\/p>\n<p>El protocolo oficial se llev\u00f3 a cabo este viernes 17 de noviembre, con el prop\u00f3sito de fortalecer los lazos de amistad, e impulsar en el \u00e1mbito econ\u00f3mico el progreso de ambas ciudades, donde el Alcalde fue acompa\u00f1ado por la Regidora Sandra Elizabeth Garza Faz, promotora del acuerdo, y el Regidor Carlos Garc\u00eda Lozano.<\/p>\n<p>Asistieron al trascendental evento, el Secretario de Desarrollo Econ\u00f3mico y del Empleo, Mauricio Trevi\u00f1o Garza; Mario Soria Stamatio, Director de Tr\u00e1nsito; el Gerente de la Ciudad de Mercedes, Alberto P\u00e9rez y los Comisionados Jacob C. Howell y Armando Garc\u00eda.<\/p>\n<p><img loading=\"lazy\" decoding=\"async\" class=\"size-full wp-image-34735 aligncenter\" src=\"https:\/\/www.buroperiodistico.com.mx\/wp-content\/uploads\/2022\/11\/ALcaldesx-I-1.jpeg\" alt=\"\" width=\"640\" height=\"412\" srcset=\"https:\/\/www.buroperiodistico.com.mx\/wp-content\/uploads\/2022\/11\/ALcaldesx-I-1.jpeg 640w, https:\/\/www.buroperiodistico.com.mx\/wp-content\/uploads\/2022\/11\/ALcaldesx-I-1-300x193.jpeg 300w\" sizes=\"auto, (max-width: 640px) 100vw, 640px\" \/><\/p>\n","protected":false},"excerpt":{"rendered":"<p>Por Iv\u00e1n Dom\u00ednguez\/18-Noviembre-2022 Reynosa, Tam.- El Alcalde Carlos Pe\u00f1a Ortiz, encabez\u00f3 con el Mayor de&#8230;<\/p>\n","protected":false},"author":1,"featured_media":34736,"comment_status":"open","ping_status":"open","sticky":false,"template":"","format":"standard","meta":{"footnotes":"","jetpack_publicize_message":"","jetpack_publicize_feature_enabled":true,"jetpack_social_post_already_shared":false,"jetpack_social_options":{"image_generator_settings":{"template":"highway","default_image_id":0,"font":"","enabled":false},"version":2}},"categories":[25,9],"tags":[],"class_list":["post-34734","post","type-post","status-publish","format-standard","has-post-thumbnail","hentry","category-portada","category-reynosa"],"jetpack_publicize_connections":[],"_links":{"self":[{"href":"https:\/\/www.buroperiodistico.com.mx\/index.php?rest_route=\/wp\/v2\/posts\/34734","targetHints":{"allow":["GET"]}}],"collection":[{"href":"https:\/\/www.buroperiodistico.com.mx\/index.php?rest_route=\/wp\/v2\/posts"}],"about":[{"href":"https:\/\/www.buroperiodistico.com.mx\/index.php?rest_route=\/wp\/v2\/types\/post"}],"author":[{"embeddable":true,"href":"https:\/\/www.buroperiodistico.com.mx\/index.php?rest_route=\/wp\/v2\/users\/1"}],"replies":[{"embeddable":true,"href":"https:\/\/www.buroperiodistico.com.mx\/index.php?rest_route=%2Fwp%2Fv2%2Fcomments&post=34734"}],"version-history":[{"count":0,"href":"https:\/\/www.buroperiodistico.com.mx\/index.php?rest_route=\/wp\/v2\/posts\/34734\/revisions"}],"wp:featuredmedia":[{"embeddable":true,"href":"https:\/\/www.buroperiodistico.com.mx\/index.php?rest_route=\/wp\/v2\/media\/34736"}],"wp:attachment":[{"href":"https:\/\/www.buroperiodistico.com.mx\/index.php?rest_route=%2Fwp%2Fv2%2Fmedia&parent=34734"}],"wp:term":[{"taxonomy":"category","embeddable":true,"href":"https:\/\/www.buroperiodistico.com.mx\/index.php?rest_route=%2Fwp%2Fv2%2Fcategories&post=34734"},{"taxonomy":"post_tag","embeddable":true,"href":"https:\/\/www.buroperiodistico.com.mx\/index.php?rest_route=%2Fwp%2Fv2%2Ftags&post=34734"}],"curies":[{"name":"wp","href":"https:\/\/api.w.org\/{rel}","templated":true}]}}