{"id":34728,"date":"2022-11-18T10:19:25","date_gmt":"2022-11-18T16:19:25","guid":{"rendered":"https:\/\/www.buroperiodistico.com.mx\/?p=34728"},"modified":"2022-11-18T10:19:25","modified_gmt":"2022-11-18T16:19:25","slug":"tiempos-de-guerra-por-chano-rangel-73","status":"publish","type":"post","link":"https:\/\/www.buroperiodistico.com.mx\/?p=34728","title":{"rendered":"Tiempos de Guerra\/ Por: Chano Rangel"},"content":{"rendered":"<p><em><strong>(18-Noviembre-2022)<\/strong><\/em><\/p>\n<p style=\"text-align: center;\"><em><strong>\u00a1Marcha de Andr\u00e9s a favor de Andr\u00e9s!<\/strong><\/em><\/p>\n<p>Mire lo que son las cosas, al parecer le cal\u00f3 hondo y harto al presidente la marcha del pasado 13 del presente, que el lunes 14 despotrico en contra de los manifestantes, los exhibi\u00f3 a trav\u00e9s de su conferencia ma\u00f1anera a aquellos, que en alg\u00fan momento fueron sus aliados, como do\u00f1a Elba Esther Gordillo, pieza fundamental para el triunfo de AMLO en el 2018.<\/p>\n<p>Pero la marcha deja muchas ense\u00f1anzas:<\/p>\n<p>La primera, que la oposici\u00f3n de AMLO, no est\u00e1 en los partidos pol\u00edticos, sino en la sociedad civil organizada y dispuesta a defender lo que con esfuerzo y mucho trabajo se ha logrado construir en un pa\u00eds como el nuestro.<\/p>\n<p>Segunda, que la democracia vista en los \u00faltimos 30 a\u00f1os, a partir de la famosa ca\u00edda del Sistema, orquestada por Manuel Bartlett y compa\u00f1\u00eda, que origin\u00f3 la creaci\u00f3n del INE, ha madurado y cambiado el rumbo pol\u00edtico del pa\u00eds.<\/p>\n<p>Tercera, la sociedad civil, la gente com\u00fan, trabajadora, que lucha d\u00eda a d\u00eda y que mantiene en pie al pa\u00eds a pesar de las pol\u00edticas p\u00fablicas err\u00f3neas de este gobierno, no reciben ninguna d\u00e1diva del gobierno, no responden como los borregos al acarreo y a la mentira, esa sociedad se llama Clase Media.<\/p>\n<p>Cuarta, que muchos de los actores y factores que dieron su respaldo a AMLO en el 2018, ahora estuvieron en la marcha \u00bfQu\u00e9 paso? No sabemos si el presidente les minti\u00f3, los traicion\u00f3 o simplemente no les cumpli\u00f3 sus peticiones, en esa negociaci\u00f3n que culmino en su victoria llevando al actual mandatario al poder en su tercera campa\u00f1a presidencial.<\/p>\n<p>Quinta, que una sociedad molesta y lastimada puede ser la oposici\u00f3n m\u00e1s grande que un r\u00e9gimen puede tener, se ha visto en la ca\u00edda de todos los sistemas anti democr\u00e1ticos del mundo, lo vimos en la primavera \u00e1rabe, en el cono sur, con la ca\u00edda de Evo Morales en Bolivia y el cambio de r\u00e9gimen en Chile con la llegada de Gabriel Boric a la presidencia chilena; de esas historias hay muchas m\u00e1s.<\/p>\n<p>Sexta, la marcha hizo palidecer al mismo mandatario, al grado tal que, provoco su ira, su enojo, porque por primera vez en su historia pol\u00edtica, perdi\u00f3 el control de las calles, de las marchas, y ahora el chirri\u00f3n se invirti\u00f3.<\/p>\n<p>Hay muchas m\u00e1s, pero destaco estos puntos, porque jam\u00e1s en la vida pol\u00edtica de Andr\u00e9s Manuel L\u00f3pez Obrador, la sociedad civil, hab\u00eda demostrado su repudio a pol\u00edticas p\u00fablicas err\u00f3neas, hab\u00eda marchado para darle la contra, para demostrar que la oposici\u00f3n no necesita de partidos pol\u00edticos, que una verdadera oposici\u00f3n sale con espontaneidad del pueblo sabio, ese pueblo que tanto alardea AMLO, pero que no respeta en su m\u00ednima expresi\u00f3n.<\/p>\n<p>A calado tan hondo el tema de la marcha que ya el mismo presidente en un caso in\u00e9dito en la historia de M\u00e9xico, organiza una marcha para darse el apoyo as\u00ed mismo, donde su principal argumento es que el pueblo sabio le dijo que organizara esa marcha el pr\u00f3ximo 27 de noviembre, ese pueblo tambi\u00e9n le dio fecha, lugar y hora, faltaba m\u00e1s.<\/p>\n<p>Muy posiblemente se vea el pr\u00f3ximo 27 de noviembre a mucha gente de Morena, brindarle su apoyo a AMLO, ser\u00e1n acarreados, algunos amenazados con quitarles los apoyos que reciben, como los adultos mayores, esta marcha sin duda costar\u00e1 millones y millones en un gobierno con una austeridad franciscana que gasta a manos llenas, cuando se trata de defender el orgullo marchito del Mes\u00edas tropical.<\/p>\n<p>Si, podr\u00e1n llenar el z\u00f3calo, podr\u00e1n llenar las calles de la Ciudad de M\u00e9xico, con gente pagada y acarreada, pero jam\u00e1s ser\u00e1 una marcha genuina y aut\u00e9ntica, una demostraci\u00f3n de poder quiz\u00e1, pero no, no ser\u00e1 una marcha de la sociedad que expresa su forma de pensar muy distinta al presidente.<\/p>\n<p>Al final de cuentas si lo n\u00fameros no mienten, Andr\u00e9s Manuel, lucha contra sus propios demonios, en el 2018, obtuvo 33 millones de votos, en el 2021, penas la mitad de esos votos, sin embargo el padr\u00f3n electoral de M\u00e9xico, es de 95 millones es decir el 34.73 % del padr\u00f3n voto por AMLO, pero el 65.26% m\u00e1s de la mitad de la poblaci\u00f3n no vot\u00f3 por \u00e9l, el pueblo sabio tambi\u00e9n piensa distinto, y no deja de ser sabio, tampoco enemigo de la patria, mucho menos traidores, aspiracionistas y neoliberales, pensar diferente no nos hace enemigos de la naci\u00f3n. Es cu\u00e1nto.<\/p>\n<p>De Aquello y lo dem\u00e1s\u2026<\/p>\n<p>En alcalde de Reynosa, Carlos Pe\u00f1a Ortiz, a trav\u00e9s de la coordinaci\u00f3n de Protecci\u00f3n Civil, Tr\u00e1nsito y Vialidad, ha girado las instrucciones para estar en alerta, por la baja de las temperaturas, con la finalidad de proteger a familias en estado de vulnerabilidad, en toda la ciudad y \u00e1reas rurales del municipio.<\/p>\n<p>Estos operativos cuentan tambi\u00e9n con la participaci\u00f3n de tr\u00e1nsito local, con la finalidad de darle celeridad y un mejor flujo vial a la ciudad, sobre todo en horas pico, donde la aglomeraci\u00f3n de veh\u00edculos se hace patente, y las condiciones climatol\u00f3gicas de esta semana, pueden causar accidentes y da\u00f1os a las familias. Por eso tambi\u00e9n se hace el llamado a los automovilistas a manejar con extrema precauci\u00f3n, y darse el tiempo necesario en sus traslados.<\/p>\n<p>En este operativo est\u00e1 tambi\u00e9n la participaci\u00f3n del DIF Reynosa, que desde ayer mismo realizo un operativo para entregar bebidas calientes a los personas con alg\u00fan s\u00edntoma de vulnerabilidad o que por necesidad apremiante est\u00e1n en la calle, ya sea laborando o en tr\u00e1nsito.<\/p>\n<p>chanorangel@live.com.mx<\/p>\n","protected":false},"excerpt":{"rendered":"<p>(18-Noviembre-2022) \u00a1Marcha de Andr\u00e9s a favor de Andr\u00e9s! Mire lo que son las cosas, al&#8230;<\/p>\n","protected":false},"author":1,"featured_media":8511,"comment_status":"open","ping_status":"open","sticky":false,"template":"","format":"standard","meta":{"footnotes":"","jetpack_publicize_message":"","jetpack_publicize_feature_enabled":true,"jetpack_social_post_already_shared":false,"jetpack_social_options":{"image_generator_settings":{"template":"highway","default_image_id":0,"font":"","enabled":false},"version":2}},"categories":[23],"tags":[],"class_list":["post-34728","post","type-post","status-publish","format-standard","has-post-thumbnail","hentry","category-columnas"],"jetpack_publicize_connections":[],"_links":{"self":[{"href":"https:\/\/www.buroperiodistico.com.mx\/index.php?rest_route=\/wp\/v2\/posts\/34728","targetHints":{"allow":["GET"]}}],"collection":[{"href":"https:\/\/www.buroperiodistico.com.mx\/index.php?rest_route=\/wp\/v2\/posts"}],"about":[{"href":"https:\/\/www.buroperiodistico.com.mx\/index.php?rest_route=\/wp\/v2\/types\/post"}],"author":[{"embeddable":true,"href":"https:\/\/www.buroperiodistico.com.mx\/index.php?rest_route=\/wp\/v2\/users\/1"}],"replies":[{"embeddable":true,"href":"https:\/\/www.buroperiodistico.com.mx\/index.php?rest_route=%2Fwp%2Fv2%2Fcomments&post=34728"}],"version-history":[{"count":0,"href":"https:\/\/www.buroperiodistico.com.mx\/index.php?rest_route=\/wp\/v2\/posts\/34728\/revisions"}],"wp:featuredmedia":[{"embeddable":true,"href":"https:\/\/www.buroperiodistico.com.mx\/index.php?rest_route=\/wp\/v2\/media\/8511"}],"wp:attachment":[{"href":"https:\/\/www.buroperiodistico.com.mx\/index.php?rest_route=%2Fwp%2Fv2%2Fmedia&parent=34728"}],"wp:term":[{"taxonomy":"category","embeddable":true,"href":"https:\/\/www.buroperiodistico.com.mx\/index.php?rest_route=%2Fwp%2Fv2%2Fcategories&post=34728"},{"taxonomy":"post_tag","embeddable":true,"href":"https:\/\/www.buroperiodistico.com.mx\/index.php?rest_route=%2Fwp%2Fv2%2Ftags&post=34728"}],"curies":[{"name":"wp","href":"https:\/\/api.w.org\/{rel}","templated":true}]}}