{"id":34723,"date":"2022-11-18T10:16:52","date_gmt":"2022-11-18T16:16:52","guid":{"rendered":"https:\/\/www.buroperiodistico.com.mx\/?p=34723"},"modified":"2022-11-18T10:16:52","modified_gmt":"2022-11-18T16:16:52","slug":"familias-de-miquihuana-y-bustamante-reciben-beneficios-del-dif-tamaulipas","status":"publish","type":"post","link":"https:\/\/www.buroperiodistico.com.mx\/?p=34723","title":{"rendered":"Familias de Miquihuana y Bustamante reciben beneficios del DIF Tamaulipas"},"content":{"rendered":"<p><strong><em>\u2022 Llevan cientos de apoyos hasta las comunidades de ambos municipios por medio de brigadas asistenciales<\/em><\/strong><\/p>\n<p><strong><img loading=\"lazy\" decoding=\"async\" class=\"alignright  wp-image-34726\" src=\"https:\/\/www.buroperiodistico.com.mx\/wp-content\/uploads\/2022\/11\/DIFCX.jpeg\" alt=\"\" width=\"572\" height=\"296\" srcset=\"https:\/\/www.buroperiodistico.com.mx\/wp-content\/uploads\/2022\/11\/DIFCX.jpeg 1024w, https:\/\/www.buroperiodistico.com.mx\/wp-content\/uploads\/2022\/11\/DIFCX-300x155.jpeg 300w, https:\/\/www.buroperiodistico.com.mx\/wp-content\/uploads\/2022\/11\/DIFCX-768x398.jpeg 768w\" sizes=\"auto, (max-width: 572px) 100vw, 572px\" \/>Bustamante, Tamaulipas (18-Noviembre-2022).-<\/strong> Despu\u00e9s de que durante varias administraciones gubernamentales, las familias del ejido San Jos\u00e9 del Llano en el municipio de Miquihuana, no recib\u00edan una brigada asistencial, finalmente la transformaci\u00f3n lleg\u00f3 hasta ese rinc\u00f3n del altiplano tamaulipeco de mano de la presidenta del DIF Tamaulipas Mar\u00eda de Villarreal.<\/p>\n<p>Seg\u00fan las palabras de Olivia Gonz\u00e1lez Ruiz, del municipio de Bustamante, es muy gratificante que la doctora Mar\u00eda de Villarreal junto a su esposo, el gobernador del Estado Am\u00e9rico Villarreal se hayan preocupado por llevar apoyos hasta esos lugares tan apartados y que hab\u00edan sido olvidados por gobiernos anteriores.<\/p>\n<p>En esta ocasi\u00f3n, los mensajeros de paz acercaron servicios m\u00e9dicos, atenci\u00f3n ciudadana, fortalecimiento familiar y los programas alimentarios y desarrollo comunitario por parte del DIF Estatal, siendo los m\u00e1s demandados por la poblaci\u00f3n.<\/p>\n<p>Adem\u00e1s, diferentes dependencias gubernamentales como la Secretar\u00eda de Educaci\u00f3n, Salud, Desarrollo Econ\u00f3mico y Registro Civil se unieron para atender de manera integral a las familias de esas comunidades.<\/p>\n<p>De esa forma, la esperanza de una mejor forma de vida, queda presente para todos los habitantes de estos dos municipios que con cari\u00f1o recibieron los m\u00faltiples beneficios de las brigadas asistenciales.<\/p>\n<p><img loading=\"lazy\" decoding=\"async\" class=\"size-full wp-image-34724 aligncenter\" src=\"https:\/\/www.buroperiodistico.com.mx\/wp-content\/uploads\/2022\/11\/DIFCX-I.jpeg\" alt=\"\" width=\"640\" height=\"426\" srcset=\"https:\/\/www.buroperiodistico.com.mx\/wp-content\/uploads\/2022\/11\/DIFCX-I.jpeg 640w, https:\/\/www.buroperiodistico.com.mx\/wp-content\/uploads\/2022\/11\/DIFCX-I-300x200.jpeg 300w\" sizes=\"auto, (max-width: 640px) 100vw, 640px\" \/> <img loading=\"lazy\" decoding=\"async\" class=\"size-full wp-image-34725 aligncenter\" src=\"https:\/\/www.buroperiodistico.com.mx\/wp-content\/uploads\/2022\/11\/DIFCX-II.jpeg\" alt=\"\" width=\"640\" height=\"360\" srcset=\"https:\/\/www.buroperiodistico.com.mx\/wp-content\/uploads\/2022\/11\/DIFCX-II.jpeg 640w, https:\/\/www.buroperiodistico.com.mx\/wp-content\/uploads\/2022\/11\/DIFCX-II-300x169.jpeg 300w\" sizes=\"auto, (max-width: 640px) 100vw, 640px\" \/><\/p>\n","protected":false},"excerpt":{"rendered":"<p>\u2022 Llevan cientos de apoyos hasta las comunidades de ambos municipios por medio de brigadas&#8230;<\/p>\n","protected":false},"author":1,"featured_media":34726,"comment_status":"open","ping_status":"open","sticky":false,"template":"","format":"standard","meta":{"footnotes":"","jetpack_publicize_message":"","jetpack_publicize_feature_enabled":true,"jetpack_social_post_already_shared":false,"jetpack_social_options":{"image_generator_settings":{"template":"highway","default_image_id":0,"font":"","enabled":false},"version":2}},"categories":[25,10],"tags":[],"class_list":["post-34723","post","type-post","status-publish","format-standard","has-post-thumbnail","hentry","category-portada","category-tamaulipas"],"jetpack_publicize_connections":[],"_links":{"self":[{"href":"https:\/\/www.buroperiodistico.com.mx\/index.php?rest_route=\/wp\/v2\/posts\/34723","targetHints":{"allow":["GET"]}}],"collection":[{"href":"https:\/\/www.buroperiodistico.com.mx\/index.php?rest_route=\/wp\/v2\/posts"}],"about":[{"href":"https:\/\/www.buroperiodistico.com.mx\/index.php?rest_route=\/wp\/v2\/types\/post"}],"author":[{"embeddable":true,"href":"https:\/\/www.buroperiodistico.com.mx\/index.php?rest_route=\/wp\/v2\/users\/1"}],"replies":[{"embeddable":true,"href":"https:\/\/www.buroperiodistico.com.mx\/index.php?rest_route=%2Fwp%2Fv2%2Fcomments&post=34723"}],"version-history":[{"count":0,"href":"https:\/\/www.buroperiodistico.com.mx\/index.php?rest_route=\/wp\/v2\/posts\/34723\/revisions"}],"wp:featuredmedia":[{"embeddable":true,"href":"https:\/\/www.buroperiodistico.com.mx\/index.php?rest_route=\/wp\/v2\/media\/34726"}],"wp:attachment":[{"href":"https:\/\/www.buroperiodistico.com.mx\/index.php?rest_route=%2Fwp%2Fv2%2Fmedia&parent=34723"}],"wp:term":[{"taxonomy":"category","embeddable":true,"href":"https:\/\/www.buroperiodistico.com.mx\/index.php?rest_route=%2Fwp%2Fv2%2Fcategories&post=34723"},{"taxonomy":"post_tag","embeddable":true,"href":"https:\/\/www.buroperiodistico.com.mx\/index.php?rest_route=%2Fwp%2Fv2%2Ftags&post=34723"}],"curies":[{"name":"wp","href":"https:\/\/api.w.org\/{rel}","templated":true}]}}