{"id":34710,"date":"2022-11-17T23:39:38","date_gmt":"2022-11-18T05:39:38","guid":{"rendered":"https:\/\/www.buroperiodistico.com.mx\/?p=34710"},"modified":"2022-11-17T23:39:38","modified_gmt":"2022-11-18T05:39:38","slug":"ofrecio-maki-ortiz-tema-resiliencia-en-conferencia-ante-mas-de-400-jovenes","status":"publish","type":"post","link":"https:\/\/www.buroperiodistico.com.mx\/?p=34710","title":{"rendered":"Ofreci\u00f3 Maki Ortiz tema \u00abResiliencia\u00bb en conferencia ante m\u00e1s de 400 j\u00f3venes"},"content":{"rendered":"<ul>\n<li><strong><em>La Fundaci\u00f3n Jaime Garc\u00eda reconoci\u00f3 su participaci\u00f3n en \u00abCero Adicciones, Prevenir para Vivir\u00bb.<\/em><\/strong><\/li>\n<\/ul>\n<p><strong><img loading=\"lazy\" decoding=\"async\" class=\"alignright  wp-image-34713\" src=\"https:\/\/www.buroperiodistico.com.mx\/wp-content\/uploads\/2022\/11\/MakiOrtiz.jpg\" alt=\"\" width=\"529\" height=\"286\" srcset=\"https:\/\/www.buroperiodistico.com.mx\/wp-content\/uploads\/2022\/11\/MakiOrtiz.jpg 1110w, https:\/\/www.buroperiodistico.com.mx\/wp-content\/uploads\/2022\/11\/MakiOrtiz-300x162.jpg 300w, https:\/\/www.buroperiodistico.com.mx\/wp-content\/uploads\/2022\/11\/MakiOrtiz-1024x554.jpg 1024w, https:\/\/www.buroperiodistico.com.mx\/wp-content\/uploads\/2022\/11\/MakiOrtiz-768x415.jpg 768w\" sizes=\"auto, (max-width: 529px) 100vw, 529px\" \/>Reynosa, Tam (17-Noviembre-2022).-<\/strong> La Doctora Maki Esther Ortiz Dom\u00ednguez, Exalcaldesa de Reynosa, tom\u00f3 parte en la Conferencia \u00abCero Adicciones, Prevenir para Vivir\u00bb, con la ponencia Resiliencia, mensaje dado a m\u00e1s de 400 j\u00f3venes en el auditorio principal del IRCA, donde la Fundaci\u00f3n Jaime Garc\u00eda le entreg\u00f3 un reconocimiento por su exitosa participaci\u00f3n.<\/p>\n<p>\u00abLa Resiliencia es la capacidad que tenemos para salir adelante, superar las crisis traum\u00e1ticas de nuestra vida\u00bb, explic\u00f3 al iniciar su disertaci\u00f3n en el evento organizado por la Fundaci\u00f3n con la colaboraci\u00f3n del Gobierno Municipal, el d\u00eda mi\u00e9rcoles 16 de noviembre.<\/p>\n<p>Hay dos caminos a la Resiliencia, dijo la Doctora Maki Ortiz, los que se han hecho en la lucha, la pena y el dolor y otros, los que con humildad van con el psic\u00f3logo buscando una soluci\u00f3n. \u00abA las personas no resilientes les viene una crisis, un problema; despu\u00e9s lo f\u00e1cil, caes en una depresi\u00f3n, y despu\u00e9s es f\u00e1cil tener una conducta peligrosa, una adicci\u00f3n\u00bb.<\/p>\n<p>Un mensaje de lucha, de superaci\u00f3n ante la enfermedad, ante toda adversidad fue captado por la asistencia a la conferencia en la que la ex Presidente de Reynosa agradeci\u00f3 al ex beisbolista profesional Jaime Omar Garc\u00eda Rodr\u00edguez y al Alcalde Carlos Pe\u00f1a Ortiz por su trabajo a favor de la juventud.<\/p>\n<p>por trabajar juntos por los reynosenses, y dijo que apoyar a los j\u00f3venes con Becas es darles opciones de vida porque hay mucha gente que est\u00e1 dispuesta a levantarse para lograr sus sue\u00f1os.<\/p>\n<p><img loading=\"lazy\" decoding=\"async\" class=\"size-full wp-image-34711 aligncenter\" src=\"https:\/\/www.buroperiodistico.com.mx\/wp-content\/uploads\/2022\/11\/MakiOrtiz-I.jpeg\" alt=\"\" width=\"640\" height=\"427\" srcset=\"https:\/\/www.buroperiodistico.com.mx\/wp-content\/uploads\/2022\/11\/MakiOrtiz-I.jpeg 640w, https:\/\/www.buroperiodistico.com.mx\/wp-content\/uploads\/2022\/11\/MakiOrtiz-I-300x200.jpeg 300w\" sizes=\"auto, (max-width: 640px) 100vw, 640px\" \/> <img loading=\"lazy\" decoding=\"async\" class=\"size-full wp-image-34712 aligncenter\" src=\"https:\/\/www.buroperiodistico.com.mx\/wp-content\/uploads\/2022\/11\/MakiOrtiz-II.jpeg\" alt=\"\" width=\"640\" height=\"426\" srcset=\"https:\/\/www.buroperiodistico.com.mx\/wp-content\/uploads\/2022\/11\/MakiOrtiz-II.jpeg 640w, https:\/\/www.buroperiodistico.com.mx\/wp-content\/uploads\/2022\/11\/MakiOrtiz-II-300x200.jpeg 300w\" sizes=\"auto, (max-width: 640px) 100vw, 640px\" \/><\/p>\n","protected":false},"excerpt":{"rendered":"<p>La Fundaci\u00f3n Jaime Garc\u00eda reconoci\u00f3 su participaci\u00f3n en \u00abCero Adicciones, Prevenir para Vivir\u00bb. Reynosa, Tam&#8230;<\/p>\n","protected":false},"author":1,"featured_media":34713,"comment_status":"open","ping_status":"open","sticky":false,"template":"","format":"standard","meta":{"footnotes":"","jetpack_publicize_message":"","jetpack_publicize_feature_enabled":true,"jetpack_social_post_already_shared":false,"jetpack_social_options":{"image_generator_settings":{"template":"highway","default_image_id":0,"font":"","enabled":false},"version":2}},"categories":[25,9],"tags":[],"class_list":["post-34710","post","type-post","status-publish","format-standard","has-post-thumbnail","hentry","category-portada","category-reynosa"],"jetpack_publicize_connections":[],"_links":{"self":[{"href":"https:\/\/www.buroperiodistico.com.mx\/index.php?rest_route=\/wp\/v2\/posts\/34710","targetHints":{"allow":["GET"]}}],"collection":[{"href":"https:\/\/www.buroperiodistico.com.mx\/index.php?rest_route=\/wp\/v2\/posts"}],"about":[{"href":"https:\/\/www.buroperiodistico.com.mx\/index.php?rest_route=\/wp\/v2\/types\/post"}],"author":[{"embeddable":true,"href":"https:\/\/www.buroperiodistico.com.mx\/index.php?rest_route=\/wp\/v2\/users\/1"}],"replies":[{"embeddable":true,"href":"https:\/\/www.buroperiodistico.com.mx\/index.php?rest_route=%2Fwp%2Fv2%2Fcomments&post=34710"}],"version-history":[{"count":0,"href":"https:\/\/www.buroperiodistico.com.mx\/index.php?rest_route=\/wp\/v2\/posts\/34710\/revisions"}],"wp:featuredmedia":[{"embeddable":true,"href":"https:\/\/www.buroperiodistico.com.mx\/index.php?rest_route=\/wp\/v2\/media\/34713"}],"wp:attachment":[{"href":"https:\/\/www.buroperiodistico.com.mx\/index.php?rest_route=%2Fwp%2Fv2%2Fmedia&parent=34710"}],"wp:term":[{"taxonomy":"category","embeddable":true,"href":"https:\/\/www.buroperiodistico.com.mx\/index.php?rest_route=%2Fwp%2Fv2%2Fcategories&post=34710"},{"taxonomy":"post_tag","embeddable":true,"href":"https:\/\/www.buroperiodistico.com.mx\/index.php?rest_route=%2Fwp%2Fv2%2Ftags&post=34710"}],"curies":[{"name":"wp","href":"https:\/\/api.w.org\/{rel}","templated":true}]}}