{"id":34708,"date":"2022-11-17T22:50:00","date_gmt":"2022-11-18T04:50:00","guid":{"rendered":"https:\/\/www.buroperiodistico.com.mx\/?p=34708"},"modified":"2022-11-17T22:50:00","modified_gmt":"2022-11-18T04:50:00","slug":"agenda-fronteriza-por-humberto-gutierrez-182","status":"publish","type":"post","link":"https:\/\/www.buroperiodistico.com.mx\/?p=34708","title":{"rendered":"AGENDA FRONTERIZA\/ POR HUMBERTO GUTIERREZ"},"content":{"rendered":"<p><strong><em>(17-Noviembre-2022)<\/em><\/strong><\/p>\n<p style=\"text-align: center;\"><strong><em>El General Secretario en un ejercicio de gobernar es saber comunicar<\/em><\/strong><\/p>\n<p>Esta semana es llena de emociones encontradas que pasan en la ciudad capital, centro de los poderes del estado.<\/p>\n<p>Llamaron por tres ocasiones para hablar de amenazas de bombas en el Congreso, en la auditoria superior, en la COEPRIS resultando una falsa alarma provocando caos en los servidores p\u00fablicos.<\/p>\n<p>La noticia dada a conocer por el Secretario del Ayuntamiento del Municipio de Victoria de la determinaci\u00f3n de 120 millones de pesos donde estar\u00eda involucrando a funcionarios p\u00fablicos y empresas de la administraci\u00f3n anterior.<\/p>\n<p>Tambi\u00e9n en el gobierno estatal, la Secretaria de la Contralor\u00eda asegura que han sido citados al menos tres Secretarios y de una docena de servidores p\u00fablicos para que respondan por faltantes u omisiones administrativas todav\u00eda no constitutivas de fraude.<\/p>\n<p>La ex diputada NOHEMI ESTRELLA fue detenida por una orden de arresto por los delitos de privaci\u00f3n de la libertad, golpes y violencia, noticia dada a conocer por el propio Fiscal General de Justicia.<\/p>\n<p>El, d\u00eda de hoy recib\u00ed una invitaci\u00f3n a escuchar lo que sucedido en el \u00e1mbito de Seguridad P\u00fablica expresado por el propio Secretario General SERGIO CHAVEZ GARCIA.<\/p>\n<p>Me parece un claro ejemplo de transparencia de comunicaci\u00f3n a la sociedad. Comunicar es gobernar o gobernar es comunicar. Son dos caras de una misma realidad. En la sociedad medi\u00e1tica en la que vivimos, en el futuro lo ser\u00e1 todav\u00eda m\u00e1s, el gobernante est\u00e1 obligado a comunicarse. Es exigencia de la democracia y la pol\u00edtica.<\/p>\n<p>Y adem\u00e1s, no caer en el juego perverso que mal informan en la redes sociales que lo permiten.<\/p>\n<p>En una sociedad democr\u00e1tica el gobierno tiene la obligaci\u00f3n de informar y el ciudadano el derecho a ser informado. As\u00ed, la comunicaci\u00f3n gubernamental tiene su fundamento social y pol\u00edtico.<\/p>\n<p>El comunicar es gobernar, no funciona por s\u00ed mismo y requiere de relaciones con los medios.<\/p>\n<p>Ya ve como estuvo la comunicaci\u00f3n en los \u00faltimos 10 a\u00f1os. desastrosa.<\/p>\n<p>De otro lado est\u00e1 la racionalidad pol\u00edtica. El gobierno que no se comunica no logra posicionar la acci\u00f3n que realiza su gobierno por buena que \u00e9sta sea, y al no estar presente en el cociente colectivo, tiende pronto a desaparecer del imaginario p\u00fablico, y eso reduce su capacidad de entendimiento de la sociedad.<\/p>\n<p>Cabeza y Egidio, no supieron comunicar.<\/p>\n<p>Prueba de ello, es que tienen mala imagen p\u00fablica.<\/p>\n<p>Un gobernante, si es un buen comunicador, puede mantener una buena percepci\u00f3n de parte de la ciudadan\u00eda, incluso sin ofrecer resultados, entre seis meses y un a\u00f1o. A partir de ese momento la sola comunicaci\u00f3n no sirve, e incluso se revierte.<\/p>\n<p>En ese contexto, el General Secretario de Seguridad P\u00fablica inform\u00f3 hoy en la ma\u00f1ana de los primeros 45 d\u00edas de gobierno, de c\u00f3mo se recibe la dependencia.<\/p>\n<p>Tiene tablas el General Secretario con 66 a\u00f1os de edad, conoce Tamaulipas ya que ha estado en varias ocasiones en el estado, primero como comandante del D\u00e9cimo Noveno Regimiento y luego de la Octava Zona, como director del instituto de capacitaci\u00f3n de la Sedena y de directivo en Grupo R\u00edo San Juan, y tras 4 a\u00f1os y medio como secretario de Seguridad P\u00fablica en el Estado de M\u00e9xico regresa a Tamaulipas con ese mismo cargo.<\/p>\n<p>As\u00ed que sabe lo que habla, fundamentado y objetivo.<\/p>\n<p>Aunque tiene hasta fin de mes para rendir formalmente el informe, asegur\u00f3 que ha citado al secretario anterior y funcionarios para aclarar porque no est\u00e1n funcionando los cuatro helic\u00f3pteros, necesitan varios millones de pesos para echarlos a volar.<\/p>\n<p>Recibi\u00f3, dijo el General Secretario 400 patrullas paradas, sin moverse y un personal que no estaba obligado a cumplir el reglamento de trabajo, la prueba es que 650 se encuentran en proceso de castigos disciplinarios.<\/p>\n<p>Dijo que a nadie ha corrido, pero que en Tamaulipas hay libertad de empleo, el que se quiera ir, sabe d\u00f3nde est\u00e1 la puerta.<\/p>\n<p>Creo que le a ir bien a Tamaulipas en el \u00e1rea de seguridad.<\/p>\n<p>Ultimo comentario, el General Secretario lamenta que no est\u00e9n baja su f\u00e9rula los Centros de Comando, centros de inteligencia e informaci\u00f3n porque est\u00e1n a cargo de la Fiscal\u00eda.<\/p>\n<p>Lament\u00f3 tambi\u00e9n las noticias falsas<\/p>\n<p>Apenas ayer publique las elecciones que vienen, y hoy sali\u00f3 publicada la convocatoria para la elecci\u00f3n de la directiva sindical de la secci\u00f3n del SNTE de Tamaulipas.<\/p>\n<p>Las elecciones se llevar\u00e1n el d\u00eda 9 de diciembre.<\/p>\n<p>A la elecci\u00f3n del Senador se suman y apuntan para competir por el partido MORENA el mism\u00edsimo AMERICO VILLARREAL SANTIAGO, contracorriente ENRIQUE YA\u00d1EZ y CARLOS ENRIQUE CANTUROSAS, JR\u00b4<\/p>\n<p>Por el PRI, el \u00fanico que ha levantado la mano es RAMIRO RAMOS SALINAS.<\/p>\n<p>Por el PAN, el que quieran los Cabeza de Vaca.<\/p>\n<p>Si se ponen de acuerdo, sabiendo que van a perder.<\/p>\n<p>Mi correo: <a href=\"mailto:humbertografico@yahoo.com.mx\">humbertografico@yahoo.com.mx<\/a><\/p>\n","protected":false},"excerpt":{"rendered":"<p>(17-Noviembre-2022) El General Secretario en un ejercicio de gobernar es saber comunicar Esta semana es&#8230;<\/p>\n","protected":false},"author":1,"featured_media":213,"comment_status":"open","ping_status":"open","sticky":false,"template":"","format":"standard","meta":{"footnotes":"","jetpack_publicize_message":"","jetpack_publicize_feature_enabled":true,"jetpack_social_post_already_shared":false,"jetpack_social_options":{"image_generator_settings":{"template":"highway","default_image_id":0,"font":"","enabled":false},"version":2}},"categories":[23],"tags":[],"class_list":["post-34708","post","type-post","status-publish","format-standard","has-post-thumbnail","hentry","category-columnas"],"jetpack_publicize_connections":[],"_links":{"self":[{"href":"https:\/\/www.buroperiodistico.com.mx\/index.php?rest_route=\/wp\/v2\/posts\/34708","targetHints":{"allow":["GET"]}}],"collection":[{"href":"https:\/\/www.buroperiodistico.com.mx\/index.php?rest_route=\/wp\/v2\/posts"}],"about":[{"href":"https:\/\/www.buroperiodistico.com.mx\/index.php?rest_route=\/wp\/v2\/types\/post"}],"author":[{"embeddable":true,"href":"https:\/\/www.buroperiodistico.com.mx\/index.php?rest_route=\/wp\/v2\/users\/1"}],"replies":[{"embeddable":true,"href":"https:\/\/www.buroperiodistico.com.mx\/index.php?rest_route=%2Fwp%2Fv2%2Fcomments&post=34708"}],"version-history":[{"count":0,"href":"https:\/\/www.buroperiodistico.com.mx\/index.php?rest_route=\/wp\/v2\/posts\/34708\/revisions"}],"wp:featuredmedia":[{"embeddable":true,"href":"https:\/\/www.buroperiodistico.com.mx\/index.php?rest_route=\/wp\/v2\/media\/213"}],"wp:attachment":[{"href":"https:\/\/www.buroperiodistico.com.mx\/index.php?rest_route=%2Fwp%2Fv2%2Fmedia&parent=34708"}],"wp:term":[{"taxonomy":"category","embeddable":true,"href":"https:\/\/www.buroperiodistico.com.mx\/index.php?rest_route=%2Fwp%2Fv2%2Fcategories&post=34708"},{"taxonomy":"post_tag","embeddable":true,"href":"https:\/\/www.buroperiodistico.com.mx\/index.php?rest_route=%2Fwp%2Fv2%2Ftags&post=34708"}],"curies":[{"name":"wp","href":"https:\/\/api.w.org\/{rel}","templated":true}]}}